{"id":94650,"date":"2025-11-19T20:34:13","date_gmt":"2025-11-19T20:34:13","guid":{"rendered":"https:\/\/www.europesays.com\/fi\/94650\/"},"modified":"2025-11-19T20:34:13","modified_gmt":"2025-11-19T20:34:13","slug":"pakki-sai-pakit-kookoo-ei-vastannut-puhelimeen-vaan-haki-turusta-kaksi-pistetta-tpslta-jatkoaika-com","status":"publish","type":"post","link":"https:\/\/www.europesays.com\/fi\/94650\/","title":{"rendered":"Pakki sai pakit: KooKoo ei vastannut puhelimeen, vaan haki Turusta kaksi pistett\u00e4 TPS:lt\u00e4 &#8211; Jatkoaika.com"},"content":{"rendered":"<ol>\n<li><a href=\"https:\/\/news.google.com\/rss\/articles\/CBMi7gFBVV95cUxNX1lQOUdjNlFIWVpuTU8tMTZCMWE3UXRJbnUyem1OenktNEw1YVBMVmNTN09rbFhJUFVBUWJUVF8tUXdidEpVTHEtTVpadjEySC1fSGxZdy1DU3JHOUNuc0Nnc1RFSmRoTlQ0U284cWF1M3pSNzdTMlBhckxkbVZZNl9UbEg5V2xlMWxjVXF3ckZTM1doWnlQSkQ2WHljdzNRdFF1Y3Vwck5RMGxDU1hFMVpZYlM5c1VJWUhwOUJKazBxNE4tVm51bm8zenNEeS1MS3hJc2EyekR1MWtqYktYdjFwWGdmeVNOSTBXVGFB?oc=5\" target=\"_blank\" rel=\"nofollow noopener\">Pakki sai pakit: KooKoo ei vastannut puhelimeen, vaan haki Turusta kaksi pistett\u00e4 TPS:lt\u00e4<\/a>&nbsp;&nbsp;Jatkoaika.com<\/li>\n<li><a href=\"https:\/\/news.google.com\/rss\/articles\/CBMiSEFVX3lxTE1oQlZSekZYSVpFVVp0Vmo4dFR6cWoxNl83VTNZV0ZJVUdvaTZqWkFyNFpMOHpYaDhyY2xLLWZNRzRsanpXQy1Hag?oc=5\" target=\"_blank\" rel=\"nofollow noopener\">TS seurasi: KooKoon vahva putki Palloseuraa vastaan sai jatkoa, t\u00e4ll\u00e4 kertaa jatkoajalla<\/a>&nbsp;&nbsp;ts.fi<\/li>\n<li><a href=\"https:\/\/news.google.com\/rss\/articles\/CBMitwFBVV95cUxOSzczZEhMOS0xQlNXWlM0TDZtVFRTTkEtRjB6THFxTkRBSnZRUVMwT3kzM0RSTUlmNGVoVmtFd0o4NDBXN0pwd2d3bHp5VlM5TVdDb2VfQjRvS1JuVlJCLU5VdUNhdG54WEstbng4UXNoa1RPMW1VTzdCR1JGM250U1dwUWE0TEVWc2RVR0NCd25FNUNVMHduekl0UE1sa2lBb1NaODJxdnZXdmROajNobUMwM0Q4eVk?oc=5\" target=\"_blank\" rel=\"nofollow noopener\">TPS aloittaa kolmen ottelun viikon \u2013 KooKoo saapuu keskiviikkona Turkuun<\/a>&nbsp;&nbsp;Etusivu | TPS<\/li>\n<li><a href=\"https:\/\/news.google.com\/rss\/articles\/CBMiSkFVX3lxTFA2ejBERFNlYUFTd3V5REZCeko4NVB5aVpKUDFnNmUtSDViaXBLU2FOTFN1R2QzWC0yMXNnS1YzN08tSGdoVXZnbE9B?oc=5\" target=\"_blank\" rel=\"nofollow noopener\">KooKoo kukisti TPS:n jatkoajalla ja venytti vieraspelien voittoputkeaan<\/a>&nbsp;&nbsp;Etel\u00e4-Suomen Sanomat<\/li>\n<li><a href=\"https:\/\/news.google.com\/rss\/articles\/CBMiSEFVX3lxTE1wcWlENkVuTWZMU1pBcVc1UlBqVjYzYkFHTjFjejlTa1JaQTRPM2RSbk9VakhJcGRuQktpRnZER3ZYZnVSdUQ0Tg?oc=5\" target=\"_blank\" rel=\"nofollow noopener\">KooKoo jatkoi Palloseuran kurittamista \u2013 maalintekij\u00e4 Rafkin per\u00e4\u00e4nkuuluttaa turkulaisilta tilannelujuutta<\/a>&nbsp;&nbsp;ts.fi<\/li>\n<\/ol>\n","protected":false},"excerpt":{"rendered":"Pakki sai pakit: KooKoo ei vastannut puhelimeen, vaan haki Turusta kaksi pistett\u00e4 TPS:lt\u00e4&nbsp;&nbsp;Jatkoaika.com TS seurasi: KooKoon vahva putki&hellip;\n","protected":false},"author":2,"featured_media":94651,"comment_status":"","ping_status":"","sticky":false,"template":"","format":"standard","meta":{"footnotes":""},"categories":[158],"tags":[33,31,30,18611,159,32,160,18612],"class_list":{"0":"post-94650","1":"post","2":"type-post","3":"status-publish","4":"format-standard","5":"has-post-thumbnail","7":"category-urheilu","8":"tag-fi","9":"tag-finland","10":"tag-finnish","11":"tag-pakki-sai-pakit-kookoo-ei-vastannut-puhelimeen","12":"tag-sports","13":"tag-suomi","14":"tag-urheilu","15":"tag-vaan-haki-turusta-kaksi-pistetta-tpslta-19-11-2025-tps-kookoo-liiga-kuvakoosteet-jatkoaika-com-kaikki-jaakiekosta"},"share_on_mastodon":{"url":"https:\/\/pubeurope.com\/@fi\/115578278134306059","error":""},"_links":{"self":[{"href":"https:\/\/www.europesays.com\/fi\/wp-json\/wp\/v2\/posts\/94650","targetHints":{"allow":["GET"]}}],"collection":[{"href":"https:\/\/www.europesays.com\/fi\/wp-json\/wp\/v2\/posts"}],"about":[{"href":"https:\/\/www.europesays.com\/fi\/wp-json\/wp\/v2\/types\/post"}],"author":[{"embeddable":true,"href":"https:\/\/www.europesays.com\/fi\/wp-json\/wp\/v2\/users\/2"}],"replies":[{"embeddable":true,"href":"https:\/\/www.europesays.com\/fi\/wp-json\/wp\/v2\/comments?post=94650"}],"version-history":[{"count":0,"href":"https:\/\/www.europesays.com\/fi\/wp-json\/wp\/v2\/posts\/94650\/revisions"}],"wp:featuredmedia":[{"embeddable":true,"href":"https:\/\/www.europesays.com\/fi\/wp-json\/wp\/v2\/media\/94651"}],"wp:attachment":[{"href":"https:\/\/www.europesays.com\/fi\/wp-json\/wp\/v2\/media?parent=94650"}],"wp:term":[{"taxonomy":"category","embeddable":true,"href":"https:\/\/www.europesays.com\/fi\/wp-json\/wp\/v2\/categories?post=94650"},{"taxonomy":"post_tag","embeddable":true,"href":"https:\/\/www.europesays.com\/fi\/wp-json\/wp\/v2\/tags?post=94650"}],"curies":[{"name":"wp","href":"https:\/\/api.w.org\/{rel}","templated":true}]}}