{"id":94687,"date":"2025-11-19T21:27:08","date_gmt":"2025-11-19T21:27:08","guid":{"rendered":"https:\/\/www.europesays.com\/fi\/94687\/"},"modified":"2025-11-19T21:27:08","modified_gmt":"2025-11-19T21:27:08","slug":"sanna-marin-vaihtoi-vapaalle-seiska","status":"publish","type":"post","link":"https:\/\/www.europesays.com\/fi\/94687\/","title":{"rendered":"Sanna Marin vaihtoi vapaalle | Seiska"},"content":{"rendered":"<p>            Timo Korhonen\n        <\/p>\n<p class=\"subtitle \">Sanna Marin on kierrellyt Yhdysvaltoja kirjaansa promoten.<\/p>\n<p class=\"article-content article-content-width !bg-background\"> t\u00e4ytti py\u00f6re\u00e4t 40 vuotta sunnuntaina (16.11.).\u00a0<\/p>\n<p class=\"font-weight-bold m-font-weight-bold article-content article-content-width !bg-background\">Katso video: Sanna Marin vietti kirjajulkkareitaan Helsingiss\u00e4<\/p>\n<p class=\"article-content article-content-width !bg-background\">Syntt\u00e4reit\u00e4\u00e4n Sanna juhlisti Suomessa yst\u00e4viens\u00e4 kanssa Helsingiss\u00e4.\u00a0 Ex-p\u00e4\u00e4ministeri julkaisi lauantai-iltana Instagram-videotarinoissaan kuvia illanvietostaan. <\/p>\n<p class=\"article-content article-content-width !bg-background\">Sanna juhli syntt\u00e4reit\u00e4\u00e4n esimerkiksi kampaajakultansa\u00a0\u00a0seurassa.\u00a0<\/p>\n<p class=\"article-content article-content-width !bg-background\">Aiemmin pariskunta oli erohuhujen keski\u00f6ss\u00e4, mutta tuoreimpien julkaisujen perusteella pariskunnalla pyyhkii sangen hyvin, vaikka Sanna joutuukin t\u00f6idens\u00e4 puolesta pyyh\u00e4lt\u00e4m\u00e4\u00e4n ymp\u00e4ri palloa.<\/p>\n<p>        <a itemprop=\"url\" href=\"https:\/\/www.seiska.fi\/kotimaa\/sanna-marin-ja-joni-rakas-suhteen-tilasta-uutta-tietoa\/1994351\" rel=\"nofollow noopener\" target=\"_blank\"><\/p>\n<p>\nSanna Marin ja Joni-rakas\n<\/p>\n<p class=\"section-date\">\n        <strong class=\"article-section\" data-section=\"kotimaa\"><br \/>\n            kotimaa<br \/>\n        <\/strong><br \/>\n        16.11. 17:30\n    <\/p>\n<p>Sanna Marin ja Joni-rakas: suhteen tilasta uutta tietoa\n    <\/p>\n<p itemprop=\"description\" class=\"subtitle \">\n    Sannan syntt\u00e4rijuhlat puhuttavat.\n<\/p>\n<p>        <\/a><\/p>\n<p>Paluu rapakon taakse<\/p>\n<p class=\"article-content article-content-width !bg-background\">Sittemmin ty\u00f6t taas kutsuivat, ja sanna palasi Yhdysvaltoihin, jossa h\u00e4n on jo kiert\u00e4nyt ahkerasti promoamassa uutuuskirjaansa Hope is Action: A Memoir About the Courage to Lead  (suom. Toivo on tekoja, Gummerus).<\/p>\n<p class=\"article-content article-content-width !bg-background\">Tiistaina (18.11.) Sanna julkaisi Instagram-tarinoissaan upean kuvan pilvien peitossa olevista vuorista.\u00a0<\/p>\n<p class=\"article-content article-content-width !bg-background\"> \u2013 T\u00e4m\u00e4 viikko LA:ssa kirjakiertueeni takia, h\u00e4n kirjoitti vapaasti suomennettuna valokuvan yhteyteen.<\/p>\n<p>        <a itemprop=\"url\" href=\"https:\/\/www.seiska.fi\/katso\/katsojat-raivostuivat-ylen-ohjelman-sanna-marin-vitseille-koomikolta-viiltava-kuitti\/1990832\" rel=\"nofollow noopener\" target=\"_blank\"><\/p>\n<p>\nSanna Marin\n<\/p>\n<p class=\"section-date\">\n        <strong class=\"article-section\" data-section=\"katso\"><br \/>\n            katso<br \/>\n        <\/strong><br \/>\n        12.11. 11:15\n    <\/p>\n<p>Katsojat raivostuivat Ylen ohjelman Sanna Marin -vitseille \u2013 koomikolta viilt\u00e4v\u00e4 kuitti\n    <\/p>\n<p itemprop=\"description\" class=\"subtitle \">\n    Kovan viikon ilta -ohjelman lauantainen jakso on saanut aikaan keskustelun. Osan mielest\u00e4 vitsit Sanna Marinista olivat jo aikaansa el\u00e4neit\u00e4.\n<\/p>\n<p>        <\/a><\/p>\n<p>Taidetta LA:ssa<\/p>\n<p class=\"article-content article-content-width !bg-background\">Pelkk\u00e4\u00e4 ty\u00f6t\u00e4 ei Los Angelsin -reissu onneksi ole. Sanna julkaisi keskiviikkona (19.11.) Instagram-sivullaan kuvia taidemuseoista, jossa on kerennyt piipahtamaan.<\/p>\n<p class=\"article-content article-content-width !bg-background\"> \u2013 Taidetta LA:ssa, Sanna on kirjoittanut julkaisuunsa vapaasti suomennettuna.<\/p>\n<p class=\"article-content article-content-width !bg-background\">Kuvia on sek\u00e4 Getty Museumista ett\u00e4 The Broad Museumista. Julkaisussa ensimm\u00e4isen\u00e4 on ihastuttava video, jossa Sanna k\u00e4velee p\u00e4iv\u00e4npaisteesta nautiskellen Getty Museumin ymp\u00e4rist\u00f6ss\u00e4.<\/p>\n<p>        <a itemprop=\"url\" href=\"https:\/\/www.seiska.fi\/kotimaa\/sanna-marin-upeissa-kuvissa-kampaajarakkaalta-paljonpuhuva-kommentti\/1986092\" rel=\"nofollow noopener\" target=\"_blank\"><\/p>\n<p>\nSanna Marin upeissa kuvissa\n<\/p>\n<p class=\"section-date\">\n        <strong class=\"article-section\" data-section=\"kotimaa\"><br \/>\n            kotimaa<br \/>\n        <\/strong><br \/>\n        6.11. 20:30\n    <\/p>\n<p>Sanna Marin upeissa kuvissa \u2013 kampaajarakkaalta paljonpuhuva kommentti\n    <\/p>\n<p itemprop=\"description\" class=\"subtitle \">\n    Ex-p\u00e4\u00e4ministerin kuvat her\u00e4tt\u00e4v\u00e4t ihastusta.\n<\/p>\n<p>        <\/a><\/p>\n<p class=\"article-content article-content-width !bg-background\">Julkaisussa on useita kuvia taideteoksista, joita Sanna on p\u00e4\u00e4ssyt tutkailemaan.<\/p>\n<p class=\"article-content article-content-width !bg-background\">Julkaisussa viimeisen\u00e4 on hehke\u00e4 selfie, jossa valkoiseen asuun pukeutunut Sanna poseeraa kevyt meikki kasvoillaan. Sanna on vet\u00e4nyt hiuksensa niskaan poninh\u00e4nn\u00e4lle ja n\u00e4ytt\u00e4\u00e4 sangen tyytyv\u00e4iselt\u00e4 hymy huulillaan.<\/p>\n","protected":false},"excerpt":{"rendered":"Timo Korhonen Sanna Marin on kierrellyt Yhdysvaltoja kirjaansa promoten. t\u00e4ytti py\u00f6re\u00e4t 40 vuotta sunnuntaina (16.11.).\u00a0 Katso video: Sanna&hellip;\n","protected":false},"author":2,"featured_media":94688,"comment_status":"","ping_status":"","sticky":false,"template":"","format":"standard","meta":{"footnotes":""},"categories":[130],"tags":[137,33,31,30,18616,212,4343,2799,32,410,10725,109],"class_list":{"0":"post-94687","1":"post","2":"type-post","3":"status-publish","4":"format-standard","5":"has-post-thumbnail","7":"category-viihde","8":"tag-entertainment","9":"tag-fi","10":"tag-finland","11":"tag-finnish","12":"tag-kirjakiertue","13":"tag-lifestyle","14":"tag-los-angeles","15":"tag-sanna-marin","16":"tag-suomi","17":"tag-syntymapaiva","18":"tag-taidemuseo","19":"tag-viihde"},"share_on_mastodon":{"url":"https:\/\/pubeurope.com\/@fi\/115578486326370705","error":""},"_links":{"self":[{"href":"https:\/\/www.europesays.com\/fi\/wp-json\/wp\/v2\/posts\/94687","targetHints":{"allow":["GET"]}}],"collection":[{"href":"https:\/\/www.europesays.com\/fi\/wp-json\/wp\/v2\/posts"}],"about":[{"href":"https:\/\/www.europesays.com\/fi\/wp-json\/wp\/v2\/types\/post"}],"author":[{"embeddable":true,"href":"https:\/\/www.europesays.com\/fi\/wp-json\/wp\/v2\/users\/2"}],"replies":[{"embeddable":true,"href":"https:\/\/www.europesays.com\/fi\/wp-json\/wp\/v2\/comments?post=94687"}],"version-history":[{"count":0,"href":"https:\/\/www.europesays.com\/fi\/wp-json\/wp\/v2\/posts\/94687\/revisions"}],"wp:featuredmedia":[{"embeddable":true,"href":"https:\/\/www.europesays.com\/fi\/wp-json\/wp\/v2\/media\/94688"}],"wp:attachment":[{"href":"https:\/\/www.europesays.com\/fi\/wp-json\/wp\/v2\/media?parent=94687"}],"wp:term":[{"taxonomy":"category","embeddable":true,"href":"https:\/\/www.europesays.com\/fi\/wp-json\/wp\/v2\/categories?post=94687"},{"taxonomy":"post_tag","embeddable":true,"href":"https:\/\/www.europesays.com\/fi\/wp-json\/wp\/v2\/tags?post=94687"}],"curies":[{"name":"wp","href":"https:\/\/api.w.org\/{rel}","templated":true}]}}