{"id":94691,"date":"2025-11-19T21:31:10","date_gmt":"2025-11-19T21:31:10","guid":{"rendered":"https:\/\/www.europesays.com\/fi\/94691\/"},"modified":"2025-11-19T21:31:10","modified_gmt":"2025-11-19T21:31:10","slug":"liettua-avaa-valko-venajan-vastaisen-rajan-uudelleen-uutisia-lyhyesti","status":"publish","type":"post","link":"https:\/\/www.europesays.com\/fi\/94691\/","title":{"rendered":"Liettua avaa Valko-\u00adVen\u00e4j\u00e4n vastaisen rajan uudelleen | Uutisia lyhyesti"},"content":{"rendered":"<p class=\"aw-1gybjub aw-5vja16 kEtdKx kmuxyA yle__article__paragraph\">Liettua sulki rajansa, kun sen yli lenn\u00e4tettiin ilma\u00adpalloja, jotka h\u00e4iritsiv\u00e4t lento\u00adliikennett\u00e4.<\/p>\n<p><img decoding=\"async\" alt=\"Kaksi Liettuan rajavartijaa partioi Valko-Ven\u00e4j\u00e4n ja Liettuan v\u00e4lisell\u00e4 rajalla.\" src=\"https:\/\/www.europesays.com\/fi\/wp-content\/uploads\/2025\/11\/39-1556508691e10d14f650.jpeg\" class=\"aw-1l9m598 hKVVvP\"\/><\/p>\n<p>Avaa kuvien katselu<\/p>\n<p>Liettuan rajavartijat partioivat Valko-Ven\u00e4j\u00e4n ja Liettuan v\u00e4lisell\u00e4 rajalla Dieveniskesiss\u00e4 hein\u00e4kuussa 2023. Kuva: Omar Marques \/ Getty Images<\/p>\n<p class=\"aw-1gybjub aw-1p7kakr kEtdKx cEmitX yle__article__paragraph\">Liettua avaa uudelleen rajanylityspaikkansa Valko-Ven\u00e4j\u00e4n kanssa.<\/p>\n<p class=\"aw-1gybjub aw-1p7kakr kEtdKx cEmitX yle__article__paragraph\">Raja suljettiin, kun salakuljettajien lenn\u00e4tt\u00e4m\u00e4t <a class=\"aw-iao6s4 iHOxEa yle__article__link\" href=\"https:\/\/yle.fi\/a\/74-20186703\" role=\"link\" rel=\"nofollow noopener\" target=\"_blank\">ilmapallot keskeyttiv\u00e4t<\/a> Vilnan lentoaseman liikenteen useita kertoja lokakuussa. Palloissa kuljetettiin halpoja savukkeita.<\/p>\n<p class=\"aw-1gybjub aw-1p7kakr kEtdKx cEmitX yle__article__paragraph\">Liettuan p\u00e4\u00e4ministerin tiedottaja kertoi, ett\u00e4 kaksi rajanylityspaikkaa avataan huomenna torstaina. Maiden v\u00e4lill\u00e4 on yhteens\u00e4 kuusi rajanylityspaikkaa.<\/p>\n<p class=\"aw-1gybjub aw-1p7kakr kEtdKx cEmitX yle__article__paragraph\">Viel\u00e4 lokakuussa Liettua sanoi, ett\u00e4 rajat pysyisiv\u00e4t kiinni marraskuun loppuun saakka. Lentoliikenteen vaarailmoitusten m\u00e4\u00e4r\u00e4 on kuitenkin v\u00e4hentynyt viime viikkoina. Vilnan lentokentt\u00e4 suljettiin viimeksi kahdeksan p\u00e4iv\u00e4\u00e4 sitten.<\/p>\n<p class=\"aw-1gybjub aw-1p7kakr kEtdKx cEmitX yle__article__paragraph\">My\u00f6s Puola avasi t\u00e4ll\u00e4 viikolla uudelleen kaksi rajanylityspaikkaa Valko-Ven\u00e4j\u00e4n kanssa Liettuan l\u00e4heisyydess\u00e4. Ne olivat olleet kiinni kaksi viikkoa solidaarisuuden osoituksena naapurilleen.<\/p>\n<p class=\"aw-1gybjub aw-1p7kakr kEtdKx cEmitX yle__article__paragraph\">Liettua on aiemmin syytt\u00e4nyt Valko-Ven\u00e4j\u00e4n presidentti <strong class=\"aw-ak79eh KyCXm yle__article__strong\">Aljaksandr Luka\u0161enkaa<\/strong> siit\u00e4, ettei t\u00e4m\u00e4 pys\u00e4ytt\u00e4nyt ilmapallojen lenn\u00e4tt\u00e4mist\u00e4. Se on kutsunut tapahtumia hybridihy\u00f6kk\u00e4ykseksi.<\/p>\n<p class=\"aw-1gybjub aw-1p7kakr kEtdKx cEmitX yle__article__paragraph\">Luka\u0161enka on puolestaan kutsunut rajan sulkemista hulluksi huijaukseksi. H\u00e4n on syytt\u00e4nyt l\u00e4nsimaita hybridisodan k\u00e4ymisest\u00e4 Valko-Ven\u00e4j\u00e4\u00e4 ja Ven\u00e4j\u00e4\u00e4 vastaan.<\/p>\n<p class=\"aw-1gybjub aw-1p7kakr kEtdKx cEmitX yle__article__paragraph\">L\u00e4hde: Reuters<\/p>\n","protected":false},"excerpt":{"rendered":"Liettua sulki rajansa, kun sen yli lenn\u00e4tettiin ilma\u00adpalloja, jotka h\u00e4iritsiv\u00e4t lento\u00adliikennett\u00e4. Avaa kuvien katselu Liettuan rajavartijat partioivat Valko-Ven\u00e4j\u00e4n&hellip;\n","protected":false},"author":2,"featured_media":94692,"comment_status":"","ping_status":"","sticky":false,"template":"","format":"standard","meta":{"footnotes":""},"categories":[14],"tags":[22,23,26,27,33,31,30,17,16019,24,25,8251,1161,28,29,15,18,21,4272,13029,32,19,20,56,16,3194,59,60,61],"class_list":{"0":"post-94691","1":"post","2":"type-post","3":"status-publish","4":"format-standard","5":"has-post-thumbnail","7":"category-ulkomaat","8":"tag-breaking-news","9":"tag-breakingnews","10":"tag-featured-news","11":"tag-featurednews","12":"tag-fi","13":"tag-finland","14":"tag-finnish","15":"tag-headlines","16":"tag-ilmapallot","17":"tag-latest-news","18":"tag-latestnews","19":"tag-liettua","20":"tag-liikenne","21":"tag-main-news","22":"tag-mainnews","23":"tag-news","24":"tag-otsikot","25":"tag-paauutiset","26":"tag-rajavalvonta","27":"tag-savukkeet","28":"tag-suomi","29":"tag-top-stories","30":"tag-topstories","31":"tag-ulkomaat","32":"tag-uutiset","33":"tag-valko-venaja","34":"tag-world","35":"tag-world-news","36":"tag-worldnews"},"share_on_mastodon":{"url":"https:\/\/pubeurope.com\/@fi\/115578502416723283","error":""},"_links":{"self":[{"href":"https:\/\/www.europesays.com\/fi\/wp-json\/wp\/v2\/posts\/94691","targetHints":{"allow":["GET"]}}],"collection":[{"href":"https:\/\/www.europesays.com\/fi\/wp-json\/wp\/v2\/posts"}],"about":[{"href":"https:\/\/www.europesays.com\/fi\/wp-json\/wp\/v2\/types\/post"}],"author":[{"embeddable":true,"href":"https:\/\/www.europesays.com\/fi\/wp-json\/wp\/v2\/users\/2"}],"replies":[{"embeddable":true,"href":"https:\/\/www.europesays.com\/fi\/wp-json\/wp\/v2\/comments?post=94691"}],"version-history":[{"count":0,"href":"https:\/\/www.europesays.com\/fi\/wp-json\/wp\/v2\/posts\/94691\/revisions"}],"wp:featuredmedia":[{"embeddable":true,"href":"https:\/\/www.europesays.com\/fi\/wp-json\/wp\/v2\/media\/94692"}],"wp:attachment":[{"href":"https:\/\/www.europesays.com\/fi\/wp-json\/wp\/v2\/media?parent=94691"}],"wp:term":[{"taxonomy":"category","embeddable":true,"href":"https:\/\/www.europesays.com\/fi\/wp-json\/wp\/v2\/categories?post=94691"},{"taxonomy":"post_tag","embeddable":true,"href":"https:\/\/www.europesays.com\/fi\/wp-json\/wp\/v2\/tags?post=94691"}],"curies":[{"name":"wp","href":"https:\/\/api.w.org\/{rel}","templated":true}]}}