{"id":94695,"date":"2025-11-19T21:33:09","date_gmt":"2025-11-19T21:33:09","guid":{"rendered":"https:\/\/www.europesays.com\/fi\/94695\/"},"modified":"2025-11-19T21:33:09","modified_gmt":"2025-11-19T21:33:09","slug":"tennistahti-paula-julkaisi-flirttailevia-kuvia-seksikas-ja-sinkku","status":"publish","type":"post","link":"https:\/\/www.europesays.com\/fi\/94695\/","title":{"rendered":"Tennist\u00e4hti Paula julkaisi flirttailevia kuvia \u2013 \u201dSeksik\u00e4s ja sinkku\u201d"},"content":{"rendered":"<p>Paula Badosa vahvistaa eronneensa.<\/p>\n<p><img decoding=\"async\" class=\"image image-show image-preview\" src=\"https:\/\/www.europesays.com\/fi\/wp-content\/uploads\/2025\/11\/03615d8e094c892f285df298e3be91183fa3b5f8302047dbef4709a377f16ea5.jpg\" alt=\"\"\/><img decoding=\"async\" class=\"image image-show\" src=\"https:\/\/www.europesays.com\/fi\/wp-content\/uploads\/2025\/11\/1763587989_799_03615d8e094c892f285df298e3be91183fa3b5f8302047dbef4709a377f16ea5.jpg\" alt=\"\"\/><\/p>\n<p>Paula Badosan erosta on huhuiltu jo pitk\u00e4\u00e4n. AOP<\/p>\n<p class=\"paragraph\">Tennist\u00e4hdet <a href=\"https:\/\/www.iltalehti.fi\/henkilot\/Paula Badosa\" class=\"article-link-person-page\" rel=\"nofollow noopener\" target=\"_blank\">Paula Badosa<\/a>, 28, ja <a href=\"https:\/\/www.iltalehti.fi\/henkilot\/St\u00e9fanos Tsitsip\u00e1s\" class=\"article-link-person-page\" rel=\"nofollow noopener\" target=\"_blank\">Stefanos Tsitsipas<\/a>, 27, ovat eronneet.<\/p>\n<p class=\"paragraph\">Badosa vahvistaa asian Instagramissa. H\u00e4n julkaisi syntym\u00e4p\u00e4iviens\u00e4 kunniaksi kuvia, joissa h\u00e4nell\u00e4 oli yll\u00e4\u00e4n kaksi paljon puhuvaa olkanauhaa.<\/p>\n<p class=\"paragraph\">\u2013 Seksik\u00e4s ja sinkku, yhdess\u00e4 nauhassa luki.<\/p>\n<p class=\"paragraph\">\u2013 28 ja yh\u00e4 t\u00e4ys kymppi, toisessa komeili.<\/p>\n<p class=\"paragraph\">Espanjalaisen syntym\u00e4p\u00e4iv\u00e4kakkuun oli puolestaan kirjoitettu, ett\u00e4 h\u00e4n on \u201dkuumempi kuin koskaan\u201d.<\/p>\n<p class=\"paragraph\">Badosan ja Tsitsipasin erosta alkoi liikkua huhuja jo kes\u00e4\u2013hein\u00e4kuussa, kun he poistivat sosiaalisesta mediasta yhteiskuvansa ja lakkasivat seuraamasta toisiaan.<\/p>\n<p class=\"paragraph\">Tsitsipas julkaisi X:ss\u00e4 kryptisi\u00e4 kommentteja, joissa h\u00e4n vihjasi tulleensa \u201dtuhotuksi\u201d.<\/p>\n<p class=\"paragraph\">Pian Badosan ja Tsitsipasin tiet erkanivat my\u00f6s tenniksen sekanelinpeliss\u00e4, miss\u00e4 he olivat aiemmin olleet pari.<\/p>\n<p class=\"paragraph\">Badosa on tenniksen maailmanlistalla sijalla 25. Ex-puolison sijoitus on 34:s.<\/p>\n","protected":false},"excerpt":{"rendered":"Paula Badosa vahvistaa eronneensa. Paula Badosan erosta on huhuiltu jo pitk\u00e4\u00e4n. AOP Tennist\u00e4hdet Paula Badosa, 28, ja Stefanos&hellip;\n","protected":false},"author":2,"featured_media":94696,"comment_status":"","ping_status":"","sticky":false,"template":"","format":"standard","meta":{"footnotes":""},"categories":[5],"tags":[35,22,23,2110,26,27,33,31,30,17,101,24,25,28,29,15,18,21,98,103,32,538,19,20,16],"class_list":{"0":"post-94695","1":"post","2":"type-post","3":"status-publish","4":"format-standard","5":"has-post-thumbnail","7":"category-otsikot","8":"tag-24h","9":"tag-breaking-news","10":"tag-breakingnews","11":"tag-elamantapa-ja-vapaa-aika","12":"tag-featured-news","13":"tag-featurednews","14":"tag-fi","15":"tag-finland","16":"tag-finnish","17":"tag-headlines","18":"tag-ihmissuhteet","19":"tag-latest-news","20":"tag-latestnews","21":"tag-main-news","22":"tag-mainnews","23":"tag-news","24":"tag-otsikot","25":"tag-paauutiset","26":"tag-perhe","27":"tag-sosiaalikysymykset","28":"tag-suomi","29":"tag-tiede-ja-tekniikka","30":"tag-top-stories","31":"tag-topstories","32":"tag-uutiset"},"share_on_mastodon":{"url":"https:\/\/pubeurope.com\/@fi\/115578510020673704","error":""},"_links":{"self":[{"href":"https:\/\/www.europesays.com\/fi\/wp-json\/wp\/v2\/posts\/94695","targetHints":{"allow":["GET"]}}],"collection":[{"href":"https:\/\/www.europesays.com\/fi\/wp-json\/wp\/v2\/posts"}],"about":[{"href":"https:\/\/www.europesays.com\/fi\/wp-json\/wp\/v2\/types\/post"}],"author":[{"embeddable":true,"href":"https:\/\/www.europesays.com\/fi\/wp-json\/wp\/v2\/users\/2"}],"replies":[{"embeddable":true,"href":"https:\/\/www.europesays.com\/fi\/wp-json\/wp\/v2\/comments?post=94695"}],"version-history":[{"count":0,"href":"https:\/\/www.europesays.com\/fi\/wp-json\/wp\/v2\/posts\/94695\/revisions"}],"wp:featuredmedia":[{"embeddable":true,"href":"https:\/\/www.europesays.com\/fi\/wp-json\/wp\/v2\/media\/94696"}],"wp:attachment":[{"href":"https:\/\/www.europesays.com\/fi\/wp-json\/wp\/v2\/media?parent=94695"}],"wp:term":[{"taxonomy":"category","embeddable":true,"href":"https:\/\/www.europesays.com\/fi\/wp-json\/wp\/v2\/categories?post=94695"},{"taxonomy":"post_tag","embeddable":true,"href":"https:\/\/www.europesays.com\/fi\/wp-json\/wp\/v2\/tags?post=94695"}],"curies":[{"name":"wp","href":"https:\/\/api.w.org\/{rel}","templated":true}]}}