{"id":94699,"date":"2025-11-19T21:52:08","date_gmt":"2025-11-19T21:52:08","guid":{"rendered":"https:\/\/www.europesays.com\/fi\/94699\/"},"modified":"2025-11-19T21:52:08","modified_gmt":"2025-11-19T21:52:08","slug":"petteri-rimpinen-ei-sulattanut-tuomarilinjaa-oulussa-he-varmasti-tietavat-kaikesta-kaiken-liiga-19-11-2025-haastattelut-jatkoaika-com","status":"publish","type":"post","link":"https:\/\/www.europesays.com\/fi\/94699\/","title":{"rendered":"Petteri Rimpinen ei sulattanut tuomarilinjaa Oulussa: &#8221;He varmasti tiet\u00e4v\u00e4t kaikesta kaiken&#8221; &#8211; LIIGA &#8211; 19.11.2025 &#8211; Haastattelut &#8211; Jatkoaika.com"},"content":{"rendered":"<p>Kiekko-Espoon keskiviikkoillan vierailu Oulussa \u00e4ityi tuliseksi. Viimeisen er\u00e4n nokkapokat johtivat <strong>John Stevensin<\/strong> ulosajoon poikittaisesta mailasta ja <strong>Petteri Rimpisen<\/strong> k\u00e4yt\u00f6srangaistukseen h\u00e4nen t\u00f6yt\u00e4isty\u00e4\u00e4n K\u00e4rppien <strong>Patrik Virtaa<\/strong> r\u00e4pyl\u00e4ll\u00e4 kasvoihin. Itse ottelu p\u00e4\u00e4ttyi K\u00e4rppien 3\u22121-voittoon. Rimpinen ei sulattanut omaa rangaistustaan:<\/p>\n<p>\u2212 <strong>Miro Keskitalo<\/strong> vedettiin nurin kahden miehen voimin ja minun mielest\u00e4ni omia saa puolustaa. En kuitenkaan ly\u00f6nyt vaan vedin Patrik Virran pois siit\u00e4. Tuomarikaksikko antoi k\u00e4yt\u00f6skakkosen siit\u00e4, mutta he varmasti tiet\u00e4v\u00e4t kaikesta kaiken.<\/p>\n<p>Hetki tapahtuneen j\u00e4lkeen K\u00e4rppien <strong>Eemil Erholtz<\/strong> k\u00e4vi viel\u00e4 antamassa palautetta Rimpiselle, jonka seurauksena espoolaisten kapteeni <strong>Matti J\u00e4rvinen<\/strong> tuuppasi Erholtzin kumoon:<\/p>\n<p>\u2212 J\u00e4rvinen veti Erholtzin kumoon kuten kuuluukin. Olisin varmaan itsekin tehnyt niin, mutta maalivahti ei saa t\u00e4\u00e4ll\u00e4 puolustaa itse\u00e4\u00e4n. Maalivahtia saa ly\u00f6d\u00e4, mutta min\u00e4 en saa koskeakaan. Se on nyt se s\u00e4\u00e4nt\u00f6 mik\u00e4 on ja menn\u00e4\u00e4n sen mukaan.<\/p>\n<p>Rimpinen harmitteli, ettei joukkue saanut hy\u00f6dynnetty\u00e4 paikkojaan. Ottelun ratkaisu tuli kahakoiden j\u00e4lkeisell\u00e4 alivoimalla. Viiden ottelun mittaiseksi venynyt tappioputki ei ole Rimpisen mukaan vaikuttanut joukkueeseen:<\/p>\n<p>\u2212 Meill\u00e4 on hauskaa j\u00e4tkien kanssa, ja meid\u00e4n peli on ihan hyvin kunnossa. Varmasti l\u00f6ytyy parannettavaa, mutta tulokset eiv\u00e4t ole olleet kaukana. Pomppu sinne ja pomppu t\u00e4nne. Toivotaan, ett\u00e4 saadaan joukkueeseen hy\u00f6kk\u00e4ysvoimaa lis\u00e4\u00e4 niin pystyt\u00e4\u00e4n tekem\u00e4\u00e4n enemm\u00e4n maaleja.<\/p>\n<p>Hy\u00f6kk\u00e4ysvoimaan voi tulla apua pian, sill\u00e4 espoolaisten loukkaantuneista <strong>Joonas Rask<\/strong>,\u00a0<strong>Tomi Sallinen<\/strong>\u00a0ja <strong>Santeri Virtanen\u00a0<\/strong>voivat olla l\u00e4hiviikkoina takaisin kokoonpanossa.<\/p>\n<p>Vuodenvaihteen nuorten MM-kisoista kysytt\u00e4ess\u00e4 Rimpisen katse kirkastuu. Nuori maalivahti suhtautuu mahdolliseen kisapaikkaan n\u00f6yr\u00e4sti, vaikka h\u00e4nelle on viime vuoden tapaan kaavailtu suurta vastuuta tolppien v\u00e4liss\u00e4:<\/p>\n<p>\u2212 Tavoite on totta kai ensimm\u00e4isen\u00e4 p\u00e4\u00e4st\u00e4 joukkueeseen. Se on hieno turnaus, jonka olen saanut kerran pelata. Olen nuoresta pit\u00e4en seurannut erityisesti nuorten MM-kisoja. Ne ovat mielest\u00e4ni hienoimmat MM-kisat mit\u00e4 on. Pelit ovat viihdytt\u00e4vi\u00e4 ja niiss\u00e4 on jotakin enemm\u00e4n miesten kisoihin verrattuna. Odotan innolla mit\u00e4 pystymme joukkueena tekem\u00e4\u00e4n, jos p\u00e4\u00e4sen peleihin mukaan.<\/p>\n<p>Los Angeles Kings varasi Rimpisen viime kes\u00e4n varaustilaisuudessa numerolla 152. Toistaiseksi kalifornialaisjoukkueen kanssa ei ole tehty tarkkaa suunnitelmaa ensi kauden pelipaikasta:<\/p>\n<p>\u2212 Ei ole ollut puhetta Pohjois-Amerikkaan siirtymisest\u00e4. En tied\u00e4 tarkalleen miten homma toimii, mutta kauden j\u00e4lkeen varmasti katsotaan mit\u00e4 tehd\u00e4\u00e4n. Keskityn p\u00e4ivitt\u00e4iseen ty\u00f6ntekoon ja toivon, ett\u00e4 saan jatkaa Espoossa mik\u00e4li pelipaikka on Euroopassa.<\/p>\n","protected":false},"excerpt":{"rendered":"Kiekko-Espoon keskiviikkoillan vierailu Oulussa \u00e4ityi tuliseksi. Viimeisen er\u00e4n nokkapokat johtivat John Stevensin ulosajoon poikittaisesta mailasta ja Petteri Rimpisen&hellip;\n","protected":false},"author":2,"featured_media":94700,"comment_status":"","ping_status":"","sticky":false,"template":"","format":"standard","meta":{"footnotes":""},"categories":[158],"tags":[33,31,30,18617,159,32,160],"class_list":{"0":"post-94699","1":"post","2":"type-post","3":"status-publish","4":"format-standard","5":"has-post-thumbnail","7":"category-urheilu","8":"tag-fi","9":"tag-finland","10":"tag-finnish","11":"tag-petteri-rimpinen-ei-sulattanut-tuomarilinjaa-oulussa-quothe-varmasti-tietavat-kaikesta-kaikenquot-liiga-19-11-2025-haastattelut-jatkoaika-com-kaikki-jaakiekosta","12":"tag-sports","13":"tag-suomi","14":"tag-urheilu"},"share_on_mastodon":{"url":"https:\/\/pubeurope.com\/@fi\/115578584802075324","error":""},"_links":{"self":[{"href":"https:\/\/www.europesays.com\/fi\/wp-json\/wp\/v2\/posts\/94699","targetHints":{"allow":["GET"]}}],"collection":[{"href":"https:\/\/www.europesays.com\/fi\/wp-json\/wp\/v2\/posts"}],"about":[{"href":"https:\/\/www.europesays.com\/fi\/wp-json\/wp\/v2\/types\/post"}],"author":[{"embeddable":true,"href":"https:\/\/www.europesays.com\/fi\/wp-json\/wp\/v2\/users\/2"}],"replies":[{"embeddable":true,"href":"https:\/\/www.europesays.com\/fi\/wp-json\/wp\/v2\/comments?post=94699"}],"version-history":[{"count":0,"href":"https:\/\/www.europesays.com\/fi\/wp-json\/wp\/v2\/posts\/94699\/revisions"}],"wp:featuredmedia":[{"embeddable":true,"href":"https:\/\/www.europesays.com\/fi\/wp-json\/wp\/v2\/media\/94700"}],"wp:attachment":[{"href":"https:\/\/www.europesays.com\/fi\/wp-json\/wp\/v2\/media?parent=94699"}],"wp:term":[{"taxonomy":"category","embeddable":true,"href":"https:\/\/www.europesays.com\/fi\/wp-json\/wp\/v2\/categories?post=94699"},{"taxonomy":"post_tag","embeddable":true,"href":"https:\/\/www.europesays.com\/fi\/wp-json\/wp\/v2\/tags?post=94699"}],"curies":[{"name":"wp","href":"https:\/\/api.w.org\/{rel}","templated":true}]}}