{"id":94710,"date":"2025-11-19T22:11:10","date_gmt":"2025-11-19T22:11:10","guid":{"rendered":"https:\/\/www.europesays.com\/fi\/94710\/"},"modified":"2025-11-19T22:11:10","modified_gmt":"2025-11-19T22:11:10","slug":"anssi-tikanmaen-musiikki-soi-muistokonserteissa-pojat-jatkavat-saveltajaisan-perintoa-koti","status":"publish","type":"post","link":"https:\/\/www.europesays.com\/fi\/94710\/","title":{"rendered":"Anssi Tikanm\u00e4en musiikki soi muistokonserteissa \u2013 pojat jatkavat s\u00e4velt\u00e4j\u00e4is\u00e4n perint\u00f6\u00e4 &#8211; Koti"},"content":{"rendered":"<p>Eljas ja Eemil Tikanm\u00e4ki jatkavat is\u00e4ns\u00e4 Anssi Tikanm\u00e4en el\u00e4m\u00e4nty\u00f6t\u00e4. S\u00e4velt\u00e4j\u00e4mestarin uraa kunnioitetaan loppuvuonna muistokonserteissa.<\/p>\n<p><a class=\"ArticleImage_imageContainer__e0EST\" href=\"https:\/\/www.europesays.com\/fi\/wp-content\/uploads\/2025\/11\/SUK4xFSfedJ3yDUS52m6n2xfNlQ.jpg\"><img decoding=\"async\" src=\"https:\/\/www.europesays.com\/fi\/wp-content\/uploads\/2025\/11\/SUK4xFSfedJ3yDUS52m6n2xfNlQ.jpg\" alt=\"Eljas Tikanm\u00e4ki (vas.) siirtyy tulevalla Anssi Tikanm\u00e4ki In Memoriam -kiertueella rumpujen takaa is\u00e4n urkujen \u00e4\u00e4reen. Eemil Tikanm\u00e4ki jatkaa kitaran varressa.\" loading=\"lazy\"\/><\/a><\/p>\n<p>Eljas Tikanm\u00e4ki (vas.) siirtyy tulevalla Anssi Tikanm\u00e4ki In Memoriam -kiertueella rumpujen takaa is\u00e4n urkujen \u00e4\u00e4reen. Eemil Tikanm\u00e4ki jatkaa kitaran varressa.\u00a0Kuva: Rami Marjam\u00e4ki<\/p>\n<p><a class=\"Article_location__nxqZ7\" aria-current=\"false\" href=\"https:\/\/www.maaseuduntulevaisuus.fi\/aihe\/tampere\" rel=\"nofollow noopener\" target=\"_blank\"> Tampere<\/a><\/p>\n<p class=\"RichTextParagraph_richTextParagraph__Wxs3t undefined\">\u00c4killiseen sairauteen kes\u00e4ll\u00e4 2024 menehtynyt <strong id=\"strong-fc121a0b92a5bff8f41fc0f0eade0191\">Anssi Tikanm\u00e4ki<\/strong> oli suomalaisen sielunmaiseman s\u00e4velt\u00e4j\u00e4. H\u00e4nen tunnetuimpia t\u00f6it\u00e4\u00e4n on orkesterisarja Maisemakuvia Suomesta vuodelta 1981. Lis\u00e4ksi h\u00e4n teki lukuisia sooloalbumeja, musiikkia elokuviin ja teattereihin ja oli Juice Leskinen Grand Slamin kantava voima.<\/p>\n<p class=\"RichTextParagraph_richTextParagraph__Wxs3t undefined\">Anssi Tikanm\u00e4en ty\u00f6huone ja kotistudio on yh\u00e4 h\u00e4nen kotitalonsa kellarikerroksessa Tampereen H\u00e4rm\u00e4l\u00e4ss\u00e4.  Talo oli my\u00f6s h\u00e4nen poikiensa <strong id=\"strong-48c68b0f35b1c4e8a0ed723cba1efc8d\">Eljas<\/strong> ja <strong id=\"strong-dc42141114781dc61a4537fb8e0dc88b\">Eemil Tikanm\u00e4en <\/strong>lapsuudenkoti. Nyt talossa asuu Eemil perheineen.<\/p>\n<p class=\"RichTextParagraph_richTextParagraph__Wxs3t undefined\">Monet kotistudion soittimet kertovat suomirockin historiasta. Nurkassa n\u00f6k\u00f6tt\u00e4v\u00e4t transistorivahvistin ja urut, joilla Anssi Tikanm\u00e4ki soitti yli tuhannella Juice Leskinen Grand Slamin keikalla.<\/p>\n<p class=\"RichTextParagraph_richTextParagraph__Wxs3t undefined\">\u201dN\u00e4ill\u00e4 vehkeill\u00e4 Anssi maksoi t\u00e4m\u00e4n talon\u201d, Eemil Tikanm\u00e4ki toteaa.<\/p>\n<p class=\"RichTextParagraph_richTextParagraph__Wxs3t undefined\">Eljas ja Eemil kuvaavat lapsuuttaan onnelliseksi ja turvalliseksi. Is\u00e4 oli l\u00e4sn\u00e4 ja tuki heid\u00e4n musiikillisia kiinnostuksiaan ilman painostusta.<\/p>\n<p class=\"RichTextParagraph_richTextParagraph__Wxs3t undefined\">Pojat saivat olla mukana is\u00e4n ty\u00f6huoneessa my\u00f6s \u00e4\u00e4nityssessioiden aikana. Is\u00e4 opetti vaihtamaan kelaraitanauhurin nauhan ja painamaan play ja stop -nappuloita.<\/p>\n<p class=\"RichTextParagraph_richTextParagraph__Wxs3t undefined\">\u201cMeill\u00e4 oli kolmen hengen musiikkitiimi jo pienest\u00e4 pit\u00e4en. Soittelimme kolmestaan t\u00e4\u00e4ll\u00e4 kellarissa Maisemakuvia Suomesta -levyn kappaleita. Is\u00e4n mukaan meid\u00e4n toiveestamme\u201d, Eljas Tikanm\u00e4ki sanoo.<\/p>\n<p class=\"RichTextParagraph_richTextParagraph__Wxs3t undefined\">\u201dTuosta en ole varma, mutta pit\u00e4ydyt\u00e4\u00e4n is\u00e4n tarinassa\u201d, Eemil-veli naurahtaa per\u00e4\u00e4n.<\/p>\n<p class=\"RichTextParagraph_richTextParagraph__Wxs3t undefined\">Anssi Tikanm\u00e4ki syntyi vuonna 1955 Haapaj\u00e4rvell\u00e4 ja eli maalaislapsuuden. H\u00e4nest\u00e4 piti tulla kotitilan jatkaja, mutta maanviljely loppui, kun perheen viljelykset j\u00e4iv\u00e4t tekoj\u00e4rven alle. Sitten musiikki vei menness\u00e4\u00e4n. <\/p>\n<p class=\"RichTextParagraph_richTextParagraph__Wxs3t undefined\">Tikanm\u00e4ki aloitti jo lapsena pianonsoiton kyl\u00e4n kanttorin opastuksella. H\u00e4n l\u00e4hti opiskelemaan Sibelius-Akatemiaan Helsinkiin, mutta syd\u00e4n pysyi maaseudulla.<\/p>\n<p class=\"RichTextParagraph_richTextParagraph__Wxs3t undefined\">\u201dIs\u00e4 rakasti peltomaisemaa. H\u00e4n k\u00e4vi useana kes\u00e4n\u00e4 Hollolan Petrax-studion pelloilla tekem\u00e4ss\u00e4 syyskylv\u00f6j\u00e4 ja verest\u00e4m\u00e4ss\u00e4 traktorilla ajoa\u201d, Eljas sanoo.<\/p>\n<p class=\"RichTextParagraph_richTextParagraph__Wxs3t undefined\">\u201dIs\u00e4 kaipasi maaseudulle. H\u00e4n vietti viimeiset vuotensa \u00e4idin kanssa Ruoveden m\u00f6kill\u00e4 ja k\u00e4vi kotona l\u00e4hinn\u00e4 hakemassa postin&#8221;, Eemil jatkaa.<\/p>\n<p class=\"Blockquote_text___ueE4\">\u201dIs\u00e4 j\u00e4tti j\u00e4lkeens\u00e4 jotain, jota j\u00e4\u00e4 vain harvoilta: musiikin. H\u00e4n el\u00e4\u00e4 viel\u00e4 omassa musiikissaan. Sit\u00e4 on hienoa vaalia ja jatkaa.\u201d<\/p>\n<p class=\"RichTextParagraph_richTextParagraph__Wxs3t undefined\">Anssi Tikanm\u00e4ki maalasi suomalaisen maisemakuvan musiikiksi. Er\u00e4\u00e4ll\u00e4 junamatkalla Helsingist\u00e4 Haapaj\u00e4rvelle aamuauringossa kylpenyt peltomaisena inspiroi h\u00e4net s\u00e4velt\u00e4m\u00e4\u00e4n Aamu lakeuksilla -kappaleen. <\/p>\n<p class=\"RichTextParagraph_richTextParagraph__Wxs3t undefined\">Tikanm\u00e4en esikoisalbumista Maisemakuvia Suomesta tuli instrumentaalimusiikin klassikko, joka avasi ovia muun muassa Kaurism\u00e4en veljesten luottos\u00e4velt\u00e4j\u00e4ksi.<\/p>\n<p class=\"RichTextParagraph_richTextParagraph__Wxs3t undefined\">Tikanm\u00e4ki koki musiikin vahvasti visuaalisesti.<\/p>\n<p class=\"RichTextParagraph_richTextParagraph__Wxs3t undefined\">\u201d2000-luvun alussa, kun Anssi suunnitteli Tuntematonta maa -teemalevy\u00e4, siin\u00e4 kohtaa kiersimme perheen kes\u00e4lomareissuilla ymp\u00e4ri Suomea. K\u00e4vimme Ikaalisissa, Hangossa, Raatteentiell\u00e4 ja monissa muissa paikoissa, joista tuli musiikkikappaleita levylle\u201d, Eljas muistelee.<\/p>\n<p class=\"RichTextParagraph_richTextParagraph__Wxs3t undefined\">Vuonna 2002 perustettu Anssi Tikanm\u00e4ki Orchestra soittaa Tikanm\u00e4en s\u00e4velt\u00e4m\u00e4\u00e4 instrumentaalimusiikkia. Emil ja Eljas liittyiv\u00e4t is\u00e4n yhtyeeseen kaksi vuotta my\u00f6hemmin.<\/p>\n<p class=\"RichTextParagraph_richTextParagraph__Wxs3t undefined\">Pojista kasvoi monipuolisia musiikkialan ammattilaisia. He opiskelivat Tampereen konservatoriossa. Eemilin p\u00e4\u00e4soitin on viulu ja kitara ja Eljaksen rummut ja piano. Molemmat ovat s\u00e4velt\u00e4neet ja tuottaneet elokuvamusiikkia.<\/p>\n<p class=\"RichTextParagraph_richTextParagraph__Wxs3t undefined\">Loppuvuoden konsertit oli suunniteltu teht\u00e4v\u00e4ksi Anssin kanssa, mutta ne muuttuivat muistokonserteiksi. Tulevilla keikoilla Eljas siirtyy rumpujen takaa is\u00e4n koskettimien \u00e4\u00e4relle. Se tuntuu h\u00e4nest\u00e4 sek\u00e4 h\u00e4mment\u00e4v\u00e4lt\u00e4 ett\u00e4 luontevalta.<\/p>\n<p><a class=\"ArticleImage_imageContainer__e0EST\" href=\"https:\/\/www.europesays.com\/fi\/wp-content\/uploads\/2025\/11\/7cjFLuiDzDVDrfCN5wl8XgqKCLA.jpg\"><img decoding=\"async\" src=\"https:\/\/www.europesays.com\/fi\/wp-content\/uploads\/2025\/11\/7cjFLuiDzDVDrfCN5wl8XgqKCLA.jpg\" alt=\"Kotistudion nurkassa n\u00f6k\u00f6tt\u00e4v\u00e4t transistorivahvistin ja urut, joilla Anssi Tikanm\u00e4ki soitti yli tuhannella Juice Leskinen Grand Slamin keikalla. \u201dN\u00e4ill\u00e4 vehkeill\u00e4 Anssi maksoi t\u00e4m\u00e4n talon\u201d, vahvistimen \u00e4\u00e4ress\u00e4 seisova Eemil Tikanm\u00e4ki toteaa. \" loading=\"lazy\"\/><\/a><\/p>\n<p>Kotistudion nurkassa n\u00f6k\u00f6tt\u00e4v\u00e4t transistorivahvistin ja urut, joilla Anssi Tikanm\u00e4ki soitti yli tuhannella Juice Leskinen Grand Slamin keikalla. \u201dN\u00e4ill\u00e4 vehkeill\u00e4 Anssi maksoi t\u00e4m\u00e4n talon\u201d, vahvistimen \u00e4\u00e4ress\u00e4 seisova Eemil Tikanm\u00e4ki toteaa. \u00a0Kuva: Rami Marjam\u00e4ki<\/p>\n<p class=\"RichTextParagraph_richTextParagraph__Wxs3t undefined\">Tikanm\u00e4en perheen suhde on aina ollut l\u00e4mmin ja tiivis. My\u00f6s \u00e4iti on ollut mukana tukemassa musiikkity\u00f6t\u00e4 suunnittelemalla esiintymisasuja ja visuaalista kuvamateriaalia konsertteihin.<\/p>\n<p class=\"RichTextParagraph_richTextParagraph__Wxs3t undefined\">\u201dJoskushan jotain eri\u00e4vi\u00e4 mielipiteit\u00e4 tulee ja saatamme korottaa \u00e4\u00e4nt\u00e4mme. Mutta ei siit\u00e4 koskaan kehkeydy varsinaista riitaa\u201d, Eljas toteaa veljesten v\u00e4leist\u00e4.<\/p>\n<p class=\"RichTextParagraph_richTextParagraph__Wxs3t undefined\">\u201dMeill\u00e4 on puolitoista vuotta ik\u00e4eroa. Olemme leikkineet ja soittaneet yhdess\u00e4 pienest\u00e4 l\u00e4htien. Moni on luullut meit\u00e4 kaksosiksi ja joskus jopa yhdeksi ja samaksi henkil\u00f6ksi\u201d, Eemil nauraa per\u00e4\u00e4n.<\/p>\n<p class=\"RichTextParagraph_richTextParagraph__Wxs3t undefined\">Viime ajat ovat olleet Tikanm\u00e4ille luopumisen aikaa. He ovat kuulleet kauniita muistoja is\u00e4st\u00e4\u00e4n.<\/p>\n<p class=\"RichTextParagraph_richTextParagraph__Wxs3t undefined\">\u201dYleens\u00e4 ihmisist\u00e4 puhutaan kauniisti vasta kuoleman j\u00e4lkeen, mutta n\u00e4in ei ollut is\u00e4n kohdalla. Muistan jo aikoja sitten, kun moni tuli kehumaan h\u00e4nt\u00e4 h\u00e4nen el\u00e4ess\u00e4\u00e4n\u201d, Eemil sanoo.<\/p>\n<p class=\"RichTextParagraph_richTextParagraph__Wxs3t undefined\">Suruty\u00f6t\u00e4 on helpottanut se, ett\u00e4 kaikki sanottava ehdittiin sanoa is\u00e4n kanssa.<\/p>\n<p class=\"RichTextParagraph_richTextParagraph__Wxs3t undefined\">\u201dIs\u00e4 ei pel\u00e4nnyt kuolemaa. H\u00e4n totesi, ett\u00e4 johan t\u00e4ss\u00e4 ehdittiin el\u00e4\u00e4 ja n\u00e4hd\u00e4. Ainoastaan h\u00e4nt\u00e4 j\u00e4i harmittamaan, ettei saanut olla pidemp\u00e4\u00e4n pappana lapsenlapsilleen\u201d, Eemil toteaa.<\/p>\n<p class=\"RichTextParagraph_richTextParagraph__Wxs3t undefined\">Anssi Tikanm\u00e4ki Orchestran tarina jatkuu muistokonserttien j\u00e4lkeen. Keikkapyynt\u00f6j\u00e4 on tullut jo ensi vuodelle. Anssin j\u00e4\u00e4mist\u00f6\u00f6n j\u00e4i albumillinen s\u00e4vellyksi\u00e4. Ne tullaan sovittamaan ja julkaisemaan my\u00f6hemmin.<\/p>\n<p class=\"RichTextParagraph_richTextParagraph__Wxs3t undefined\">\u201dIs\u00e4 j\u00e4tti j\u00e4lkeens\u00e4 jotain, jota j\u00e4\u00e4 vain harvoilta: musiikin. H\u00e4n el\u00e4\u00e4 viel\u00e4 omassa musiikissaan. Sit\u00e4 on hienoa vaalia ja jatkaa\u201d, Eemil ja Eljas toteavat.<\/p>\n<p>Anssi Tikanm\u00e4ki In Memoriam -konserttikiertue<\/p>\n<p class=\"FactBox_text__oXQkV undefined\">20.11. Helsinki, Savoy<\/p>\n<p class=\"FactBox_text__oXQkV undefined\">28.11. Oulu, Madetojan sali<\/p>\n<p class=\"FactBox_text__oXQkV undefined\">29.11. Ylivieska, Akustiikka<\/p>\n<p class=\"FactBox_text__oXQkV undefined\">10.12. Tampere, Tampere-talo<\/p>\n<p class=\"FactBox_text__oXQkV undefined\">18.12. Espoo, Sellosali<\/p>\n<p class=\"FactBox_text__oXQkV undefined\">20.12. Kuopio, Kuopion Musiikkikeskus<\/p>\n","protected":false},"excerpt":{"rendered":"Eljas ja Eemil Tikanm\u00e4ki jatkavat is\u00e4ns\u00e4 Anssi Tikanm\u00e4en el\u00e4m\u00e4nty\u00f6t\u00e4. S\u00e4velt\u00e4j\u00e4mestarin uraa kunnioitetaan loppuvuonna muistokonserteissa. Eljas Tikanm\u00e4ki (vas.) siirtyy&hellip;\n","protected":false},"author":2,"featured_media":94711,"comment_status":"","ping_status":"","sticky":false,"template":"","format":"standard","meta":{"footnotes":""},"categories":[136],"tags":[407,137,33,31,30,408,32,109],"class_list":{"0":"post-94710","1":"post","2":"type-post","3":"status-publish","4":"format-standard","5":"has-post-thumbnail","7":"category-julkkikset","8":"tag-celebrities","9":"tag-entertainment","10":"tag-fi","11":"tag-finland","12":"tag-finnish","13":"tag-julkkikset","14":"tag-suomi","15":"tag-viihde"},"share_on_mastodon":{"url":"https:\/\/pubeurope.com\/@fi\/115578659573888816","error":""},"_links":{"self":[{"href":"https:\/\/www.europesays.com\/fi\/wp-json\/wp\/v2\/posts\/94710","targetHints":{"allow":["GET"]}}],"collection":[{"href":"https:\/\/www.europesays.com\/fi\/wp-json\/wp\/v2\/posts"}],"about":[{"href":"https:\/\/www.europesays.com\/fi\/wp-json\/wp\/v2\/types\/post"}],"author":[{"embeddable":true,"href":"https:\/\/www.europesays.com\/fi\/wp-json\/wp\/v2\/users\/2"}],"replies":[{"embeddable":true,"href":"https:\/\/www.europesays.com\/fi\/wp-json\/wp\/v2\/comments?post=94710"}],"version-history":[{"count":0,"href":"https:\/\/www.europesays.com\/fi\/wp-json\/wp\/v2\/posts\/94710\/revisions"}],"wp:featuredmedia":[{"embeddable":true,"href":"https:\/\/www.europesays.com\/fi\/wp-json\/wp\/v2\/media\/94711"}],"wp:attachment":[{"href":"https:\/\/www.europesays.com\/fi\/wp-json\/wp\/v2\/media?parent=94710"}],"wp:term":[{"taxonomy":"category","embeddable":true,"href":"https:\/\/www.europesays.com\/fi\/wp-json\/wp\/v2\/categories?post=94710"},{"taxonomy":"post_tag","embeddable":true,"href":"https:\/\/www.europesays.com\/fi\/wp-json\/wp\/v2\/tags?post=94710"}],"curies":[{"name":"wp","href":"https:\/\/api.w.org\/{rel}","templated":true}]}}