{"id":94712,"date":"2025-11-19T22:12:08","date_gmt":"2025-11-19T22:12:08","guid":{"rendered":"https:\/\/www.europesays.com\/fi\/94712\/"},"modified":"2025-11-19T22:12:08","modified_gmt":"2025-11-19T22:12:08","slug":"gustav-klimtin-taideteos-myytiin-yli-230-miljoonalla-dollarilla-2","status":"publish","type":"post","link":"https:\/\/www.europesays.com\/fi\/94712\/","title":{"rendered":"Gustav Klimtin taideteos myytiin yli 230 miljoonalla dollarilla"},"content":{"rendered":"<p>Kuvataide|Muotokuva Elisabeth Ledererist\u00e4 on nyt maailman toisiksi kallein huutokaupassa myyty taideteos. Vain Leonardo da Vincin teos on myyty kalliimmalla.<\/p>\n<p>19.11. 19:30 | P\u00e4ivitetty 19.11. 20:30<\/p>\n<p class=\"article-body mb-nof-24 px-nof-16\">It\u00e4valtalaisen <a class=\"article-personlink\" href=\"https:\/\/www.hs.fi\/haku\/?query=Gustav%20Klimtin\" rel=\"nofollow noopener\" target=\"_blank\">Gustav Klimtin<\/a> maalaama muotokuva myytiin tiistaina huutokaupassa New Yorkissa 236,4 miljoonalla yhdysvaltain dollarilla eli yli 204 miljoonalla eurolla.<\/p>\n<p class=\"article-body mb-nof-24 px-nof-16\">Samalla Bildnis Elisabeth Lederer -maalaus eli muotokuva <a class=\"article-personlink\" href=\"https:\/\/www.hs.fi\/haku\/?query=Elisabeth%20Ledererist%C3%A4\" rel=\"nofollow noopener\" target=\"_blank\">Elisabeth Ledererist\u00e4<\/a> on nyt maailman toisiksi kallein huutokaupassa myyty taideteos. Teos on maalattu vuosien 1914\u20131916 v\u00e4lill\u00e4.<\/p>\n<p class=\"article-body mb-nof-24 px-nof-16\">Maalaus esitt\u00e4\u00e4 it\u00e4valtalaisen taideker\u00e4ilij\u00e4n <a class=\"article-personlink\" href=\"https:\/\/www.hs.fi\/haku\/?query=August%20Ledererin\" rel=\"nofollow noopener\" target=\"_blank\">August Ledererin<\/a> tyt\u00e4rt\u00e4. Maalauksessa h\u00e4n on pukeutunut valkoiseen kiinalaiseen mekkoon. Taustalla on muun muassa aasialaisia ihmisi\u00e4. Maalaus melkein tuhottiin toisen maailmansodan aikana, kun natsit varastivat sen.<\/p>\n<p class=\"article-body mb-nof-24 px-nof-16\">Huutokaupan j\u00e4rjest\u00e4nyt huutokauppakamari Sotheby&#8217;s ei paljastanut maalauksen ostajan henkil\u00f6llisyytt\u00e4. Muotokuvaa tavoitteli kuusi huutajaa.<\/p>\n<p class=\"article-body mb-nof-24 px-nof-16\">Kallein huutokaupattu maalaus on <a class=\"article-personlink\" href=\"https:\/\/www.hs.fi\/haku\/?query=Leonardo%20da%20Vincin\" rel=\"nofollow noopener\" target=\"_blank\">Leonardo da Vincin<\/a> Jeesusta esitt\u00e4v\u00e4 teos Salvator Mundi, joka myytiin 450 miljoonalla dollarilla vuonna 2017.<\/p>\n<p class=\"article-body mb-nof-24 px-nof-16\">Klimt oli vuonna 1862 syntynyt art nouveau -suuntauksen taidemaalari.<\/p>\n<p class=\"article-body mb-nof-24 px-nof-16\">Klimtin teoksia on t\u00e4ll\u00e4 hetkell\u00e4 esill\u00e4 my\u00f6s Helsingiss\u00e4 Ateneumissa. N\u00e4yttely Gallen-Kallella, Klimt ja Wien on n\u00e4ht\u00e4viss\u00e4 1. helmikuuta asti.<\/p>\n","protected":false},"excerpt":{"rendered":"Kuvataide|Muotokuva Elisabeth Ledererist\u00e4 on nyt maailman toisiksi kallein huutokaupassa myyty taideteos. Vain Leonardo da Vincin teos on myyty&hellip;\n","protected":false},"author":2,"featured_media":94713,"comment_status":"","ping_status":"","sticky":false,"template":"","format":"standard","meta":{"footnotes":""},"categories":[135],"tags":[389,387,388,390,137,33,31,30,46,32,394,393,391,392,109],"class_list":{"0":"post-94712","1":"post","2":"type-post","3":"status-publish","4":"format-standard","5":"has-post-thumbnail","7":"category-taiteet-ja-suunnittelu","8":"tag-arts","9":"tag-arts-and-design","10":"tag-artsanddesign","11":"tag-design","12":"tag-entertainment","13":"tag-fi","14":"tag-finland","15":"tag-finnish","16":"tag-helsingin-sanomat","17":"tag-suomi","18":"tag-suunnittelu","19":"tag-taiteet","20":"tag-taiteet-ja-suunnittelu","21":"tag-taiteetsuunnittelu","22":"tag-viihde"},"share_on_mastodon":{"url":"https:\/\/pubeurope.com\/@fi\/115578663264791198","error":""},"_links":{"self":[{"href":"https:\/\/www.europesays.com\/fi\/wp-json\/wp\/v2\/posts\/94712","targetHints":{"allow":["GET"]}}],"collection":[{"href":"https:\/\/www.europesays.com\/fi\/wp-json\/wp\/v2\/posts"}],"about":[{"href":"https:\/\/www.europesays.com\/fi\/wp-json\/wp\/v2\/types\/post"}],"author":[{"embeddable":true,"href":"https:\/\/www.europesays.com\/fi\/wp-json\/wp\/v2\/users\/2"}],"replies":[{"embeddable":true,"href":"https:\/\/www.europesays.com\/fi\/wp-json\/wp\/v2\/comments?post=94712"}],"version-history":[{"count":0,"href":"https:\/\/www.europesays.com\/fi\/wp-json\/wp\/v2\/posts\/94712\/revisions"}],"wp:featuredmedia":[{"embeddable":true,"href":"https:\/\/www.europesays.com\/fi\/wp-json\/wp\/v2\/media\/94713"}],"wp:attachment":[{"href":"https:\/\/www.europesays.com\/fi\/wp-json\/wp\/v2\/media?parent=94712"}],"wp:term":[{"taxonomy":"category","embeddable":true,"href":"https:\/\/www.europesays.com\/fi\/wp-json\/wp\/v2\/categories?post=94712"},{"taxonomy":"post_tag","embeddable":true,"href":"https:\/\/www.europesays.com\/fi\/wp-json\/wp\/v2\/tags?post=94712"}],"curies":[{"name":"wp","href":"https:\/\/api.w.org\/{rel}","templated":true}]}}