{"id":94718,"date":"2025-11-19T22:19:10","date_gmt":"2025-11-19T22:19:10","guid":{"rendered":"https:\/\/www.europesays.com\/fi\/94718\/"},"modified":"2025-11-19T22:19:10","modified_gmt":"2025-11-19T22:19:10","slug":"hanna-wass-ja-katri-niskanen-yhteiskuvassa","status":"publish","type":"post","link":"https:\/\/www.europesays.com\/fi\/94718\/","title":{"rendered":"Hanna Wass ja Katri Niskanen yhteiskuvassa"},"content":{"rendered":"<p>Hanna Wass on ollut viime aikoina mekkokohun keski\u00f6ss\u00e4.<\/p>\n<p><img decoding=\"async\" class=\"image image-show image-preview\" src=\"https:\/\/www.europesays.com\/fi\/wp-content\/uploads\/2025\/09\/9c78f58b78c30265c601af7428cc3115434b40416a593c79754723b9e887f276.jpg\" alt=\"\"\/><img decoding=\"async\" class=\"image image-show\" src=\"https:\/\/www.europesays.com\/fi\/wp-content\/uploads\/2025\/11\/1763497690_505_9c78f58b78c30265c601af7428cc3115434b40416a593c79754723b9e887f276.jpg\" alt=\"\"\/><\/p>\n<p>Hanna Wass l\u00f6ysi asun Linnan juhliin. PASI LIESIMAA<\/p>\n<p class=\"paragraph\">Politiikan tutkija <a href=\"https:\/\/www.iltalehti.fi\/henkilot\/Hanna Wass\" class=\"article-link-person-page\" rel=\"nofollow noopener\" target=\"_blank\">Hanna Wass<\/a> on hankkinut nyt uuden mekon tasavallan presidentin itsen\u00e4isyysp\u00e4iv\u00e4n vastaanottoa varten.<\/p>\n<p class=\"paragraph\">Wass kertoo asiasta Instagram-julkaisussa, jossa h\u00e4n poseeraa suunnittelija <a href=\"https:\/\/www.iltalehti.fi\/henkilot\/Katri Niskanen\" class=\"article-link-person-page\" rel=\"nofollow noopener\" target=\"_blank\">Katri Niskasen<\/a> kanssa t\u00e4m\u00e4n Helsingiss\u00e4 sijaitsevassa liikkeess\u00e4.<\/p>\n<p class=\"paragraph\">Jos julkaisu ei n\u00e4y, voit katsoa sen <a href=\"https:\/\/www.instagram.com\/p\/DRPA_7yiMFp\/\" rel=\"noopener nofollow\" target=\"_blank\">t\u00e4st\u00e4 linkist\u00e4<\/a>.<\/p>\n<p class=\"paragraph\">Yhteiskuva liittyy viimeaikaiseen selkkaukseen, jonka keski\u00f6ss\u00e4 sek\u00e4 Wass ett\u00e4 Niskanen ovat olleet.<\/p>\n<p class=\"paragraph\">Wass antoi viime viikolla sosiaalisessa mediassa kova kritiikki\u00e4 tilaamalleen, Niskasen suunnittelemalle mekolle. Kritiikin kohteena oli sataprosenttista polyesteri\u00e4 olleen mekon materiaali. Soppa oli valmis.<\/p>\n<p class=\"paragraph\">Niskasen tiimi vastasi Wassin nyt jo poistettuun julkaisuun ja lupasi h\u00e4nelle henkil\u00f6kohtaisen sovitushetken Helsingiss\u00e4 sijaitsevaan myym\u00e4l\u00e4\u00e4n.<\/p>\n<p class=\"paragraph\">Nyt sovitushetki on k\u00e4ynyt toteen ja mekko on l\u00f6ytynyt.<\/p>\n<p class=\"paragraph\">\u2013 Nyt on prinsessapuku hankittu, Wass kirjoittaa julkaisussaan keltaisen syd\u00e4men kera.<\/p>\n<p class=\"paragraph\">Julkaisussaan Wass kiitt\u00e4\u00e4 l\u00e4mpim\u00e4sti Niskasta \u201dhienosta sovitushetkest\u00e4\u201d.<\/p>\n<p class=\"paragraph\">Aiemmin viikolla Wass <a href=\"https:\/\/www.iltalehti.fi\/viihdeuutiset\/5bab8760-124b-46fb-bcec-1565ab4dfb38\" rel=\"nofollow noopener\" target=\"_blank\">poisti<\/a> alkuper\u00e4isen julkaisunsa ja pahoitteli antamaansa ep\u00e4asianmukaista palautetta.<\/p>\n<p><script async src=\"\/\/www.instagram.com\/embed.js\"><\/script><\/p>\n","protected":false},"excerpt":{"rendered":"Hanna Wass on ollut viime aikoina mekkokohun keski\u00f6ss\u00e4. Hanna Wass l\u00f6ysi asun Linnan juhliin. PASI LIESIMAA Politiikan tutkija&hellip;\n","protected":false},"author":2,"featured_media":90162,"comment_status":"","ping_status":"","sticky":false,"template":"","format":"standard","meta":{"footnotes":""},"categories":[130],"tags":[35,137,33,31,30,142,637,144,886,32,638,109],"class_list":{"0":"post-94718","1":"post","2":"type-post","3":"status-publish","4":"format-standard","5":"has-post-thumbnail","7":"category-viihde","8":"tag-24h","9":"tag-entertainment","10":"tag-fi","11":"tag-finland","12":"tag-finnish","13":"tag-poliitikot","14":"tag-politiikka","15":"tag-presidentti","16":"tag-puolueet","17":"tag-suomi","18":"tag-valtiovalta","19":"tag-viihde"},"share_on_mastodon":{"url":"https:\/\/pubeurope.com\/@fi\/115578690966758685","error":""},"_links":{"self":[{"href":"https:\/\/www.europesays.com\/fi\/wp-json\/wp\/v2\/posts\/94718","targetHints":{"allow":["GET"]}}],"collection":[{"href":"https:\/\/www.europesays.com\/fi\/wp-json\/wp\/v2\/posts"}],"about":[{"href":"https:\/\/www.europesays.com\/fi\/wp-json\/wp\/v2\/types\/post"}],"author":[{"embeddable":true,"href":"https:\/\/www.europesays.com\/fi\/wp-json\/wp\/v2\/users\/2"}],"replies":[{"embeddable":true,"href":"https:\/\/www.europesays.com\/fi\/wp-json\/wp\/v2\/comments?post=94718"}],"version-history":[{"count":0,"href":"https:\/\/www.europesays.com\/fi\/wp-json\/wp\/v2\/posts\/94718\/revisions"}],"wp:featuredmedia":[{"embeddable":true,"href":"https:\/\/www.europesays.com\/fi\/wp-json\/wp\/v2\/media\/90162"}],"wp:attachment":[{"href":"https:\/\/www.europesays.com\/fi\/wp-json\/wp\/v2\/media?parent=94718"}],"wp:term":[{"taxonomy":"category","embeddable":true,"href":"https:\/\/www.europesays.com\/fi\/wp-json\/wp\/v2\/categories?post=94718"},{"taxonomy":"post_tag","embeddable":true,"href":"https:\/\/www.europesays.com\/fi\/wp-json\/wp\/v2\/tags?post=94718"}],"curies":[{"name":"wp","href":"https:\/\/api.w.org\/{rel}","templated":true}]}}