{"id":94721,"date":"2025-11-19T22:23:08","date_gmt":"2025-11-19T22:23:08","guid":{"rendered":"https:\/\/www.europesays.com\/fi\/94721\/"},"modified":"2025-11-19T22:23:08","modified_gmt":"2025-11-19T22:23:08","slug":"vaheneeko-arsyttava-klikkailu-eu-haluaa-siirtaa-evasteasetukset-suoraan-selaimeen","status":"publish","type":"post","link":"https:\/\/www.europesays.com\/fi\/94721\/","title":{"rendered":"V\u00e4heneek\u00f6 \u00e4rsytt\u00e4v\u00e4 klikkailu? EU haluaa siirt\u00e4\u00e4 ev\u00e4steasetukset suoraan selaimeen"},"content":{"rendered":"<p>&#13;<br \/>\n\t\t\t\t&#13;<br \/>\n\t\t\t\t<b>Euroopan komissio<\/b> esitteli t\u00e4n\u00e4\u00e4n digitaalisen koontis\u00e4\u00e4d\u00f6ksen, jolla virtaviivaistetaan teko\u00e4ly\u00e4, kyberturvallisuutta ja dataa koskevia s\u00e4\u00e4nt\u00f6j\u00e4. <\/p>\n<p><a href=\"https:\/\/dawn.fi\/uutiset\/2025\/09\/24\/eu-haluaa-keskikyselyista-eroon\" target=\"_blank\" rel=\"nofollow noopener\">Uutisoimme jo aiemmin<\/a>, ett\u00e4 EU harkitsee ev\u00e4stekyselyist\u00e4 luopumista tai niiden muutoksesta. Nyt komissio on vahvistanut muutoksen saapuvan.<\/p>\n<p>Muutoksella pyrit\u00e4\u00e4n v\u00e4hent\u00e4m\u00e4\u00e4n ev\u00e4stebannerien ponnahduskertojen m\u00e4\u00e4r\u00e4\u00e4 ja antaa k\u00e4ytt\u00e4jille mahdollisuus ilmoittaa suostumuksestaan yhdell\u00e4 napsautuksella ja tallentaa ev\u00e4steasetukset selainten ja k\u00e4ytt\u00f6j\u00e4rjestelm\u00e4n asetusten kautta.<\/p>\n<p>Teko\u00e4lys\u00e4\u00e4d\u00f6st\u00e4 komissio aikoo lyk\u00e4t\u00e4 enint\u00e4\u00e4n 16 kuukautta, kunnes standardit ja tukiv\u00e4lineet ovat valmiina. T\u00e4m\u00e4 on EU:n vastaus kritiikkiin siit\u00e4, ett\u00e4 s\u00e4\u00e4ntely tappaa innovaatiot. Pienemmille toimijoille luvataan kevennettyj\u00e4 vaatimuksia.<\/p>\n<p>Paketti sis\u00e4lt\u00e4\u00e4 my\u00f6s kyberturvallisuusraportoinnin yksinkertaistamisen, sill\u00e4 nyky\u00e4\u00e4n yritysten tulee raportoida eri lakien nojalla useaan paikkaan, mutta jatkossa voisi riitt\u00e4\u00e4 keskitetty asiointi yhdess\u00e4 paikassa, sek\u00e4 eurooppalaisen yrityslompakon, jonka avulla yritykset voivat digitalisoida toimintoja ja vuorovaikutusta. Lompakolla yritykset voivat allekirjoittaa, aikaleimata ja sinet\u00f6id\u00e4 asiakirjoja digitaalisesti, luoda, tallentaa ja vaihtaa varmennettuja asiakirjoja turvallisesti.&#13;<\/p>\n<p>&#13;<\/p>\n<p>Digitaalista koontiasetusta koskevat lains\u00e4\u00e4d\u00e4nt\u00f6ehdotukset toimitetaan nyt Euroopan parlamentin ja neuvoston hyv\u00e4ksytt\u00e4viksi. T\u00e4m\u00e4np\u00e4iv\u00e4iset ehdotukset ovat ensimm\u00e4inen askel komission strategiassa, jolla pyrit\u00e4\u00e4n yksinkertaistamaan ja tehostamaan EU:n digitaalista s\u00e4\u00e4nn\u00f6st\u00f6\u00e4.<\/p>\n<p>Paketilla pyrit\u00e4\u00e4n helpottamaan yksinkertaistamispyrkimyksi\u00e4, joiden arvioidaan v\u00e4hent\u00e4v\u00e4n hallinnollisia kustannuksia jopa 5 miljardia euroa vuoteen 2029 menness\u00e4. Lis\u00e4ksi eurooppalaiset yrityslompakot voisivat tuoda yrityksille vuosittain 150 miljardin euron s\u00e4\u00e4st\u00f6t, <a href=\"https:\/\/ec.europa.eu\/commission\/presscorner\/detail\/en\/ip_25_2718\" target=\"_blank\" rel=\"nofollow noopener\">tiedotteessa kerrotaan<\/a>.<\/p>\n","protected":false},"excerpt":{"rendered":"&#13; &#13; Euroopan komissio esitteli t\u00e4n\u00e4\u00e4n digitaalisen koontis\u00e4\u00e4d\u00f6ksen, jolla virtaviivaistetaan teko\u00e4ly\u00e4, kyberturvallisuutta ja dataa koskevia s\u00e4\u00e4nt\u00f6j\u00e4. Uutisoimme jo&hellip;\n","protected":false},"author":2,"featured_media":94722,"comment_status":"","ping_status":"","sticky":false,"template":"","format":"standard","meta":{"footnotes":""},"categories":[14],"tags":[22,23,26,27,33,31,30,17,24,25,28,29,15,18,21,32,19,20,56,16,59,60,61],"class_list":{"0":"post-94721","1":"post","2":"type-post","3":"status-publish","4":"format-standard","5":"has-post-thumbnail","7":"category-ulkomaat","8":"tag-breaking-news","9":"tag-breakingnews","10":"tag-featured-news","11":"tag-featurednews","12":"tag-fi","13":"tag-finland","14":"tag-finnish","15":"tag-headlines","16":"tag-latest-news","17":"tag-latestnews","18":"tag-main-news","19":"tag-mainnews","20":"tag-news","21":"tag-otsikot","22":"tag-paauutiset","23":"tag-suomi","24":"tag-top-stories","25":"tag-topstories","26":"tag-ulkomaat","27":"tag-uutiset","28":"tag-world","29":"tag-world-news","30":"tag-worldnews"},"share_on_mastodon":{"url":"https:\/\/pubeurope.com\/@fi\/115578706655533798","error":""},"_links":{"self":[{"href":"https:\/\/www.europesays.com\/fi\/wp-json\/wp\/v2\/posts\/94721","targetHints":{"allow":["GET"]}}],"collection":[{"href":"https:\/\/www.europesays.com\/fi\/wp-json\/wp\/v2\/posts"}],"about":[{"href":"https:\/\/www.europesays.com\/fi\/wp-json\/wp\/v2\/types\/post"}],"author":[{"embeddable":true,"href":"https:\/\/www.europesays.com\/fi\/wp-json\/wp\/v2\/users\/2"}],"replies":[{"embeddable":true,"href":"https:\/\/www.europesays.com\/fi\/wp-json\/wp\/v2\/comments?post=94721"}],"version-history":[{"count":0,"href":"https:\/\/www.europesays.com\/fi\/wp-json\/wp\/v2\/posts\/94721\/revisions"}],"wp:featuredmedia":[{"embeddable":true,"href":"https:\/\/www.europesays.com\/fi\/wp-json\/wp\/v2\/media\/94722"}],"wp:attachment":[{"href":"https:\/\/www.europesays.com\/fi\/wp-json\/wp\/v2\/media?parent=94721"}],"wp:term":[{"taxonomy":"category","embeddable":true,"href":"https:\/\/www.europesays.com\/fi\/wp-json\/wp\/v2\/categories?post=94721"},{"taxonomy":"post_tag","embeddable":true,"href":"https:\/\/www.europesays.com\/fi\/wp-json\/wp\/v2\/tags?post=94721"}],"curies":[{"name":"wp","href":"https:\/\/api.w.org\/{rel}","templated":true}]}}