{"id":94725,"date":"2025-11-19T22:25:11","date_gmt":"2025-11-19T22:25:11","guid":{"rendered":"https:\/\/www.europesays.com\/fi\/94725\/"},"modified":"2025-11-19T22:25:11","modified_gmt":"2025-11-19T22:25:11","slug":"ikavia-uutisia-ukrainalle-ja-euroopalle-merkityksellinen-henkilo-lahtee","status":"publish","type":"post","link":"https:\/\/www.europesays.com\/fi\/94725\/","title":{"rendered":"Ik\u00e4vi\u00e4 uutisia Ukrainalle ja Euroopalle \u2013 Merkityksellinen henkil\u00f6 l\u00e4htee"},"content":{"rendered":"<p>Asiasta kertovat Reutersille l\u00e4hteet.<\/p>\n<p><img decoding=\"async\" class=\"image image-show image-preview\" src=\"https:\/\/www.europesays.com\/fi\/wp-content\/uploads\/2025\/11\/0bbc690e479098f6595bb4324587b1af6b81b7ef83e54339492e9848e3eb508b.jpg\" alt=\"\"\/><img decoding=\"async\" class=\"image image-show\" src=\"https:\/\/www.europesays.com\/fi\/wp-content\/uploads\/2025\/11\/1763591111_802_0bbc690e479098f6595bb4324587b1af6b81b7ef83e54339492e9848e3eb508b.jpg\" alt=\"\"\/><\/p>\n<p>Yhdysvaltain Ukrainan-erikoisl\u00e4hettil\u00e4s Keith Kelloggin l\u00e4ht\u00f6\u00e4 ei pidet\u00e4 hyv\u00e4n\u00e4 uutisena Ukrainassa ja sen tukijamaissa. AOP<\/p>\n<p class=\"paragraph\">Yhdysvaltain presidentti <a href=\"https:\/\/www.iltalehti.fi\/henkilot\/Donald Trump\" class=\"article-link-person-page\" rel=\"nofollow noopener\" target=\"_blank\">Donald Trumpin<\/a> Ukrainan-erikoisl\u00e4hettil\u00e4s <a href=\"https:\/\/www.iltalehti.fi\/henkilot\/Keith Kellogg\" class=\"article-link-person-page\" rel=\"nofollow noopener\" target=\"_blank\">Keith Kellogg<\/a> aikoo j\u00e4tt\u00e4\u00e4 teht\u00e4v\u00e4ns\u00e4 tammikuussa, nelj\u00e4 l\u00e4hdett\u00e4 kertoo Reutersille.<\/p>\n<p class=\"paragraph\">L\u00e4hteiden mukaan Kellogg on kertonut asiasta yhteisty\u00f6kumppaneilleen.<\/p>\n<p class=\"paragraph\">Jos Kellogg poistuu, Trumpin hallinnosta l\u00e4htee yksi keskeinen Ukrainan puolestapuhuja.<\/p>\n<p class=\"paragraph\">Toistaiseksi ei ole selv\u00e4\u00e4, valitaanko Kelloggin paikalle uutta henkil\u00f6\u00e4.<\/p>\n<p class=\"paragraph\">Erikoisl\u00e4hettil\u00e4\u00e4n teht\u00e4v\u00e4 on v\u00e4liaikainen. L\u00e4hteiden mukaan senaatin tulisi ainakin teoriassa vahvistaa, ett\u00e4 l\u00e4hettil\u00e4s voisi jatkaa teht\u00e4v\u00e4ss\u00e4\u00e4n yli 360 p\u00e4iv\u00e4\u00e4.<\/p>\n<p class=\"paragraph\">L\u00e4hteiden mukaan Kellogg on antanut ymm\u00e4rt\u00e4\u00e4, ett\u00e4 tammikuu olisi luonteva aika j\u00e4tt\u00e4\u00e4 teht\u00e4v\u00e4 nykyisest\u00e4 lains\u00e4\u00e4d\u00e4nn\u00f6st\u00e4 johtuen.<\/p>\n<p class=\"paragraph\">Yksi Kelloggin n\u00e4kemyksi\u00e4 tunteva henkil\u00f6 kertoo erikoisl\u00e4hettil\u00e4\u00e4n tulleen siihen tulokseen, ett\u00e4 Ukrainan parissa ty\u00f6skentelee liian monta hallinnon viranomaista.<\/p>\n<p class=\"paragraph\">L\u00e4hteen mukaan Kellogg my\u00f6s katsoo, ett\u00e4 Trumpin hallinnossa ei tunnisteta riitt\u00e4v\u00e4sti sit\u00e4, ett\u00e4 rauhanneuvotteluissa viivyttelee Ven\u00e4j\u00e4, ei Ukraina.<\/p>\n<p class=\"paragraph\">Yhden l\u00e4hteen mukaan Kellogg ei koskaan suunnitellut, ett\u00e4 h\u00e4n ty\u00f6skentelisi Trumpin hallinnossa pitk\u00e4\u00e4n.<\/p>\n<p>Kiistoja Witkoffin kanssa<\/p>\n<p class=\"paragraph\">Kellogg on Reutersin mukaan ottanut toisinaan yhteen Yhdysvaltain L\u00e4hi-id\u00e4n erikoisl\u00e4hettil\u00e4\u00e4n <a href=\"https:\/\/www.iltalehti.fi\/henkilot\/Steve Witkoff\" class=\"article-link-person-page\" rel=\"nofollow noopener\" target=\"_blank\">Steve Witkoffin<\/a> kanssa.<\/p>\n<p class=\"paragraph\">Witkoff on ajoittain toistellut Ven\u00e4j\u00e4n presidentti <a href=\"https:\/\/www.iltalehti.fi\/henkilot\/Vladimir Putin\" class=\"article-link-person-page\" rel=\"nofollow noopener\" target=\"_blank\">Vladimir Putinin<\/a> kantoja. Lis\u00e4ksi h\u00e4n on pitk\u00e4\u00e4n kannattanut alueluovutuksia osana rauhansopimusta.<\/p>\n<p class=\"paragraph\">Uutissivusto <a href=\"https:\/\/www.axios.com\/2025\/11\/19\/ukraine-peace-plan-trump-russia-witkoff\" target=\"_blank\" rel=\"noopener nofollow\">Axios<\/a> uutisoi keskiviikkona, ett\u00e4 Witkoff johtaa Yhdysvaltain salassa laatiman rauhansuunnitelman luonnostelua.<\/p>\n<p class=\"paragraph\">Asiasta Axiosille puhuneen yhdysvaltalaisen viranomaisl\u00e4hteen mukaan Witkoff on k\u00e4ynyt suunnitelmasta laajoja keskusteluja Putinin luottomiehen\u00e4 tunnetun <a href=\"https:\/\/www.iltalehti.fi\/henkilot\/Kirill Dmitriev\" class=\"article-link-person-page\" rel=\"nofollow noopener\" target=\"_blank\">Kirill Dmitrievin<\/a> kanssa.<\/p>\n<p class=\"paragraph\">Witkoffin onnistumisena Reuters mainitsee h\u00e4nen roolinsa v\u00e4litt\u00e4j\u00e4n\u00e4 Valko-Ven\u00e4j\u00e4n kanssa k\u00e4ydyiss\u00e4 neuvotteluissa. Valko-Ven\u00e4j\u00e4n johtaja <a href=\"https:\/\/www.iltalehti.fi\/henkilot\/Aljaksandr Luka\u0161enka\" class=\"article-link-person-page\" rel=\"nofollow noopener\" target=\"_blank\">Aljaksandr Luka\u0161enka<\/a> vapautti 52 poliittista vankia <a href=\"https:\/\/apnews.com\/article\/belarus-prisoners-us-lithuania-c217e9bb36b9303e0fa2acd8e0492b37\" target=\"_blank\" rel=\"noopener nofollow\">syyskuussa<\/a> vastineena pakotteiden lievent\u00e4misest\u00e4.<\/p>\n<p class=\"paragraph\">Ukrainan-erikoisl\u00e4hettil\u00e4s Kellogg on tuominnut Ven\u00e4j\u00e4n tekem\u00e4t iskut Ukrainan siviili-infrastruktuuriin muita Trumpin hallinnon edustajia kovasanaisemmin.<\/p>\n<p>Salainen suunnitelma<\/p>\n<p class=\"paragraph\">Tietoja Yhdysvaltain ja Ven\u00e4j\u00e4n salassa laatimasta suunnitelmasta on vuodettu mediaan keskiviikkona.<\/p>\n<p class=\"paragraph\">Kahden Reutersille puhuneen l\u00e4hteen mukaan Trumpin hallinto vaatii, ett\u00e4 Ukraina luopuu joistain maa-alueistaan sek\u00e4 aseistaan.<\/p>\n<p class=\"paragraph\">Brittil\u00e4isen <a href=\"https:\/\/www.ft.com\/content\/23536bf6-c550-4896-931f-a33a1c2ad91a\" target=\"_blank\" rel=\"noopener nofollow\">The Financial Timesin<\/a> (FT) mukaan Yhdysvallat vaatii Ukrainaa puolittamaan asevoimansa sek\u00e4 luovuttamaan hallitsemansa alueet Donetskista ja Luhanskista.<\/p>\n<p class=\"paragraph\">Reutersin tietojen mukaan Kelloggilla ei ole ollut mink\u00e4\u00e4nlaista roolia suunnitelman laatimisessa.<\/p>\n","protected":false},"excerpt":{"rendered":"Asiasta kertovat Reutersille l\u00e4hteet. Yhdysvaltain Ukrainan-erikoisl\u00e4hettil\u00e4s Keith Kelloggin l\u00e4ht\u00f6\u00e4 ei pidet\u00e4 hyv\u00e4n\u00e4 uutisena Ukrainassa ja sen tukijamaissa. AOP&hellip;\n","protected":false},"author":2,"featured_media":94726,"comment_status":"","ping_status":"","sticky":false,"template":"","format":"standard","meta":{"footnotes":""},"categories":[5],"tags":[35,722,22,23,26,27,33,31,30,17,24,25,28,29,15,18,21,142,637,144,32,19,20,16,638],"class_list":{"0":"post-94725","1":"post","2":"type-post","3":"status-publish","4":"format-standard","5":"has-post-thumbnail","7":"category-otsikot","8":"tag-24h","9":"tag-amerikka","10":"tag-breaking-news","11":"tag-breakingnews","12":"tag-featured-news","13":"tag-featurednews","14":"tag-fi","15":"tag-finland","16":"tag-finnish","17":"tag-headlines","18":"tag-latest-news","19":"tag-latestnews","20":"tag-main-news","21":"tag-mainnews","22":"tag-news","23":"tag-otsikot","24":"tag-paauutiset","25":"tag-poliitikot","26":"tag-politiikka","27":"tag-presidentti","28":"tag-suomi","29":"tag-top-stories","30":"tag-topstories","31":"tag-uutiset","32":"tag-valtiovalta"},"share_on_mastodon":{"url":"https:\/\/pubeurope.com\/@fi\/115578714632437651","error":""},"_links":{"self":[{"href":"https:\/\/www.europesays.com\/fi\/wp-json\/wp\/v2\/posts\/94725","targetHints":{"allow":["GET"]}}],"collection":[{"href":"https:\/\/www.europesays.com\/fi\/wp-json\/wp\/v2\/posts"}],"about":[{"href":"https:\/\/www.europesays.com\/fi\/wp-json\/wp\/v2\/types\/post"}],"author":[{"embeddable":true,"href":"https:\/\/www.europesays.com\/fi\/wp-json\/wp\/v2\/users\/2"}],"replies":[{"embeddable":true,"href":"https:\/\/www.europesays.com\/fi\/wp-json\/wp\/v2\/comments?post=94725"}],"version-history":[{"count":0,"href":"https:\/\/www.europesays.com\/fi\/wp-json\/wp\/v2\/posts\/94725\/revisions"}],"wp:featuredmedia":[{"embeddable":true,"href":"https:\/\/www.europesays.com\/fi\/wp-json\/wp\/v2\/media\/94726"}],"wp:attachment":[{"href":"https:\/\/www.europesays.com\/fi\/wp-json\/wp\/v2\/media?parent=94725"}],"wp:term":[{"taxonomy":"category","embeddable":true,"href":"https:\/\/www.europesays.com\/fi\/wp-json\/wp\/v2\/categories?post=94725"},{"taxonomy":"post_tag","embeddable":true,"href":"https:\/\/www.europesays.com\/fi\/wp-json\/wp\/v2\/tags?post=94725"}],"curies":[{"name":"wp","href":"https:\/\/api.w.org\/{rel}","templated":true}]}}