{"id":94727,"date":"2025-11-19T22:37:09","date_gmt":"2025-11-19T22:37:09","guid":{"rendered":"https:\/\/www.europesays.com\/fi\/94727\/"},"modified":"2025-11-19T22:37:09","modified_gmt":"2025-11-19T22:37:09","slug":"eveliina-uosukainen-jakaa-rehelliset-ajatuksensa-raskauden-kehomuutoksista","status":"publish","type":"post","link":"https:\/\/www.europesays.com\/fi\/94727\/","title":{"rendered":"Eveliina Uosukainen jakaa rehelliset ajatuksensa raskauden kehomuutoksista"},"content":{"rendered":"<p>            Timo Korhonen\n        <\/p>\n<p class=\"subtitle \">Eve purkaa ajatuksiaan raskauden tuomista muutoksista kehossaan.<\/p>\n<p class=\"article-content article-content-width !bg-background\">Hyvinvointivalmentaja  ja h\u00e4nen puolisonsa  odottavat esikoislastaan.<\/p>\n<p class=\"font-weight-bold m-font-weight-bold article-content article-content-width !bg-background\">Katso video: Eve ja Joni kertovat, miten tapasivat<\/p>\n<p class=\"article-content article-content-width !bg-background\">Eveliina on puhunut avoimesti pitk\u00e4\u00e4n kest\u00e4neest\u00e4 el\u00e4m\u00e4ntapamuutoksestaan ja inspiroinut siten my\u00f6s seuraajiaan liikkumaan ja sy\u00f6m\u00e4\u00e4n terveellisemmin.<\/p>\n<p class=\"article-content article-content-width !bg-background\">Raskaus on kuitenkin luonnollisesti tuonut Evelle lis\u00e4kiloja, ja h\u00e4nen kehonsa on muuttunut.<\/p>\n<p>        <a itemprop=\"url\" href=\"https:\/\/www.seiska.fi\/kotimaa\/esikoistaan-odottava-eveliina-uosukainen-sai-koskettavan-yllatyksen\/1994568\" rel=\"nofollow noopener\" target=\"_blank\"><\/p>\n<p>\nL\u00e4hipiiri yll\u00e4tti\n<\/p>\n<p class=\"section-date\">\n        <strong class=\"article-section\" data-section=\"kotimaa\"><br \/>\n            kotimaa<br \/>\n        <\/strong><br \/>\n        17.11. 08:56\n    <\/p>\n<p>Esikoistaan odottava Eveliina Uosukainen sai koskettavan yll\u00e4tyksen\n    <\/p>\n<p itemprop=\"description\" class=\"subtitle \">\n    Esikoistaan odottava Eveliina on kertonut avoimesti lapsen saaneen alkunsa tv-kameroiden l\u00e4sn\u00e4 ollessa.\n<\/p>\n<p>        <\/a><\/p>\n<p>&#8221;Vaikka painan enemm\u00e4n&#8230;&#8221;<\/p>\n<p class=\"article-content article-content-width !bg-background\">Eve julkaisi Instagram-sivullaan videon, jossa vastaa kysymykseen, miten unelmavartalon nyt k\u00e4y. Samalla h\u00e4n avaa tuntemuksiaan siit\u00e4, kun keho on taas aiempaa painavampi.<\/p>\n<p class=\"article-content article-content-width !bg-background\"> \u2013 Rehellisesti, vaikka painan nyt enemm\u00e4n, kuin ennen muutokseni alkua, en koe samaa pahaa oloa kuin silloin. En edes siit\u00e4, milt\u00e4 n\u00e4yt\u00e4n, Eve sanoo.<\/p>\n<p>        <a itemprop=\"url\" href=\"https:\/\/www.seiska.fi\/kotimaa\/perhepaljastus-nain-eveliina-uosukainen-parjaa-joni-rakkaan-lasten-kanssa\/1934416\" rel=\"nofollow noopener\" target=\"_blank\"><\/p>\n<p>\nEve ja Joni-rakas\n<\/p>\n<p class=\"section-date\">\n        <strong class=\"article-section\" data-section=\"kotimaa\"><br \/>\n            kotimaa<br \/>\n        <\/strong><br \/>\n        23.9. 07:00\n    <\/p>\n<p>Perhepaljastus! N\u00e4in Eveliina Uosukainen p\u00e4rj\u00e4\u00e4 Joni-rakkaan lasten kanssa\n    <\/p>\n<p itemprop=\"description\" class=\"subtitle \">\n    Eve on p\u00e4\u00e4ssyt totuttelemaan lapsiperheen arkeen jo ennen esikoisensa syntym\u00e4\u00e4.\n<\/p>\n<p>        <\/a><\/p>\n<p class=\"article-content article-content-width !bg-background\">Muutos ajatusmaailmassa johtuu Eveliinan mukaan siit\u00e4, ett\u00e4 aiemmin h\u00e4n keskittyi vain ulkon\u00e4k\u00f6\u00f6ns\u00e4. Viime vuosien aikana h\u00e4n on kuitenkin oppinut rakentamaan hyvinvointiin, armollisuuteen ja joustavuuteen perustuvia el\u00e4m\u00e4ntapoja.<\/p>\n<p class=\"article-content article-content-width !bg-background\"> \u2013 Ne on juuri niit\u00e4 asioita, joita t\u00e4m\u00e4 raskaus on vaatinut.<\/p>\n<p>Hoikempana on helpompaa<\/p>\n<p class=\"article-content article-content-width !bg-background\">Eve toteaa, ett\u00e4 raskaus tuo painoa, eik\u00e4 sit\u00e4 voi v\u00e4ltt\u00e4\u00e4. Painonnousu onkin mietitytt\u00e4nyt h\u00e4nt\u00e4.<\/p>\n<p class=\"article-content article-content-width !bg-background\"> \u2013 Se on vain valitettava fakta, ett\u00e4 raskaaksi ei kannata hankkiutua, jos ei ole valmis kehon muutoksiin, h\u00e4n toteaa.<\/p>\n<p class=\"article-content article-content-width !bg-background\">Eve on yh\u00e4 raskauden aikana jatkanut samojen rutiinien yll\u00e4pitoa, sy\u00f6nyt samoja annoksia ja jatkanut samaa liikuntaa, toki mukauttaen ne raskauteen sopiviksi. Silti paino on lis\u00e4\u00e4ntynyt ja keho muuttunut isommaksi. Eve huomaa muutoksen omassa jaksamisessaan.<\/p>\n<p class=\"article-content article-content-width !bg-background\"> \u2013 En v\u00e4it\u00e4, ettenk\u00f6 ik\u00e4v\u00f6isi sit\u00e4 vanhaa kehoa ja oloa. Rehellisesti, kyll\u00e4 vaan el\u00e4m\u00e4 pienemp\u00e4n\u00e4 tuntuu kaikin puolin kevyemm\u00e4lt\u00e4. Arki, liikkuminen, mieli. On enemm\u00e4n energiaa kaikkeen, h\u00e4n my\u00f6nt\u00e4\u00e4.<\/p>\n<p class=\"article-content article-content-width !bg-background\"> \u2013 Jos minun pit\u00e4isi valita jompikumpi oloista, kyll\u00e4 valitsisin sen kevyemm\u00e4n olon. El\u00e4m\u00e4 vaan on niin paljon helpompaa hoikempana, niin raakaa kuin t\u00e4m\u00e4 onkin sanoa.<\/p>\n<p>        <a itemprop=\"url\" href=\"https:\/\/www.seiska.fi\/kotimaa\/eveliina-uosukainen-ja-joni-rakas-yllattava-sankypaljastus\/1933571\" rel=\"nofollow noopener\" target=\"_blank\"><\/p>\n<p>\nEve ja Joni-rakas\n<\/p>\n<p class=\"section-date\">\n        <strong class=\"article-section\" data-section=\"kotimaa\"><br \/>\n            kotimaa<br \/>\n        <\/strong><br \/>\n        18.9. 20:00\n    <\/p>\n<p>Eveliina Uosukainen ja Joni-rakas: Yll\u00e4tt\u00e4v\u00e4 s\u00e4nkypaljastus!\n    <\/p>\n<p itemprop=\"description\" class=\"subtitle \">\n    Even ja Jonin suhde on edennyt vauhdilla.\n<\/p>\n<p>        <\/a><\/p>\n","protected":false},"excerpt":{"rendered":"Timo Korhonen Eve purkaa ajatuksiaan raskauden tuomista muutoksista kehossaan. Hyvinvointivalmentaja ja h\u00e4nen puolisonsa odottavat esikoislastaan. Katso video: Eve&hellip;\n","protected":false},"author":2,"featured_media":94728,"comment_status":"","ping_status":"","sticky":false,"template":"","format":"standard","meta":{"footnotes":""},"categories":[136],"tags":[407,2995,137,2657,33,31,30,2233,2656,408,2528,18619,2882,98,2443,900,32,167,109],"class_list":{"0":"post-94727","1":"post","2":"type-post","3":"status-publish","4":"format-standard","5":"has-post-thumbnail","7":"category-julkkikset","8":"tag-celebrities","9":"tag-elamantapamuutos","10":"tag-entertainment","11":"tag-eveliina-uosukainen","12":"tag-fi","13":"tag-finland","14":"tag-finnish","15":"tag-hyvinvointi","16":"tag-joni-rintala","17":"tag-julkkikset","18":"tag-paino","19":"tag-painonnousu","20":"tag-painonpudotus","21":"tag-perhe","22":"tag-raskaus","23":"tag-ruoka","24":"tag-suomi","25":"tag-terveys","26":"tag-viihde"},"share_on_mastodon":{"url":"https:\/\/pubeurope.com\/@fi\/115578761606981072","error":""},"_links":{"self":[{"href":"https:\/\/www.europesays.com\/fi\/wp-json\/wp\/v2\/posts\/94727","targetHints":{"allow":["GET"]}}],"collection":[{"href":"https:\/\/www.europesays.com\/fi\/wp-json\/wp\/v2\/posts"}],"about":[{"href":"https:\/\/www.europesays.com\/fi\/wp-json\/wp\/v2\/types\/post"}],"author":[{"embeddable":true,"href":"https:\/\/www.europesays.com\/fi\/wp-json\/wp\/v2\/users\/2"}],"replies":[{"embeddable":true,"href":"https:\/\/www.europesays.com\/fi\/wp-json\/wp\/v2\/comments?post=94727"}],"version-history":[{"count":0,"href":"https:\/\/www.europesays.com\/fi\/wp-json\/wp\/v2\/posts\/94727\/revisions"}],"wp:featuredmedia":[{"embeddable":true,"href":"https:\/\/www.europesays.com\/fi\/wp-json\/wp\/v2\/media\/94728"}],"wp:attachment":[{"href":"https:\/\/www.europesays.com\/fi\/wp-json\/wp\/v2\/media?parent=94727"}],"wp:term":[{"taxonomy":"category","embeddable":true,"href":"https:\/\/www.europesays.com\/fi\/wp-json\/wp\/v2\/categories?post=94727"},{"taxonomy":"post_tag","embeddable":true,"href":"https:\/\/www.europesays.com\/fi\/wp-json\/wp\/v2\/tags?post=94727"}],"curies":[{"name":"wp","href":"https:\/\/api.w.org\/{rel}","templated":true}]}}