{"id":94729,"date":"2025-11-19T22:38:12","date_gmt":"2025-11-19T22:38:12","guid":{"rendered":"https:\/\/www.europesays.com\/fi\/94729\/"},"modified":"2025-11-19T22:38:12","modified_gmt":"2025-11-19T22:38:12","slug":"taidegalleria-villa-suruttomalle-maakunnan-merkittavin-taidepalkinto-kylla-tama-ihan-puskista-tuli-paikalliset","status":"publish","type":"post","link":"https:\/\/www.europesays.com\/fi\/94729\/","title":{"rendered":"Taidegalleria Villa Suruttomalle maakunnan merkitt\u00e4vin taidepalkinto \u2013 &#8221;Kyll\u00e4 t\u00e4m\u00e4 ihan puskista tuli&#8221; | Paikalliset"},"content":{"rendered":"<p>Etel\u00e4-Savon taidepalkinto tuli Savonlinnan seudulle nyt kolmatta kertaa per\u00e4kk\u00e4in.<\/p>\n<p>Kuvataiteilija<strong> Tuomo Kukkosen<\/strong> ja sisustussuunnittelija <strong>Christian Irjalan<\/strong> perustama taidegalleria Villa Suruton saa Etel\u00e4-Savon taidepalkinnon t\u00e4n\u00e4 vuonna Etel\u00e4-Savon taidetoimikunnan my\u00f6nt\u00e4m\u00e4 tunnustus on maakunnan merkitt\u00e4vin vuosittain jaettava taidepalkinto, joka tuli Savonlinnan seudulle nyt kolmatta kertaa per\u00e4kk\u00e4in.<\/p>\n","protected":false},"excerpt":{"rendered":"Etel\u00e4-Savon taidepalkinto tuli Savonlinnan seudulle nyt kolmatta kertaa per\u00e4kk\u00e4in. Kuvataiteilija Tuomo Kukkosen ja sisustussuunnittelija Christian Irjalan perustama taidegalleria&hellip;\n","protected":false},"author":2,"featured_media":94730,"comment_status":"","ping_status":"","sticky":false,"template":"","format":"standard","meta":{"footnotes":""},"categories":[135],"tags":[389,387,388,9193,390,137,33,31,30,108,763,1000,16691,32,394,397,485,484,393,391,392,109],"class_list":{"0":"post-94729","1":"post","2":"type-post","3":"status-publish","4":"format-standard","5":"has-post-thumbnail","7":"category-taiteet-ja-suunnittelu","8":"tag-arts","9":"tag-arts-and-design","10":"tag-artsanddesign","11":"tag-big-band","12":"tag-design","13":"tag-entertainment","14":"tag-fi","15":"tag-finland","16":"tag-finnish","17":"tag-kulttuuri","18":"tag-kulttuuri-ja-viihde","19":"tag-savonlinna","20":"tag-savonlinnan-kaupunki","21":"tag-suomi","22":"tag-suunnittelu","23":"tag-taide","24":"tag-taide-yleista","25":"tag-taiteellinen-ilmaisu-ja-mediat","26":"tag-taiteet","27":"tag-taiteet-ja-suunnittelu","28":"tag-taiteetsuunnittelu","29":"tag-viihde"},"share_on_mastodon":{"url":"https:\/\/pubeurope.com\/@fi\/115578765502403420","error":""},"_links":{"self":[{"href":"https:\/\/www.europesays.com\/fi\/wp-json\/wp\/v2\/posts\/94729","targetHints":{"allow":["GET"]}}],"collection":[{"href":"https:\/\/www.europesays.com\/fi\/wp-json\/wp\/v2\/posts"}],"about":[{"href":"https:\/\/www.europesays.com\/fi\/wp-json\/wp\/v2\/types\/post"}],"author":[{"embeddable":true,"href":"https:\/\/www.europesays.com\/fi\/wp-json\/wp\/v2\/users\/2"}],"replies":[{"embeddable":true,"href":"https:\/\/www.europesays.com\/fi\/wp-json\/wp\/v2\/comments?post=94729"}],"version-history":[{"count":0,"href":"https:\/\/www.europesays.com\/fi\/wp-json\/wp\/v2\/posts\/94729\/revisions"}],"wp:featuredmedia":[{"embeddable":true,"href":"https:\/\/www.europesays.com\/fi\/wp-json\/wp\/v2\/media\/94730"}],"wp:attachment":[{"href":"https:\/\/www.europesays.com\/fi\/wp-json\/wp\/v2\/media?parent=94729"}],"wp:term":[{"taxonomy":"category","embeddable":true,"href":"https:\/\/www.europesays.com\/fi\/wp-json\/wp\/v2\/categories?post=94729"},{"taxonomy":"post_tag","embeddable":true,"href":"https:\/\/www.europesays.com\/fi\/wp-json\/wp\/v2\/tags?post=94729"}],"curies":[{"name":"wp","href":"https:\/\/api.w.org\/{rel}","templated":true}]}}