{"id":94731,"date":"2025-11-19T22:42:10","date_gmt":"2025-11-19T22:42:10","guid":{"rendered":"https:\/\/www.europesays.com\/fi\/94731\/"},"modified":"2025-11-19T22:42:10","modified_gmt":"2025-11-19T22:42:10","slug":"arvio-nunnia-vai-konnia-menestysromaaniin-pohjautuva-elokuva-on-pysayttava-kokemus","status":"publish","type":"post","link":"https:\/\/www.europesays.com\/fi\/94731\/","title":{"rendered":"Arvio: Nunnia vai konnia? Menestysromaaniin pohjautuva elokuva on pys\u00e4ytt\u00e4v\u00e4 kokemus"},"content":{"rendered":"<p>Ensi kev\u00e4\u00e4n\u00e4 50 vuotta t\u00e4ytt\u00e4v\u00e4 <strong>Cillian Murphy<\/strong> tekee kenties el\u00e4m\u00e4ns\u00e4 parhaan elokuvaroolin tekem\u00e4tt\u00e4 paljon mit\u00e4\u00e4n.<\/p>\n<p>N\u00e4ink\u00f6han siin\u00e4 k\u00e4vi, ett\u00e4 kun belgialainen <strong>Tim Mielants<\/strong> ohjasi erinomaisen Peaky Blinders -tv-sarjan kolmannen tuotantokauden kuusi jaksoa viime vuosikymmenen puoliv\u00e4liss\u00e4, h\u00e4n p\u00e4\u00e4tti, ett\u00e4 jonain p\u00e4iv\u00e4n\u00e4 h\u00e4n viel\u00e4 tekee pitk\u00e4n elokuvan sarjassa p\u00e4\u00e4osaa esitt\u00e4neen Cillian Murphyn kanssa. Ja antaa t\u00e4lle t\u00e4ysin p\u00e4invastaisen roolin kuin mit\u00e4 Peaky Blindersin l\u00e4pipaatunut gangsteriperheen pomoksi nouseva Thomas Shelby oli.<\/p>\n<p>Olettamuksiahan nuo vain ovat, mutta joka tapauksessa Murphy tekee Mielantsin ohjaamassa elokuvassa N\u00e4m\u00e4 pienet asiat t\u00e4ydellisen laupiaan irlantilaismiehen roolin.<\/p>\n<p><strong>TOISSA VUONNA<\/strong> suomeksi ilmestyneeseen <strong>Claire Keeganin<\/strong> menestysromaanin (alkuteos Small Little Things, 2021) pohjautuva elokuva on pys\u00e4ytt\u00e4v\u00e4 kokemus.<\/p>\n<p>Ensinn\u00e4kin siksi, ett\u00e4 se kuvaa maailmaa ja yhteiskuntaa, joka itsess\u00e4\u00e4n tuntuu pys\u00e4htyneen eli fakkiutuneen tiettyihin omiin, uskonnosta kumpuaviin normeihinsa, joiden moraali n\u00e4ytt\u00e4ytyy nykyp\u00e4iv\u00e4n perspektiivist\u00e4 mielt\u00e4 kuohuttavalta, l\u00e4hes k\u00e4sitt\u00e4m\u00e4tt\u00f6m\u00e4lt\u00e4.<\/p>\n<p>Toiseksi siksi, ett\u00e4 Keeganin romaaniinsa kirjaaman tapahtumaketjun takana on tositarina.<\/p>\n<p><strong><br \/>ELOKUVA:<\/strong><br \/>N\u00e4m\u00e4 pienet asiat<br \/>Ohjaus:<strong> Tim Mielants<\/strong><br \/>P\u00e4\u00e4osissa: <strong>Cillian Murphy<\/strong>, <strong>Zara Devlin<\/strong>, <strong>Eileen Walsh<\/strong><br \/>2024, 98 min. Ensi-ilta 21.11.<br \/><strong>\u2605\u2605\u2605\u2605\u2606 <\/strong><\/p>\n<p>Siksi N\u00e4m\u00e4 pienet asiat -elokuvan yksi vavahduttavimmista hetkist\u00e4 osuu sen lopputekstien alkuun: elokuva on omistettu \u201dniille 56 000 nuorelle naiselle, jotka l\u00e4hetettiin Magdalena-laitoksiin kuntoutumaan ja katumaan\u201d.<\/p>\n<p>Kuntoutumaan vai katumaan? Kumpikohan p\u00e4\u00e4m\u00e4\u00e4r\u00e4 mahtoi olla t\u00e4rke\u00e4mp\u00e4\u00e4 Irlannin katoliselle kirkolle, jonka nunnaluostareissa yll\u00e4pidettiin niin sanottuja Magdalena-pesuloita 1920-luvulta aina 1990-luvun puoliv\u00e4lin tienoille?<\/p>\n<p>N\u00e4iden luostareiden \u201dsuojiin\u201d eli internoitiin pakolla muun muassa aviottomana raskaaksi tulleita nuoria naisia, jotka synnyttiv\u00e4t siell\u00e4, ja joiden lapset otettiin kirkon kautta adoptioon.<\/p>\n<p>Magdalena-pesuloihin pakkot\u00f6ihin eli todellakin paljolti pyykk\u00e4reiksi ei suljettu pelk\u00e4st\u00e4\u00e4n au-\u00e4itej\u00e4 vaan v\u00e4h\u00e4n kaikenlaisia Irlannin katolisen kirkon mielest\u00e4 moraaliltaan arveluttavina pit\u00e4mi\u00e4 nuoria naisia: orpoja, vammaisia tai ihan vain kapinahenkisi\u00e4.<\/p>\n<p><strong>MIELANTSIN ELOKUVASSA<\/strong> kuten Keeganin romaanissakin elet\u00e4\u00e4n 1980-lukua. Bill Furlong (Murphy) on uuttera ison perheen p\u00e4\u00e4, joka ansaitsee leip\u00e4ns\u00e4 energiahuoltoteht\u00e4viss\u00e4, kuten nykyp\u00e4iv\u00e4n\u00e4 ehk\u00e4 sanottaisiin. Toisin sanoen h\u00e4n hoitelee hiilikauppaa, joka huolehtii kaupungin (elokuvassa nimett\u00f6m\u00e4n) talouksien l\u00e4mm\u00f6nsaannista.<\/p>\n<p>H\u00e4n kuskaa hiili\u00e4 my\u00f6s nunnaluostariin, jossa h\u00e4n sattumalta n\u00e4kee er\u00e4st\u00e4 nuorta tytt\u00f6\u00e4 kurmootettavan pihalla, ja kohta h\u00e4n l\u00f6yt\u00e4\u00e4kin t\u00e4m\u00e4n kaltoin kohdellun Sarahin (<strong>Zara Devlin<\/strong>) luostarin hiilikellariin piiloutuneena. Tytt\u00f6 on raskaana ja h\u00e4diss\u00e4\u00e4n, joten Billiss\u00e4 her\u00e4\u00e4 halu auttaa.<\/p>\n<p>Tytt\u00f6 palautuu viel\u00e4 nunnien hoteisiin, mutta seuraavalla kerralla Bill ottaa jo omank\u00e4denoikeuden k\u00e4ytt\u00f6\u00f6ns\u00e4. Siit\u00e4kin huolimatta, ett\u00e4 h\u00e4nen el\u00e4m\u00e4nymp\u00e4rist\u00f6ns\u00e4 n\u00e4ytt\u00e4\u00e4 hiljaisesti hyv\u00e4ksyneen kirkon toimintatavan, joka antaa sille valtuudet ottaa \u201deksyneet lampaat\u201d pakolla huomaansa. Asioihin puuttuminen on Billille my\u00f6s taloudellinen riski, sill\u00e4 luostari on h\u00e4nen hiilibisnekselleen merkitt\u00e4v\u00e4 asiakas.<\/p>\n<p>N\u00e4m\u00e4 pienet asiat -elokuvan tapa l\u00e4hesty\u00e4 kipe\u00e4\u00e4 aihettaan on kiihkoton. Se n\u00e4ytt\u00e4\u00e4 yksitt\u00e4istapauksen kautta katolisen kirkon kyseenalaisen moraalin, mutta ei \u00e4idy manifestoimaan ja kaivamaan totuuskomission lailla syyllisi\u00e4 esiin. Nunniakaan ei demonisoida, vaikka he t\u00e4m\u00e4n tarinan konnia omalla hiljentyv\u00e4ll\u00e4, mutta my\u00f6s hiljent\u00e4v\u00e4ll\u00e4 tavallaan ovatkin.<\/p>\n<p><img loading=\"lazy\" decoding=\"async\" class=\"aligncenter size-full wp-image-970647\" src=\"https:\/\/www.europesays.com\/fi\/wp-content\/uploads\/2025\/11\/watson-scaled.jpg\" alt=\"\" width=\"2560\" height=\"1707\"  \/><\/p>\n<p>Elokuva on puhdistettu kaikesta sensationaalisuudesta ja hy\u00f6kk\u00e4\u00e4vyydest\u00e4. Sen tarinankuljetus on \u00e4\u00e4rimm\u00e4isen rauhallista, dialogi sordinoitua, eik\u00e4 kukaan henkil\u00f6ist\u00e4 tunnu provosoituvan mist\u00e4\u00e4n.<\/p>\n<p>Ei edes luostarin abbedissa (<strong>Emily Watson<\/strong> kirjaimellisesti j\u00e4\u00e4t\u00e4v\u00e4ss\u00e4 roolissa), jonka puhuteltavaksi Bill Furlong auttamishalussaan p\u00e4\u00e4tyy. (Kylmin teehetki ikin\u00e4!)<\/p>\n<p>Siksi joka suhteessa tummas\u00e4vyinen N\u00e4m\u00e4 pienet asiat on kaunista katsottavaa t\u00e4ss\u00e4 ajassa, jossa elokuvat useimmiten tuntuvat tehostemassoineen vy\u00f6ryv\u00e4n valkokankaalta katsojan p\u00e4\u00e4lle.<\/p>\n<p>Musiikin tempomerkinn\u00f6ill\u00e4 se on ehdottomasti l\u00e4hemp\u00e4n\u00e4 largoa (hyvin hitaasti) kuin prestoa (kiireisesti), niin kuin on vaikuttavan pienesti n\u00e4yttelev\u00e4 Cillian Murphykin.<\/p>\n<p><strong>T\u00c4M\u00c4 IRLANNIN <\/strong>historian h\u00e4pe\u00e4tahra, johon osallisuudestaan eli hiljaisesta hyv\u00e4ksymisest\u00e4\u00e4n maan hallitus esitti p\u00e4\u00e4ministerin suulla vuonna 2013 virallisen anteeksipyynn\u00f6n, ei toki ole ensimm\u00e4ist\u00e4 kertaa elokuvissa framilla.<\/p>\n<p>Maineikas brittiohjaaja <strong>Stephen Frears<\/strong> k\u00e4sitteli t\u00e4t\u00e4 kipe\u00e4\u00e4 aihetta vuonna 2013 ilmestyneess\u00e4, hyvin menestyneess\u00e4 elokuvassaan Philomena. Sekin l\u00e4hestyi aihetta tosipohjaisesti eli kertomalla katolisen kirkon adoptiotoimia vastustanaan nousseen <strong>Philomena Leen<\/strong> j\u00e4ljitysty\u00f6st\u00e4 l\u00f6yt\u00e4\u00e4 aviottomana synnytt\u00e4m\u00e4ns\u00e4 pojan, jonka Magdalena-systeemi 1950-luvulla h\u00e4nelt\u00e4 vei.<\/p>\n<p>Frearsia ennen aihetta k\u00e4sitteli skotlantilainen ohjaaja<strong> Peter Mullan<\/strong> elokuvassaan The Magdalena Sisters, joka voitti muun muassa Venetsian elokuvajuhlien p\u00e4\u00e4palkinnon vuonna 2002, mutta joka ei siit\u00e4 huolimatta Suomessa tullut kuin dvd-levitykseen.<\/p>\n<p>Kuriositeettina mainittakoon, ett\u00e4 N\u00e4m\u00e4 pienet asiat -elokuvassa Bill Furlongin vaimoa n\u00e4yttelev\u00e4 <strong>Eileen Walsh<\/strong> n\u00e4htiin Mullenin elokuvan yhdess\u00e4 p\u00e4\u00e4osassa Magdalena-nunnien \u201dkuntouttamana\u201d nuorena naisena.<\/p>\n<p>Voisi olettaa, ett\u00e4 kun ensi vuonna tulee kuluneeksi 30 vuotta \u2013 vasta! \u2013 Magdalena-laitosten alasajosta, tuo Irlannin kirkon ja valtion h\u00e4pe\u00e4pilkku nousee taas taiteen keinoin esiin.<\/p>\n","protected":false},"excerpt":{"rendered":"Ensi kev\u00e4\u00e4n\u00e4 50 vuotta t\u00e4ytt\u00e4v\u00e4 Cillian Murphy tekee kenties el\u00e4m\u00e4ns\u00e4 parhaan elokuvaroolin tekem\u00e4tt\u00e4 paljon mit\u00e4\u00e4n. N\u00e4ink\u00f6han siin\u00e4 k\u00e4vi,&hellip;\n","protected":false},"author":2,"featured_media":94732,"comment_status":"","ping_status":"","sticky":false,"template":"","format":"standard","meta":{"footnotes":""},"categories":[131],"tags":[155,137,33,173,31,30,172,32,109],"class_list":{"0":"post-94731","1":"post","2":"type-post","3":"status-publish","4":"format-standard","5":"has-post-thumbnail","7":"category-elokuvat","8":"tag-elokuvat","9":"tag-entertainment","10":"tag-fi","11":"tag-film","12":"tag-finland","13":"tag-finnish","14":"tag-movies","15":"tag-suomi","16":"tag-viihde"},"share_on_mastodon":{"url":"https:\/\/pubeurope.com\/@fi\/115578781541252817","error":""},"_links":{"self":[{"href":"https:\/\/www.europesays.com\/fi\/wp-json\/wp\/v2\/posts\/94731","targetHints":{"allow":["GET"]}}],"collection":[{"href":"https:\/\/www.europesays.com\/fi\/wp-json\/wp\/v2\/posts"}],"about":[{"href":"https:\/\/www.europesays.com\/fi\/wp-json\/wp\/v2\/types\/post"}],"author":[{"embeddable":true,"href":"https:\/\/www.europesays.com\/fi\/wp-json\/wp\/v2\/users\/2"}],"replies":[{"embeddable":true,"href":"https:\/\/www.europesays.com\/fi\/wp-json\/wp\/v2\/comments?post=94731"}],"version-history":[{"count":0,"href":"https:\/\/www.europesays.com\/fi\/wp-json\/wp\/v2\/posts\/94731\/revisions"}],"wp:featuredmedia":[{"embeddable":true,"href":"https:\/\/www.europesays.com\/fi\/wp-json\/wp\/v2\/media\/94732"}],"wp:attachment":[{"href":"https:\/\/www.europesays.com\/fi\/wp-json\/wp\/v2\/media?parent=94731"}],"wp:term":[{"taxonomy":"category","embeddable":true,"href":"https:\/\/www.europesays.com\/fi\/wp-json\/wp\/v2\/categories?post=94731"},{"taxonomy":"post_tag","embeddable":true,"href":"https:\/\/www.europesays.com\/fi\/wp-json\/wp\/v2\/tags?post=94731"}],"curies":[{"name":"wp","href":"https:\/\/api.w.org\/{rel}","templated":true}]}}