{"id":94733,"date":"2025-11-19T22:44:12","date_gmt":"2025-11-19T22:44:12","guid":{"rendered":"https:\/\/www.europesays.com\/fi\/94733\/"},"modified":"2025-11-19T22:44:12","modified_gmt":"2025-11-19T22:44:12","slug":"eetu-luostarinen-loukkaantui-grillitapaturmassa-nhl-com-fi","status":"publish","type":"post","link":"https:\/\/www.europesays.com\/fi\/94733\/","title":{"rendered":"Eetu Luostarinen loukkaantui grillitapaturmassa | NHL.com\/fi"},"content":{"rendered":"<p>Florida Panthersin loukkaantuneiden pelaajien lista sai jatkoa keskiviikkona, kun Eetu Luostarisen kerrottiin joutuvan toistaiseksi sivuun.<\/p>\n<p>Panthersin p\u00e4\u00e4valmentaja Paul Mauricen mukaan Luostarinen sai palovammoja grillitapaturmassa. H\u00e4nen tilannettaan seurataan viikko kerrallaan.<\/p>\n<p>&#8211; Eetulle k\u00e4vi vahinko. Sanon, ett\u00e4 h\u00e4n on poissa viikon kerrallaan, koska meill\u00e4 ei ole t\u00e4llaisesta kauheasti kokemusta. Kyse on enemm\u00e4n siit\u00e4, milloin h\u00e4n pystyy laittamaan varusteet p\u00e4\u00e4lle mukavasti ja taas pelaamaan. H\u00e4n k\u00e4vi l\u00e4\u00e4k\u00e4rin tutkittavana, mutta ei j\u00e4\u00e4nyt sairaalaan y\u00f6ksi, Maurice taustoitti.<\/p>\n<p>Luostarinen, 27, on tehnyt t\u00e4m\u00e4n kauden 18 ottelussaan kymmenen pistett\u00e4. Panthersin hy\u00f6kk\u00e4yksest\u00e4 ovat puuttuneet my\u00f6s Aleksander Barkov, Matthew Tkachuk, Tomas Nosek ja Jonah Gadjovich.<\/p>\n","protected":false},"excerpt":{"rendered":"Florida Panthersin loukkaantuneiden pelaajien lista sai jatkoa keskiviikkona, kun Eetu Luostarisen kerrottiin joutuvan toistaiseksi sivuun. Panthersin p\u00e4\u00e4valmentaja Paul&hellip;\n","protected":false},"author":2,"featured_media":94734,"comment_status":"","ping_status":"","sticky":false,"template":"","format":"standard","meta":{"footnotes":""},"categories":[158],"tags":[33,31,30,159,32,160],"class_list":{"0":"post-94733","1":"post","2":"type-post","3":"status-publish","4":"format-standard","5":"has-post-thumbnail","7":"category-urheilu","8":"tag-fi","9":"tag-finland","10":"tag-finnish","11":"tag-sports","12":"tag-suomi","13":"tag-urheilu"},"share_on_mastodon":{"url":"https:\/\/pubeurope.com\/@fi\/115578789398530602","error":""},"_links":{"self":[{"href":"https:\/\/www.europesays.com\/fi\/wp-json\/wp\/v2\/posts\/94733","targetHints":{"allow":["GET"]}}],"collection":[{"href":"https:\/\/www.europesays.com\/fi\/wp-json\/wp\/v2\/posts"}],"about":[{"href":"https:\/\/www.europesays.com\/fi\/wp-json\/wp\/v2\/types\/post"}],"author":[{"embeddable":true,"href":"https:\/\/www.europesays.com\/fi\/wp-json\/wp\/v2\/users\/2"}],"replies":[{"embeddable":true,"href":"https:\/\/www.europesays.com\/fi\/wp-json\/wp\/v2\/comments?post=94733"}],"version-history":[{"count":0,"href":"https:\/\/www.europesays.com\/fi\/wp-json\/wp\/v2\/posts\/94733\/revisions"}],"wp:featuredmedia":[{"embeddable":true,"href":"https:\/\/www.europesays.com\/fi\/wp-json\/wp\/v2\/media\/94734"}],"wp:attachment":[{"href":"https:\/\/www.europesays.com\/fi\/wp-json\/wp\/v2\/media?parent=94733"}],"wp:term":[{"taxonomy":"category","embeddable":true,"href":"https:\/\/www.europesays.com\/fi\/wp-json\/wp\/v2\/categories?post=94733"},{"taxonomy":"post_tag","embeddable":true,"href":"https:\/\/www.europesays.com\/fi\/wp-json\/wp\/v2\/tags?post=94733"}],"curies":[{"name":"wp","href":"https:\/\/api.w.org\/{rel}","templated":true}]}}