{"id":94735,"date":"2025-11-19T22:45:13","date_gmt":"2025-11-19T22:45:13","guid":{"rendered":"https:\/\/www.europesays.com\/fi\/94735\/"},"modified":"2025-11-19T22:45:13","modified_gmt":"2025-11-19T22:45:13","slug":"saija-tuupanen-kertoo-annalle-pysayttavia-antoi-ylen-vessassa-sitten-tehtiin-testi","status":"publish","type":"post","link":"https:\/\/www.europesays.com\/fi\/94735\/","title":{"rendered":"Saija Tuupanen kertoo Annalle pys\u00e4ytt\u00e4vi\u00e4: Antoi ylen vessassa, sitten tehtiin testi&#8230;"},"content":{"rendered":"<p>Suomen kovin iskelm\u00e4t\u00e4hti Saija Tuupanen on avautunut Anna-lehdess\u00e4 el\u00e4m\u00e4st\u00e4\u00e4n. Nainen syv\u00e4luotaa mennytt\u00e4 avoimesti ja kertoo, ett\u00e4 on helposti n\u00e4kem\u00e4ss\u00e4 itsess\u00e4\u00e4n virheit\u00e4. H\u00e4n my\u00f6s paljastaa olevansa taipuvainen ylisuorittamiseen.<\/p>\n<p>-Esiintyess\u00e4 en pysty ikin\u00e4 antamaan itsest\u00e4ni vain vaikkapa 98 prosenttia, vaan aina pit\u00e4\u00e4 olla sata lasissa. Muutoin olen kauhean pettynyt itseeni, Saija toteaa Annassa.<\/p>\n<p>\u201dMinua ei painostettu\u201d<\/p>\n<p>Ylisuorittaminen on peruja jo kouluajoilta. Saija sanoo Anna-lehdess\u00e4 poteneensa jo tuolloin valtavaa syyllisyytt\u00e4, jos teht\u00e4v\u00e4t j\u00e4iv\u00e4t v\u00e4h\u00e4nk\u00e4\u00e4n huonommin suoritetuiksi.<\/p>\n<p>Lue my\u00f6s: <a href=\"https:\/\/www.como.fi\/uutiset\/ennen-lavalle-astumista-saija-tuupanen-tekee-tempun-jota-harva-uskoisi\/\" title=\"Ennen lavalle astumista Saija Tuupanen tekee tempun, jota harva uskoisi\" class=\"underline-custom !font-montserrat !font-bold !underline-offset-4 !decoration-4 !decoration-red-600 !text-md\" rel=\"nofollow noopener\" target=\"_blank\">Ennen lavalle astumista Saija Tuupanen tekee tempun, jota harva uskoisi<\/a><\/p>\n<p>Lue my\u00f6s: <a href=\"https:\/\/www.como.fi\/uutiset\/saija-tuupanen-jaa-pitkalle-tauolle-hanella-on-myos-varsin-erikoinen-jouluperinne\/\" title=\"Saija Tuupanen j\u00e4\u00e4 pitk\u00e4lle tauolle \u2013 h\u00e4nell\u00e4 on my\u00f6s varsin erikoinen jouluperinne!\" class=\"underline-custom !font-montserrat !font-bold !underline-offset-4 !decoration-4 !decoration-red-600 !text-md\" rel=\"nofollow noopener\" target=\"_blank\">Saija Tuupanen j\u00e4\u00e4 pitk\u00e4lle tauolle \u2013 h\u00e4nell\u00e4 on my\u00f6s varsin erikoinen jouluperinne!<\/a><\/p>\n<p>-Ihmettelen mist\u00e4 t\u00e4ydellisyyden tavoitteluni kumpuaa. Kotona arvostettiin kyll\u00e4 korkeaa ty\u00f6moraalia, mutta ei minua ikin\u00e4 painostettu tai vaadittu liikoja. P\u00e4invastoin, vanhemmat ovat tukeneet kaikessa, Saija p\u00e4hk\u00e4ilee lehdess\u00e4.<\/p>\n<p>Saija arvelee, ett\u00e4 ainakin osasyyn\u00e4 huonoon itsetuntoon on koulukiusaaminen. H\u00e4nt\u00e4 haukuttiin py\u00f6re\u00e4ksi.<\/p>\n<p>\u201dSy\u00f6ksyin saman tien vessaan\u201d<\/p>\n<p>Saija kertoo jutussa alkaneensa lopulta aihduttaa \u2013 ja se sai liian suuret mittasuhteet. H\u00e4n sairastui sy\u00f6mish\u00e4iri\u00f6\u00f6n.<\/p>\n<p>Lue my\u00f6s: <a href=\"https:\/\/www.como.fi\/uutiset\/suomalaislaulajalle-suru-uutisia-vihdoin-katoaminen-selvisi\/\" title=\"Suomalaislaulajalle suru-uutisia: Vihdoin katoaminen selvisi\" class=\"underline-custom !font-montserrat !font-bold !underline-offset-4 !decoration-4 !decoration-red-600 !text-md\" rel=\"nofollow noopener\" target=\"_blank\">Suomalaislaulajalle suru-uutisia: Vihdoin katoaminen selvisi<\/a><\/p>\n<p>-Ammattikouluaikoina asuin itsekseni, eik\u00e4 kukaan ei ollut valvomassa sy\u00f6misi\u00e4ni. Opiskelin kokiksi, ja on uskomatonta, miten usein pystyin v\u00e4ist\u00e4m\u00e4\u00e4n ruokailemisen. En ikin\u00e4 unohda hetke\u00e4, jolloin opettaja pakotti minut maistamaan valmistamaani j\u00e4lkiruokaa. Sy\u00f6ksyin saman tien vessaan oksentamaan, Saija toteaa.<\/p>\n<p>Lopulta veriarvot sy\u00f6ksyiv\u00e4t ja oli pakko tehd\u00e4 asialle jotain.<\/p>\n<p>-Ei sairaus minusta varmaan koskaan h\u00e4vi\u00e4, aina on pieni kontrolli p\u00e4\u00e4ll\u00e4. T\u00e4m\u00e4 ala ei varsinaisesti edesauta tervett\u00e4 kehonkuvaa, Saija my\u00f6nt\u00e4\u00e4 <a href=\"https:\/\/anna.fi\/ihmiset\/saija-tuupanen-tulevaisuudestaan\" rel=\"nofollow noopener\" target=\"_blank\">Annalle.<\/a><\/p>\n<p>Lue my\u00f6s: <a href=\"https:\/\/www.como.fi\/tilaa-comon-uutiskirje\/\" title=\"Tilaa Comon uutiskirje ja tied\u00e4t mist\u00e4 kahvitauolla puhutaan! Nappaa kotimaan tv-vinkit ja puheenaiheet suoraan s\u00e4hk\u00f6postiin t\u00e4st\u00e4.\" class=\"underline-custom !font-montserrat !font-bold !underline-offset-4 !decoration-4 !decoration-red-600 !text-md\" rel=\"nofollow noopener\" target=\"_blank\">Tilaa Comon uutiskirje ja tied\u00e4t mist\u00e4 kahvitauolla puhutaan! Nappaa kotimaan tv-vinkit ja puheenaiheet suoraan s\u00e4hk\u00f6postiin t\u00e4st\u00e4.<\/a><\/p>\n","protected":false},"excerpt":{"rendered":"Suomen kovin iskelm\u00e4t\u00e4hti Saija Tuupanen on avautunut Anna-lehdess\u00e4 el\u00e4m\u00e4st\u00e4\u00e4n. Nainen syv\u00e4luotaa mennytt\u00e4 avoimesti ja kertoo, ett\u00e4 on helposti&hellip;\n","protected":false},"author":2,"featured_media":74004,"comment_status":"","ping_status":"","sticky":false,"template":"","format":"standard","meta":{"footnotes":""},"categories":[130],"tags":[137,33,31,30,4831,32,109],"class_list":{"0":"post-94735","1":"post","2":"type-post","3":"status-publish","4":"format-standard","5":"has-post-thumbnail","7":"category-viihde","8":"tag-entertainment","9":"tag-fi","10":"tag-finland","11":"tag-finnish","12":"tag-saija-tuupanen","13":"tag-suomi","14":"tag-viihde"},"share_on_mastodon":{"url":"https:\/\/pubeurope.com\/@fi\/115578793068115737","error":""},"_links":{"self":[{"href":"https:\/\/www.europesays.com\/fi\/wp-json\/wp\/v2\/posts\/94735","targetHints":{"allow":["GET"]}}],"collection":[{"href":"https:\/\/www.europesays.com\/fi\/wp-json\/wp\/v2\/posts"}],"about":[{"href":"https:\/\/www.europesays.com\/fi\/wp-json\/wp\/v2\/types\/post"}],"author":[{"embeddable":true,"href":"https:\/\/www.europesays.com\/fi\/wp-json\/wp\/v2\/users\/2"}],"replies":[{"embeddable":true,"href":"https:\/\/www.europesays.com\/fi\/wp-json\/wp\/v2\/comments?post=94735"}],"version-history":[{"count":0,"href":"https:\/\/www.europesays.com\/fi\/wp-json\/wp\/v2\/posts\/94735\/revisions"}],"wp:featuredmedia":[{"embeddable":true,"href":"https:\/\/www.europesays.com\/fi\/wp-json\/wp\/v2\/media\/74004"}],"wp:attachment":[{"href":"https:\/\/www.europesays.com\/fi\/wp-json\/wp\/v2\/media?parent=94735"}],"wp:term":[{"taxonomy":"category","embeddable":true,"href":"https:\/\/www.europesays.com\/fi\/wp-json\/wp\/v2\/categories?post=94735"},{"taxonomy":"post_tag","embeddable":true,"href":"https:\/\/www.europesays.com\/fi\/wp-json\/wp\/v2\/tags?post=94735"}],"curies":[{"name":"wp","href":"https:\/\/api.w.org\/{rel}","templated":true}]}}