{"id":94736,"date":"2025-11-19T22:48:14","date_gmt":"2025-11-19T22:48:14","guid":{"rendered":"https:\/\/www.europesays.com\/fi\/94736\/"},"modified":"2025-11-19T22:48:14","modified_gmt":"2025-11-19T22:48:14","slug":"viranomainen-puuttui-sahkoyhtion-toimintaan-suomenmaa-fi","status":"publish","type":"post","link":"https:\/\/www.europesays.com\/fi\/94736\/","title":{"rendered":"Viranomainen puuttui s\u00e4hk\u00f6yhti\u00f6n toimintaan &#8211; Suomenmaa.fi"},"content":{"rendered":"<ol>\n<li><a href=\"https:\/\/news.google.com\/rss\/articles\/CBMijwFBVV95cUxOaTUtOWEzdGZQZ2pzbndRdHRGY1VmTk45NVFJamdQT2hCMm1UYzhUTXMzM0NoOTB1cl9XOEhhdVgtTEVPUmVtb0VjcG1UVWZ4T2FLbVVndTBYZlRrNXk5XzNTWi15dTdBcU9zbnliSklTSkQwakJYeklabHZRbUhnRzZPaXZwQUJaVGo4cDZqNA?oc=5\" target=\"_blank\" rel=\"nofollow noopener\">Viranomainen puuttui s\u00e4hk\u00f6yhti\u00f6n toimintaan<\/a>&nbsp;&nbsp;Suomenmaa.fi<\/li>\n<li><a href=\"https:\/\/news.google.com\/rss\/articles\/CBMiZEFVX3lxTE9Hc0p0QW1KNzFRS0dKX2VlRms3eDNlamN6YXlHZGpRQ0RoMVVnU2lkbnpUaVI2LXY1b0dNMFNIbVNKb1Ffc0NITnhOUDdtUjR1dWdsYl9FbGtOcnVFUm11dTFzZEs?oc=5\" target=\"_blank\" rel=\"nofollow noopener\">Edullinen p\u00f6rssis\u00e4hk\u00f6 muuttuikin nopeasti kalliimmaksi \u2013 kuluttaja-asiamies puuttui<\/a>&nbsp;&nbsp;Ilta-Sanomat<\/li>\n<li><a href=\"https:\/\/news.google.com\/rss\/articles\/CBMiSEFVX3lxTFBlUVJrelIwX3ppdEYtZnhyMzBOZjRMMDJiS2lyUndJVjhpdGNmNmpkbkNvYkhqLTB3b1lHaGlzVnlvbjJVbnpubQ?oc=5\" target=\"_blank\" rel=\"nofollow noopener\">S\u00e4hk\u00f6yhti\u00f6 houkutteli uusia asiakkaita halvalla p\u00f6rssis\u00e4hk\u00f6ll\u00e4, mutta korotti hintaa sopimuksen synnytty\u00e4<\/a>&nbsp;&nbsp;ts.fi<\/li>\n<li><a href=\"https:\/\/news.google.com\/rss\/articles\/CBMiVkFVX3lxTE9Yd1N2Y2hGRUlvYUVoOEpJWGZfNmgtOVBnZDF5YzdEbFItUVRQZ3FPUWZaNkxkdmlEM3oyQXhDNEE3THJSTElrd2h4NC1zVEQ1cGlpZGFn?oc=5\" target=\"_blank\" rel=\"nofollow noopener\">Kuluttaja-\u200basiamies puuttui Aalto Energian toimintaan \u2013 t\u00e4ky\u00admark\u00adki\u00adnoin\u00adnille tyrm\u00e4ys<\/a>&nbsp;&nbsp;Etel\u00e4-Suomen Sanomat<\/li>\n<li><a href=\"https:\/\/news.google.com\/rss\/articles\/CBMi2wFBVV95cUxNZnFIN1NOWWVsazJWWHhyNE9DY3lQTjBXcFVfRVBwQXV0X0Y3N0xOTGhRcGllV3B2NUJNbDZpa0R5M194VGFSTGM4aXRGeXF4R2h3cnFQNHdMZU1XeDFiM0tWM2VIR09tSTE1WHpnY2N1MlJWRjB5ZjlkN3pacHBMNm5XNks1VURKanRSei1mM3B6bklTVkZrdG1vc2lodllJQndlVkEyWUdEVWNLZzdyX0RGUEliZmNVcjZtWTVYblYzTGZSRnFFbnNYMFVGOWJaXzRkd2FaVGctSzA?oc=5\" target=\"_blank\" rel=\"nofollow noopener\">Kuluttaja-asiamies puuttui Aalto Energian toimintaan \u2013 t\u00e4kymarkkinoinnille tyrm\u00e4ys<\/a>&nbsp;&nbsp;MSN<\/li>\n<\/ol>\n","protected":false},"excerpt":{"rendered":"Viranomainen puuttui s\u00e4hk\u00f6yhti\u00f6n toimintaan&nbsp;&nbsp;Suomenmaa.fi Edullinen p\u00f6rssis\u00e4hk\u00f6 muuttuikin nopeasti kalliimmaksi \u2013 kuluttaja-asiamies puuttui&nbsp;&nbsp;Ilta-Sanomat S\u00e4hk\u00f6yhti\u00f6 houkutteli uusia asiakkaita halvalla p\u00f6rssis\u00e4hk\u00f6ll\u00e4,&hellip;\n","protected":false},"author":2,"featured_media":94737,"comment_status":"","ping_status":"","sticky":false,"template":"","format":"standard","meta":{"footnotes":""},"categories":[76],"tags":[79,77,33,31,30,32,78],"class_list":{"0":"post-94736","1":"post","2":"type-post","3":"status-publish","4":"format-standard","5":"has-post-thumbnail","7":"category-talous","8":"tag-business","9":"tag-economy","10":"tag-fi","11":"tag-finland","12":"tag-finnish","13":"tag-suomi","14":"tag-talous"},"share_on_mastodon":{"url":"https:\/\/pubeurope.com\/@fi\/115578805042715694","error":""},"_links":{"self":[{"href":"https:\/\/www.europesays.com\/fi\/wp-json\/wp\/v2\/posts\/94736","targetHints":{"allow":["GET"]}}],"collection":[{"href":"https:\/\/www.europesays.com\/fi\/wp-json\/wp\/v2\/posts"}],"about":[{"href":"https:\/\/www.europesays.com\/fi\/wp-json\/wp\/v2\/types\/post"}],"author":[{"embeddable":true,"href":"https:\/\/www.europesays.com\/fi\/wp-json\/wp\/v2\/users\/2"}],"replies":[{"embeddable":true,"href":"https:\/\/www.europesays.com\/fi\/wp-json\/wp\/v2\/comments?post=94736"}],"version-history":[{"count":0,"href":"https:\/\/www.europesays.com\/fi\/wp-json\/wp\/v2\/posts\/94736\/revisions"}],"wp:featuredmedia":[{"embeddable":true,"href":"https:\/\/www.europesays.com\/fi\/wp-json\/wp\/v2\/media\/94737"}],"wp:attachment":[{"href":"https:\/\/www.europesays.com\/fi\/wp-json\/wp\/v2\/media?parent=94736"}],"wp:term":[{"taxonomy":"category","embeddable":true,"href":"https:\/\/www.europesays.com\/fi\/wp-json\/wp\/v2\/categories?post=94736"},{"taxonomy":"post_tag","embeddable":true,"href":"https:\/\/www.europesays.com\/fi\/wp-json\/wp\/v2\/tags?post=94736"}],"curies":[{"name":"wp","href":"https:\/\/api.w.org\/{rel}","templated":true}]}}