{"id":94738,"date":"2025-11-19T22:49:09","date_gmt":"2025-11-19T22:49:09","guid":{"rendered":"https:\/\/www.europesays.com\/fi\/94738\/"},"modified":"2025-11-19T22:49:09","modified_gmt":"2025-11-19T22:49:09","slug":"up-zelenskyia-kehotetaan-antamaan-potkut-kakkosmiehelleen","status":"publish","type":"post","link":"https:\/\/www.europesays.com\/fi\/94738\/","title":{"rendered":"UP: Zelenskyi\u00e4 kehotetaan antamaan potkut kakkosmiehelleen"},"content":{"rendered":"<p>Andri Jermak tunnetaan Zelenskyin oikeana k\u00e4ten\u00e4.<\/p>\n<p>19.11. 22:14<\/p>\n<p class=\"article-body mb-nof-24 px-nof-16\">Ukrainan presidentin <a class=\"article-personlink\" href=\"https:\/\/www.is.fi\/haku\/?query=Volodymyr%20Zelenskyin\" rel=\"nofollow noopener\" target=\"_blank\">Volodymyr Zelenskyin<\/a> hallituksen avainhenkil\u00f6t ovat kehottaneet Zelenskyi\u00e4 erottamaan vaikutusvaltaisen kansliap\u00e4\u00e4llikk\u00f6ns\u00e4 <a class=\"article-personlink\" href=\"https:\/\/www.is.fi\/haku\/?query=Andri%20Jermakin\" rel=\"nofollow noopener\" target=\"_blank\">Andri Jermakin<\/a>, <a class=\"article-genericlink\" href=\"https:\/\/www.pravda.com.ua\/news\/2025\/11\/18\/8007753\/\" rel=\"nofollow noopener\" target=\"_blank\">Ukrainan Pravda<\/a> uutisoi omien l\u00e4hteidens\u00e4 pohjalta.<\/p>\n<p class=\"article-body mb-nof-24 px-nof-16\">Jermakia on kutsuttu usein Zelenskyin oikeaksi k\u00e4deksi ja kakkosmieheksi.<\/p>\n<p class=\"article-body mb-nof-24 px-nof-16\">Ukrainaa ravistelee Zelenskyin kauden suurin korruptioskandaali. Zelenskyin kerrotaan tavanneen viimeisen viikon aikana hallituksensa edustajia l\u00f6yt\u00e4\u00e4kseen ratkaisun tilanteen vakauttamiseksi.<\/p>\n<p><img decoding=\"async\" src=\"https:\/\/www.europesays.com\/fi\/wp-content\/uploads\/2025\/11\/1763592549_863_468.jpg\" alt=\"Jermak matkusti Zelenskyin mukana Espanjaan tapaamaan kuningas Felipe VI:tta.\" class=\"_Img_1rerz_1\" style=\"aspect-ratio:1.5\" loading=\"eager\"\/><\/p>\n<p class=\"article-picture-caption\">Jermak matkusti Zelenskyin mukana Espanjaan tapaamaan kuningas Felipe VI:tta. Kuva:\u00a0Oscar Del Pozo \/ AFP<\/p>\n<p class=\"article-body mb-nof-24 px-nof-16\">Osasta tapaamisista on my\u00f6s julkisia tietoja, kuten keskusteluista p\u00e4\u00e4ministeri <a class=\"article-personlink\" href=\"https:\/\/www.is.fi\/haku\/?query=Julija%20Svyrydenkon\" rel=\"nofollow noopener\" target=\"_blank\">Julija Svyrydenkon<\/a>, varap\u00e4\u00e4ministeri <a class=\"article-personlink\" href=\"https:\/\/www.is.fi\/haku\/?query=Myhailo%20Fedorovin\" rel=\"nofollow noopener\" target=\"_blank\">Myhailo Fedorovin<\/a> ja sotilastiedustelun johtajan <a class=\"article-personlink\" href=\"https:\/\/www.is.fi\/haku\/?query=Kyrylo%20Budanovin\" rel=\"nofollow noopener\" target=\"_blank\">Kyrylo Budanovin<\/a> kanssa.<\/p>\n<p class=\"article-body mb-nof-24 px-nof-16\">UP:n mukaan suurin osa Zelenskyin kanssa puhuneista on antanut erilaisia suosituksia kriisin ratkaisemiseksi. L\u00e4hes kaikki olivat kuitenkin yht\u00e4 mielt\u00e4 siit\u00e4, ett\u00e4 Zelenskyin pit\u00e4isi korvata Jermak.<\/p>\n<p class=\"article-body mb-nof-24 px-nof-16\">Jermakin on v\u00e4itetty j\u00e4rjestelleen viime kes\u00e4n\u00e4 laajat protestit aiheuttaneen lakimuutoksen, joka olisi asettanut Ukrainan korruptionvastaiset elimet Sapon ja Nabun presidentinhallinnon alaisuuteen. Lakimuutos aiheutti Ukrainassa sodan ajan suurimmat mielenosoitukset.<\/p>\n<p class=\"article-body mb-nof-24 px-nof-16\">Zelenskyi puolusti ensin lakia, mutta p\u00e4\u00e4tyi lopulta yhdess\u00e4 korruptionvastaisten elinten kanssa esitt\u00e4m\u00e4\u00e4n siihen muutosta, joka palautti Sapon ja Nabun riippumattomuuden. Muutos hyv\u00e4ksyttiin pikaisesti parlamentissa.<\/p>\n<p><img decoding=\"async\" src=\"https:\/\/www.europesays.com\/fi\/wp-content\/uploads\/2025\/11\/1763592549_637_468.jpg\" alt=\"Zelenskyi ja Jermak kuuntelivat Ukrainan entist\u00e4 Yhdysvaltain-suurl\u00e4hettil\u00e4st\u00e4 Oksana Markarovaa Kiovassa.\" class=\"_Img_1rerz_1\" style=\"aspect-ratio:1.5\" loading=\"eager\"\/><\/p>\n<p class=\"article-picture-caption\">Zelenskyi ja Jermak kuuntelivat Ukrainan entist\u00e4 Yhdysvaltain-suurl\u00e4hettil\u00e4st\u00e4 Oksana Markarovaa Kiovassa. Kuva:\u00a0Ukraine Presidency\/Ukrainian Pre \/ ZUMA<\/p>\n<p class=\"article-body mb-nof-24 px-nof-16\">Jermakin on my\u00f6s v\u00e4itetty junailleen muun muassa teht\u00e4v\u00e4nmuutoksen Ukrainan entiselle p\u00e4\u00e4ministerille <a class=\"article-personlink\" href=\"https:\/\/www.is.fi\/haku\/?query=Denys%20Shmyhalille\" rel=\"nofollow noopener\" target=\"_blank\">Denys Shmyhalille<\/a>. Shmyhal siirtyi Ukrainan puolustus\u00administeriksi viime kes\u00e4n\u00e4 ja h\u00e4nen tilalleen nousi Jermakin &#8221;suojatiksikin&#8221; kuvailtu Svyrydenko.<\/p>\n<p class=\"article-body mb-nof-24 px-nof-16\">Jo pitk\u00e4\u00e4n on my\u00f6s uutisoitu Jermakin halusta saada l\u00e4ht\u00f6passit Budanoville, mutta sotilastiedustelun p\u00e4\u00e4llikk\u00f6 on toistaiseksi saanut pit\u00e4\u00e4 pestins\u00e4.<\/p>\n<p class=\"article-body mb-nof-24 px-nof-16\">Jermak on edustanut Zelenskyi\u00e4 muun muassa neuvotteluissa Euroopan ja Yhdysvaltojen kanssa. Jermak on my\u00f6s osallistunut neuvotteluihin Ven\u00e4j\u00e4n kanssa koskien esimerkiksi sotavankien vaihtoja.<\/p>\n","protected":false},"excerpt":{"rendered":"Andri Jermak tunnetaan Zelenskyin oikeana k\u00e4ten\u00e4. 19.11. 22:14 Ukrainan presidentin Volodymyr Zelenskyin hallituksen avainhenkil\u00f6t ovat kehottaneet Zelenskyi\u00e4 erottamaan&hellip;\n","protected":false},"author":2,"featured_media":94739,"comment_status":"","ping_status":"","sticky":false,"template":"","format":"standard","meta":{"footnotes":""},"categories":[14],"tags":[22,23,26,27,33,31,30,17,34,24,25,28,29,15,18,21,32,19,20,56,16,59,60,61],"class_list":{"0":"post-94738","1":"post","2":"type-post","3":"status-publish","4":"format-standard","5":"has-post-thumbnail","7":"category-ulkomaat","8":"tag-breaking-news","9":"tag-breakingnews","10":"tag-featured-news","11":"tag-featurednews","12":"tag-fi","13":"tag-finland","14":"tag-finnish","15":"tag-headlines","16":"tag-ilta-sanomat","17":"tag-latest-news","18":"tag-latestnews","19":"tag-main-news","20":"tag-mainnews","21":"tag-news","22":"tag-otsikot","23":"tag-paauutiset","24":"tag-suomi","25":"tag-top-stories","26":"tag-topstories","27":"tag-ulkomaat","28":"tag-uutiset","29":"tag-world","30":"tag-world-news","31":"tag-worldnews"},"share_on_mastodon":{"url":"https:\/\/pubeurope.com\/@fi\/115578809672107833","error":""},"_links":{"self":[{"href":"https:\/\/www.europesays.com\/fi\/wp-json\/wp\/v2\/posts\/94738","targetHints":{"allow":["GET"]}}],"collection":[{"href":"https:\/\/www.europesays.com\/fi\/wp-json\/wp\/v2\/posts"}],"about":[{"href":"https:\/\/www.europesays.com\/fi\/wp-json\/wp\/v2\/types\/post"}],"author":[{"embeddable":true,"href":"https:\/\/www.europesays.com\/fi\/wp-json\/wp\/v2\/users\/2"}],"replies":[{"embeddable":true,"href":"https:\/\/www.europesays.com\/fi\/wp-json\/wp\/v2\/comments?post=94738"}],"version-history":[{"count":0,"href":"https:\/\/www.europesays.com\/fi\/wp-json\/wp\/v2\/posts\/94738\/revisions"}],"wp:featuredmedia":[{"embeddable":true,"href":"https:\/\/www.europesays.com\/fi\/wp-json\/wp\/v2\/media\/94739"}],"wp:attachment":[{"href":"https:\/\/www.europesays.com\/fi\/wp-json\/wp\/v2\/media?parent=94738"}],"wp:term":[{"taxonomy":"category","embeddable":true,"href":"https:\/\/www.europesays.com\/fi\/wp-json\/wp\/v2\/categories?post=94738"},{"taxonomy":"post_tag","embeddable":true,"href":"https:\/\/www.europesays.com\/fi\/wp-json\/wp\/v2\/tags?post=94738"}],"curies":[{"name":"wp","href":"https:\/\/api.w.org\/{rel}","templated":true}]}}