{"id":94742,"date":"2025-11-19T22:51:12","date_gmt":"2025-11-19T22:51:12","guid":{"rendered":"https:\/\/www.europesays.com\/fi\/94742\/"},"modified":"2025-11-19T22:51:12","modified_gmt":"2025-11-19T22:51:12","slug":"tekoalyn-suuntaa-nayttava-nvidia-julkisti-odotettua-paremman-tuloksen","status":"publish","type":"post","link":"https:\/\/www.europesays.com\/fi\/94742\/","title":{"rendered":"Teko\u00e4lyn suuntaa n\u00e4ytt\u00e4v\u00e4 Nvidia julkisti odotettua paremman tuloksen"},"content":{"rendered":"<p>Teknologiayhti\u00f6t|Yhti\u00f6 odottaa loppuvuodelle enemm\u00e4n liikevaihtoa kuin analyytikot<\/p>\n<p>19.11. 23:45<\/p>\n<p class=\"article-body mb-nof-24 px-nof-16\">Yhdysvaltalainen teknologiayhti\u00f6 Nvidia kertoi kolmannen vuosinelj\u00e4nneksen osavuosikatsauksessaan j\u00e4lleen enn\u00e4tyksellisen suuresta liikevaihdosta. Yhti\u00f6n julkisti <a class=\"article-genericlink\" href=\"https:\/\/nvidianews.nvidia.com\/news\/nvidia-announces-financial-results-for-third-quarter-fiscal-2026\" rel=\"nofollow noopener\" target=\"_blank\">osavuosikatsauksensa <\/a>my\u00f6h\u00e4\u00e4n keskiviikkoiltana Suomen aikaa.<\/p>\n<p class=\"article-body mb-nof-24 px-nof-16\">Yhti\u00f6n kolmannen nelj\u00e4nneksen liikevaihto oli 57 miljardia dollaria eli runsaat 49 miljardia euroa, mik\u00e4 on 62 prosenttia enemm\u00e4n kuin vuotta aiemmin.<\/p>\n<p class=\"article-body mb-nof-24 px-nof-16\">Loppuvuodelle yhti\u00f6 ennustaa suurempaa kasvua kuin analyytikot ovat odottaneet. Nvidia odottaa liikevaihtonsa nousevan vuoden viimeisell\u00e4 nelj\u00e4nneksell\u00e4 noin 65 miljardiin dollariin. Analyytikkojen keskim\u00e4\u00e4r\u00e4inen odotus loppuvuoden liikevaihdolle on vajaat 62 miljardia, kertoo uutistoimisto Reuters.<\/p>\n<p class=\"article-body mb-nof-24 px-nof-16\">Nvidian osavuosikatsausta on odotettu suurella mielenkiinnolla, sill\u00e4 sen tulkitaan kertovan teko\u00e4lymarkkinoiden tilanteesta. Nvidian rooli teko\u00e4lytekniikassa on keskeinen, koska Nvidia tuottaa grafiikkaprosessoreja sek\u00e4 muita teko\u00e4ly- ja datakeskusratkaisuja, joita tarvitaan teko\u00e4ly\u00e4 hy\u00f6dynt\u00e4vien palvelujen py\u00f6ritt\u00e4miseen.<\/p>\n<p class=\"article-body mb-nof-24 px-nof-16\">Sijoittajat ottivat tuloksen ilolla vastaan, sill\u00e4 Nvidian osakkeen hinta nousi j\u00e4lkimarkkinoilla New Yorkin p\u00f6rssin sulkeuduttua yli kuusi prosenttia.<\/p>\n","protected":false},"excerpt":{"rendered":"Teknologiayhti\u00f6t|Yhti\u00f6 odottaa loppuvuodelle enemm\u00e4n liikevaihtoa kuin analyytikot 19.11. 23:45 Yhdysvaltalainen teknologiayhti\u00f6 Nvidia kertoi kolmannen vuosinelj\u00e4nneksen osavuosikatsauksessaan j\u00e4lleen enn\u00e4tyksellisen&hellip;\n","protected":false},"author":2,"featured_media":79326,"comment_status":"","ping_status":"","sticky":false,"template":"","format":"standard","meta":{"footnotes":""},"categories":[5],"tags":[22,23,26,27,33,31,30,17,46,24,25,28,29,15,18,21,32,19,20,16],"class_list":{"0":"post-94742","1":"post","2":"type-post","3":"status-publish","4":"format-standard","5":"has-post-thumbnail","7":"category-otsikot","8":"tag-breaking-news","9":"tag-breakingnews","10":"tag-featured-news","11":"tag-featurednews","12":"tag-fi","13":"tag-finland","14":"tag-finnish","15":"tag-headlines","16":"tag-helsingin-sanomat","17":"tag-latest-news","18":"tag-latestnews","19":"tag-main-news","20":"tag-mainnews","21":"tag-news","22":"tag-otsikot","23":"tag-paauutiset","24":"tag-suomi","25":"tag-top-stories","26":"tag-topstories","27":"tag-uutiset"},"share_on_mastodon":{"url":"https:\/\/pubeurope.com\/@fi\/115578816666910086","error":""},"_links":{"self":[{"href":"https:\/\/www.europesays.com\/fi\/wp-json\/wp\/v2\/posts\/94742","targetHints":{"allow":["GET"]}}],"collection":[{"href":"https:\/\/www.europesays.com\/fi\/wp-json\/wp\/v2\/posts"}],"about":[{"href":"https:\/\/www.europesays.com\/fi\/wp-json\/wp\/v2\/types\/post"}],"author":[{"embeddable":true,"href":"https:\/\/www.europesays.com\/fi\/wp-json\/wp\/v2\/users\/2"}],"replies":[{"embeddable":true,"href":"https:\/\/www.europesays.com\/fi\/wp-json\/wp\/v2\/comments?post=94742"}],"version-history":[{"count":0,"href":"https:\/\/www.europesays.com\/fi\/wp-json\/wp\/v2\/posts\/94742\/revisions"}],"wp:featuredmedia":[{"embeddable":true,"href":"https:\/\/www.europesays.com\/fi\/wp-json\/wp\/v2\/media\/79326"}],"wp:attachment":[{"href":"https:\/\/www.europesays.com\/fi\/wp-json\/wp\/v2\/media?parent=94742"}],"wp:term":[{"taxonomy":"category","embeddable":true,"href":"https:\/\/www.europesays.com\/fi\/wp-json\/wp\/v2\/categories?post=94742"},{"taxonomy":"post_tag","embeddable":true,"href":"https:\/\/www.europesays.com\/fi\/wp-json\/wp\/v2\/tags?post=94742"}],"curies":[{"name":"wp","href":"https:\/\/api.w.org\/{rel}","templated":true}]}}