{"id":94743,"date":"2025-11-19T23:04:11","date_gmt":"2025-11-19T23:04:11","guid":{"rendered":"https:\/\/www.europesays.com\/fi\/94743\/"},"modified":"2025-11-19T23:04:11","modified_gmt":"2025-11-19T23:04:11","slug":"prinsessa-catherinen-sanat-rakkaudesta-koskettavat","status":"publish","type":"post","link":"https:\/\/www.europesays.com\/fi\/94743\/","title":{"rendered":"Prinsessa Catherinen sanat rakkaudesta koskettavat"},"content":{"rendered":"<p>Catherine painotti rakastavan kodin t\u00e4rkeytt\u00e4 lapsen kehitykseen.<\/p>\n<p>Walesin prinsessa Catherine osallistui tiistaina The Royal Foundation Business Taskforce for Early Childhood -j\u00e4rjest\u00f6n is\u00e4nn\u00f6im\u00e4\u00e4n tapahtumaan.Video: Reuters<\/p>\n<p>19.11. 19:20<\/p>\n<p class=\"article-body mb-nof-24 px-nof-16\">Walesin prinsessa <a class=\"article-personlink\" href=\"https:\/\/www.is.fi\/haku\/?query=Catherine\" rel=\"nofollow noopener\" target=\"_blank\">Catherine<\/a> osallistui tiistaina The Royal Foundation Business Taskforce for Early Childhood -j\u00e4rjest\u00f6n is\u00e4nn\u00f6im\u00e4\u00e4n tapahtumaan, <a class=\"article-genericlink\" href=\"https:\/\/www.hellomagazine.com\/royalty\/868123\/kate-middleton-ahead-of-night-out-prince-william\/\" rel=\"nofollow noopener\" target=\"_blank\">Hello-lehti<\/a> kertoo.<\/p>\n<p class=\"article-body mb-nof-24 px-nof-16\">Lontoossa j\u00e4rjestetty\u00e4 tapahtumaa on kutsuttu \u201densimm\u00e4iseksi laatuaan\u201d, ja se kokosi yhteen Iso-Britannian vaikutusvaltaisimmat yritysjohtajat edist\u00e4m\u00e4\u00e4n investointeja varhaislapsuuteen.<\/p>\n<p class=\"article-body mb-nof-24 px-nof-16\">Tuleva kuningatar ja toimittaja <a class=\"article-personlink\" href=\"https:\/\/www.is.fi\/haku\/?query=Mishal%20Husain\" rel=\"nofollow noopener\" target=\"_blank\">Mishal Husain<\/a> is\u00e4nn\u00f6iv\u00e4t huippukokousta, johon sis\u00e4ltyi entisen Englannin jalkapallomanagerin <a class=\"article-personlink\" href=\"https:\/\/www.is.fi\/haku\/?query=Sir%20Gareth%20Southgaten\" rel=\"nofollow noopener\" target=\"_blank\">Sir Gareth Southgaten<\/a> ja tutkimuspsykologi professori <a class=\"article-personlink\" href=\"https:\/\/www.is.fi\/haku\/?query=Marc%20Brackettin\" rel=\"nofollow noopener\" target=\"_blank\">Marc Brackettin<\/a> lavakeskustelu, sek\u00e4 Harvardin yliopiston professori <a class=\"article-personlink\" href=\"https:\/\/www.is.fi\/haku\/?query=Robert%20Waldingerin\" rel=\"nofollow noopener\" target=\"_blank\">Robert Waldingerin<\/a> ja psykoterapeutti <a class=\"article-personlink\" href=\"https:\/\/www.is.fi\/haku\/?query=Philippa%20Perryn\" rel=\"nofollow noopener\" target=\"_blank\">Philippa Perryn<\/a> istuntoja.<\/p>\n<p class=\"article-body mb-nof-24 px-nof-16\">Catherine piti tilaisuuden avauspuheenvuoron. Prinsessa korosti rakkauden olevan t\u00e4rkein asia, joka \u201dmuokkaa perustavanlaatuisesti sit\u00e4, keneksi tulemme ja miten menestymme aikuisina.\u201d<\/p>\n<p class=\"article-body mb-nof-24 px-nof-16\">\u2013 Intohimoni ja The Centre for Early Childhood -keskuksen ty\u00f6 perustuu yhteen olennaiseen totuuteen: rakkaus, jota koemme varhaisimpina vuosinamme, muokkaa perustavanlaatuisesti sit\u00e4, keneksi tulemme ja miten menestymme aikuisina. Rakkaus on ensimm\u00e4inen ja t\u00e4rkein side.<\/p>\n<p class=\"article-body mb-nof-24 px-nof-16\">Catherine kuvaili rakkautta kudokseksi, joka muodostaa lapsen tunne-el\u00e4m\u00e4n.<\/p>\n<p class=\"article-body mb-nof-24 px-nof-16\">\u2013 Rakastava koti opettaa meille lopulta, miten rakastaa ja v\u00e4litt\u00e4\u00e4, mutta jokaisella ymp\u00e4rist\u00f6ll\u00e4 on potentiaalia muokata syd\u00e4mi\u00e4mme. Jokainen teist\u00e4 on vuorovaikutuksessa oman ymp\u00e4rist\u00f6ns\u00e4 kanssa: kodin, perheen, yrityksen, yhteis\u00f6n. N\u00e4m\u00e4 ovat ekosysteemej\u00e4, joita te itse autatte kutomaan, h\u00e4n sanoi.<\/p>\n<p class=\"article-body mb-nof-24 px-nof-16\">Catherine painotti, ett\u00e4 t\u00e4rkein teht\u00e4v\u00e4mme on luoda olosuhteet, joissa rakkaus voi kukoistaa.<\/p>\n<p class=\"article-body mb-nof-24 px-nof-16\">\u2013 Jokainen lapsi ansaitsee kunnioitusta ja turvallisuutta, ja jokainen, joka v\u00e4litt\u00e4\u00e4, ansaitsee tunnustusta ja arvostusta.<\/p>\n","protected":false},"excerpt":{"rendered":"Catherine painotti rakastavan kodin t\u00e4rkeytt\u00e4 lapsen kehitykseen. Walesin prinsessa Catherine osallistui tiistaina The Royal Foundation Business Taskforce for&hellip;\n","protected":false},"author":2,"featured_media":94744,"comment_status":"","ping_status":"","sticky":false,"template":"","format":"standard","meta":{"footnotes":""},"categories":[136],"tags":[407,137,33,31,30,34,408,32,109],"class_list":{"0":"post-94743","1":"post","2":"type-post","3":"status-publish","4":"format-standard","5":"has-post-thumbnail","7":"category-julkkikset","8":"tag-celebrities","9":"tag-entertainment","10":"tag-fi","11":"tag-finland","12":"tag-finnish","13":"tag-ilta-sanomat","14":"tag-julkkikset","15":"tag-suomi","16":"tag-viihde"},"share_on_mastodon":{"url":"https:\/\/pubeurope.com\/@fi\/115578867709162673","error":""},"_links":{"self":[{"href":"https:\/\/www.europesays.com\/fi\/wp-json\/wp\/v2\/posts\/94743","targetHints":{"allow":["GET"]}}],"collection":[{"href":"https:\/\/www.europesays.com\/fi\/wp-json\/wp\/v2\/posts"}],"about":[{"href":"https:\/\/www.europesays.com\/fi\/wp-json\/wp\/v2\/types\/post"}],"author":[{"embeddable":true,"href":"https:\/\/www.europesays.com\/fi\/wp-json\/wp\/v2\/users\/2"}],"replies":[{"embeddable":true,"href":"https:\/\/www.europesays.com\/fi\/wp-json\/wp\/v2\/comments?post=94743"}],"version-history":[{"count":0,"href":"https:\/\/www.europesays.com\/fi\/wp-json\/wp\/v2\/posts\/94743\/revisions"}],"wp:featuredmedia":[{"embeddable":true,"href":"https:\/\/www.europesays.com\/fi\/wp-json\/wp\/v2\/media\/94744"}],"wp:attachment":[{"href":"https:\/\/www.europesays.com\/fi\/wp-json\/wp\/v2\/media?parent=94743"}],"wp:term":[{"taxonomy":"category","embeddable":true,"href":"https:\/\/www.europesays.com\/fi\/wp-json\/wp\/v2\/categories?post=94743"},{"taxonomy":"post_tag","embeddable":true,"href":"https:\/\/www.europesays.com\/fi\/wp-json\/wp\/v2\/tags?post=94743"}],"curies":[{"name":"wp","href":"https:\/\/api.w.org\/{rel}","templated":true}]}}