{"id":94761,"date":"2025-11-19T23:39:16","date_gmt":"2025-11-19T23:39:16","guid":{"rendered":"https:\/\/www.europesays.com\/fi\/94761\/"},"modified":"2025-11-19T23:39:16","modified_gmt":"2025-11-19T23:39:16","slug":"netflix-tahti-ammuttiin-kuoliaaksi-tata-miesta-epaillaan-murhasta","status":"publish","type":"post","link":"https:\/\/www.europesays.com\/fi\/94761\/","title":{"rendered":"Netflix-t\u00e4hti ammuttiin kuoliaaksi \u2013 T\u00e4t\u00e4 miest\u00e4 ep\u00e4ill\u00e4\u00e4n murhasta"},"content":{"rendered":"<p>Cedric Irving Jr. voi saada elinkautisen.<\/p>\n<p><img decoding=\"async\" class=\"image image-show image-preview\" src=\"https:\/\/www.europesays.com\/fi\/wp-content\/uploads\/2025\/11\/9bfbc74afa0a770fea5fdada214206a7b24a874ba741caa9e64215b0f03c3c36.jpg\" alt=\"\"\/><img decoding=\"async\" class=\"image image-show\" src=\"https:\/\/www.europesays.com\/fi\/wp-content\/uploads\/2025\/11\/1763595556_47_9bfbc74afa0a770fea5fdada214206a7b24a874ba741caa9e64215b0f03c3c36.jpg\" alt=\"\"\/><\/p>\n<p>Oaklandissa sattui viime viikolla kaksi ampumav\u00e4likohtausta. Arkistokuva ei liity tapauksiin. AOP<\/p>\n<p class=\"paragraph\">Netflixin Last Chance U -dokumenttisarjasta tuttu jenkkifutisvalmentaja <strong>John Beam<\/strong>, 66, ammuttiin kuoliaaksi viime perjantaina Oaklandissa, Laney collegen kampuksella.<\/p>\n<p class=\"paragraph\"><a href=\"https:\/\/www.espn.com\/college-football\/story\/_\/id\/47003523\/man-charged-murder-last-chance-u-coach-john-beam-death\" target=\"_blank\" rel=\"noopener nofollow\">ESPN:n<\/a> mukaan 27-vuotias <strong>Cedric Irving Jr<\/strong>. on nyt saanut syytteen Beamin murhasta. Jos Irving tuomitaan, h\u00e4nt\u00e4 voi odottaa 50 vuoden vankeus tai jopa elinkautinen.<\/p>\n<p class=\"paragraph\">Syytt\u00e4j\u00e4n mukaan Irvingill\u00e4 ei ollut aiempaa rikosrekisteri\u00e4. Miehell\u00e4 ep\u00e4ill\u00e4\u00e4n olleen mielenterveysongelmia. Poliisin mukaan Irving tunsi Beamin.<\/p>\n<p class=\"paragraph\">Irving pid\u00e4tettiin juna-asemalta. H\u00e4nell\u00e4 oli mukanaan ase, jolla Beam ammuttiin. Irving my\u00f6nsi ampumisen. Oaklandin apulaispoliisip\u00e4\u00e4llikk\u00f6 <strong>James Beeren<\/strong> mukaan ep\u00e4ilty meni kampukselle &#8221;tietty\u00e4 tarkoitusta varten&#8221;, ja kyseess\u00e4 oli \u201dhyvin kohdennettu teko\u201d.<\/p>\n<p class=\"paragraph\">Irvingin veli kertoi San Francisco Chronicle -lehdelle, ett\u00e4 Irving oli taannoin menett\u00e4nyt ty\u00f6paikkansa vartijana tappelun seurauksena, ja h\u00e4nt\u00e4 uhkasi h\u00e4\u00e4t\u00f6 kodistaan.<\/p>\n<p class=\"paragraph\">Kyseess\u00e4 oli jo toinen ampumav\u00e4likohtaus samalla viikolla noin 400\u00a0000 asukkaan Oaklandissa. Viime keskiviikkona yht\u00e4 opiskelijaa ammuttiin Oaklandin Skyline High Schoolissa. Opiskelijan tila on vakaa, ja kaksi alaik\u00e4ist\u00e4 on pid\u00e4tettyn\u00e4.<\/p>\n<p class=\"paragraph\">Piirikunnan syytt\u00e4j\u00e4n <strong>Ursula Jones Dicksonin<\/strong> mielest\u00e4 Oaklandissa on syyt\u00e4 keskustella aseongelmasta. H\u00e4nen mukaansa aseisiin p\u00e4\u00e4see liian helposti k\u00e4siksi.<\/p>\n<p class=\"paragraph\">\u2013 En voi hyv\u00e4ksy\u00e4 sit\u00e4, ett\u00e4 yhteis\u00f6ss\u00e4mme on lapsia, joille t\u00e4m\u00e4 on nyt normaalia. Kahtena p\u00e4iv\u00e4n\u00e4 per\u00e4kk\u00e4in heid\u00e4t on pit\u00e4nyt lukita kampukselle asev\u00e4kivallan vuoksi. En hyv\u00e4ksy sit\u00e4, Jones Dickson jyrisi.<\/p>\n","protected":false},"excerpt":{"rendered":"Cedric Irving Jr. voi saada elinkautisen. Oaklandissa sattui viime viikolla kaksi ampumav\u00e4likohtausta. Arkistokuva ei liity tapauksiin. AOP Netflixin&hellip;\n","protected":false},"author":2,"featured_media":94762,"comment_status":"","ping_status":"","sticky":false,"template":"","format":"standard","meta":{"footnotes":""},"categories":[130],"tags":[35,137,33,31,30,2118,38,32,140,2119,2117,109],"class_list":{"0":"post-94761","1":"post","2":"type-post","3":"status-publish","4":"format-standard","5":"has-post-thumbnail","7":"category-viihde","8":"tag-24h","9":"tag-entertainment","10":"tag-fi","11":"tag-finland","12":"tag-finnish","13":"tag-internetvideopalvelut","14":"tag-rikos","15":"tag-suomi","16":"tag-tv-ja-elokuvat","17":"tag-videokuvaus","18":"tag-videon-suoratoisto","19":"tag-viihde"},"share_on_mastodon":{"url":"https:\/\/pubeurope.com\/@fi\/115579005935537727","error":""},"_links":{"self":[{"href":"https:\/\/www.europesays.com\/fi\/wp-json\/wp\/v2\/posts\/94761","targetHints":{"allow":["GET"]}}],"collection":[{"href":"https:\/\/www.europesays.com\/fi\/wp-json\/wp\/v2\/posts"}],"about":[{"href":"https:\/\/www.europesays.com\/fi\/wp-json\/wp\/v2\/types\/post"}],"author":[{"embeddable":true,"href":"https:\/\/www.europesays.com\/fi\/wp-json\/wp\/v2\/users\/2"}],"replies":[{"embeddable":true,"href":"https:\/\/www.europesays.com\/fi\/wp-json\/wp\/v2\/comments?post=94761"}],"version-history":[{"count":0,"href":"https:\/\/www.europesays.com\/fi\/wp-json\/wp\/v2\/posts\/94761\/revisions"}],"wp:featuredmedia":[{"embeddable":true,"href":"https:\/\/www.europesays.com\/fi\/wp-json\/wp\/v2\/media\/94762"}],"wp:attachment":[{"href":"https:\/\/www.europesays.com\/fi\/wp-json\/wp\/v2\/media?parent=94761"}],"wp:term":[{"taxonomy":"category","embeddable":true,"href":"https:\/\/www.europesays.com\/fi\/wp-json\/wp\/v2\/categories?post=94761"},{"taxonomy":"post_tag","embeddable":true,"href":"https:\/\/www.europesays.com\/fi\/wp-json\/wp\/v2\/tags?post=94761"}],"curies":[{"name":"wp","href":"https:\/\/api.w.org\/{rel}","templated":true}]}}