{"id":94777,"date":"2025-11-20T00:11:08","date_gmt":"2025-11-20T00:11:08","guid":{"rendered":"https:\/\/www.europesays.com\/fi\/94777\/"},"modified":"2025-11-20T00:11:08","modified_gmt":"2025-11-20T00:11:08","slug":"spotify-uudistus-sai-kirjailijat-raivon-partaalle","status":"publish","type":"post","link":"https:\/\/www.europesays.com\/fi\/94777\/","title":{"rendered":"Spotify-uudistus sai kirjailijat raivon partaalle"},"content":{"rendered":"<p>Uutinen \u00e4\u00e4nikirjojen saapumisesta Spotifyn suoratoistopalveluun sai useat kirjailijat raivon partaalle. Kirjailijat ovat huolestuneita toimeentulostaan.<\/p>\n<p class=\"paragraph\">Suoratoistopalvelu Spotify sai tiistaina uudistuksen, jonka my\u00f6t\u00e4 palvelussa voi jatkossa kuunnella my\u00f6s \u00e4\u00e4nikirjoja. Spotify on ollut paljon keskusteluissa siit\u00e4, ett\u00e4 palvelu maksaa muusikoille h\u00e4vi\u00e4v\u00e4n pieni\u00e4 korvauksia.<\/p>\n<p class=\"paragraph\">Tarkkaa tietoa kertatoiston korvauksen m\u00e4\u00e4r\u00e4st\u00e4 muusikoille ei ole, mutta suuntaa antavana tietona <a href=\"https:\/\/rebelmusicz.com\/how-much-do-artists-make-on-spotify\/\" target=\"_blank\" rel=\"noopener nofollow\">Rebelmusicz-sivuston mukaan<\/a> Spotifyn korvaukset muusikoille liikkuvat 0.0026\u20130.0043 eurossa per kuuntelukerta.<\/p>\n<p class=\"paragraph\">Spotifyn viestinn\u00e4st\u00e4 kerrottiin Iltalehdelle tiistaina, ett\u00e4 useat kustantajat pit\u00e4v\u00e4t uudistusta ja heid\u00e4n hinnoitteluaan \u201dmuita \u00e4\u00e4nikirjapalveluita kilpailukykyisemp\u00e4n\u00e4\u201d. Palvelu on tehnyt sopimuksen \u00e4\u00e4nikirjoista suoraan kustantamoiden kanssa.<\/p>\n<p class=\"paragraph\">Juttu jatkuu kuvan j\u00e4lkeen.<\/p>\n<p>Spotifyn varatoimitusjohtaja ja liiketoimintap\u00e4\u00e4llikk\u00f6 Alex Norstrom kertoi \u00e4\u00e4nikirjauudistuksesta Tukholmassa j\u00e4rjestetyss\u00e4 tapahtumassa. FREDRIK SANDBERG\/TT<\/p>\n<p>Kirjailijoilta ei kysytty mielipidett\u00e4<\/p>\n<p class=\"paragraph\">Tiistain uutinen tuli useille kirjailijoista yll\u00e4tyksen\u00e4. Tietokirjailijat ry:n puheenjohtaja <strong>Timo Tossavaisen<\/strong> mukaan uutisesta ei olla ilahtuneita.<\/p>\n<p class=\"paragraph\">\u2013 Kyll\u00e4h\u00e4n t\u00e4m\u00e4 eilinen uutinen her\u00e4tti keskustelua. Ei t\u00e4st\u00e4 kovin ilahtuneita olla. Jokainen t\u00e4llainen uutinen tuntuu l\u00e4hes tyrm\u00e4ykselt\u00e4, Tossavainen kertoo.<\/p>\n<p class=\"paragraph\">Monet kirjailijoista saivat asiasta tiedon vasta uutisten kautta. Sosiaalinen media t\u00e4yttyi kirjailijoiden n\u00e4rk\u00e4styneist\u00e4 kommenteista ja huolesta heid\u00e4n toimeentulostaan.<\/p>\n<p class=\"paragraph\">\u2013 Hei munkin teokset ja my\u00f6s mun \u00e4\u00e4ni on nyt tuolla vitun perseess\u00e4, eik\u00e4 multa tai muiltakaan kirjailijoilta kysytty t\u00e4st\u00e4 edes fiiliksi\u00e4! Tieto tuli t\u00e4n\u00e4\u00e4n yht\u00e4 aikaa t\u00e4n uutisen kanssa, novellisti ja runoilija <strong>Niko Hallikainen<\/strong> kertoo <a href=\"https:\/\/www.instagram.com\/lowincomeglow\/\" target=\"_blank\" rel=\"noopener nofollow\">Instagramin<\/a> stories osiossaan.<\/p>\n<p class=\"paragraph\">Instagramin storiesit ovat n\u00e4ht\u00e4vill\u00e4 ainoastaan 24 tuntia julkaisusta.<\/p>\n<p class=\"paragraph\">\u2013 T\u00e4m\u00e4 on j\u00e4lleen yksi askel kohti sit\u00e4, ett\u00e4 lukuaikapalveluiden tulonjakomalli normalisoidaan alan standardiksi. Se tarkoittaa kirjailijalle teoksen pituudesta riippuen noin 10\u201380 sentti\u00e4 per kuuntelu (mediaani vuonna 2022 oli 63 sentti\u00e4). Printtikirjasta kirjailija saa keskim\u00e4\u00e4rin hieman alle 3 euroa, Kirjailija ja toimittaja <strong>Venla Hiidensalo<\/strong> kertoo Instagramin p\u00e4ivityksess\u00e4\u00e4n.<\/p>\n<p class=\"paragraph\">Mik\u00e4li upotus ei n\u00e4y, voit katsoa sen <a href=\"https:\/\/www.instagram.com\/p\/DRNWYl5jUqA\/?utm_source=ig_web_copy_link&amp;igsh=NTc4MTIwNjQ2YQ==\" target=\"_blank\" rel=\"noopener nofollow\">t\u00e4\u00e4lt\u00e4<\/a>.<\/p>\n<p>N\u00e4in kustantajat kommentoivat asiaa<\/p>\n<p class=\"paragraph\">Iltalehti tavoitteli keskiviikkona WSOY:t\u00e4, Otavaa sek\u00e4 Gummerrusta. Tilannetta pystyi puhelimessa kommentoimaan ainoastaan WSOY:n toimitusjohtaja <strong>Timo Julkunen<\/strong>. Muut kustantamot olivat kertomansa mukaan kiireisi\u00e4.<\/p>\n<p class=\"paragraph\"><strong>Miten olette tiedottaneet kirjailijoita t\u00e4st\u00e4 uudistuksesta?<\/strong><\/p>\n<p class=\"paragraph\">\u2013 Olemme t\u00e4n\u00e4\u00e4nkin pit\u00e4neet kaksikin eri tilaisuutta, joissa kerromme kirjailijoille, mit\u00e4 se tarkoittaa meille kustantamona ja miten t\u00e4m\u00e4 vaikuttaa kirjailijoihin. Siell\u00e4 on annettu tarkempaa tietoa, kuin media tai somekeskusteluissa on pystytty kertomaan, Julkunen kertoo.<\/p>\n<p class=\"paragraph\"><strong>Mik\u00e4 teid\u00e4n ydinsanoma n\u00e4iss\u00e4 tilaisuuksissa on ollut?<\/strong><\/p>\n<p class=\"paragraph\">\u2013 Voimme sanoa, ett\u00e4 meill\u00e4 on hyv\u00e4 ja kilpailukykyinen sopimus. Kirjailijoiden tuloihin on mahdollista saada kasvua. Spotify tuo v\u00e4h\u00e4n pys\u00e4hdyksiss\u00e4 olevaan markkinaan lis\u00e4\u00e4 kilpailua ja uusia ihmisi\u00e4 kirjallisuuden pariin.<\/p>\n<p class=\"paragraph\"><strong>Kilpailukykyisest\u00e4 sopimuksesta on puhuttu nyt useassa eri l\u00e4hteest\u00e4, mit\u00e4 t\u00e4m\u00e4 k\u00e4yt\u00e4nn\u00f6ss\u00e4 tarkoittaa?<\/strong><\/p>\n<p class=\"paragraph\">\u2013 Ehdot ovat sellaiset, ett\u00e4 niill\u00e4 voidaan taata kirjailijoille oikeinkin hyv\u00e4t tulot t\u00e4ss\u00e4 palvelussa, mik\u00e4li kirjaa kuunnellaan paljon.<\/p>\n<p>WSOY:n toimitusjohtaja Timo Julkunen kertoi Iltalehdelle miten asia on heill\u00e4 otettu vastaan. Karoliina Vuorenmaki<\/p>\n<p class=\"paragraph\"><strong>Miten tulot tulevat k\u00e4yt\u00e4nn\u00f6ss\u00e4 muuttumaan?<\/strong><\/p>\n<p class=\"paragraph\">\u2013 T\u00e4m\u00e4 v\u00e4h\u00e4n riippuu, Spotifyn hinnoittelu on v\u00e4h\u00e4n erilainen kuin perinteisemmill\u00e4 \u00e4\u00e4nikirjapalveluilla. Premium-asiakkuuteen kuuluu 12 tuntia kuuntelua kuukaudessa, jolla kuuntelee noin yhden kirjan. T\u00e4m\u00e4 voi useille riitt\u00e4\u00e4.<\/p>\n<p class=\"paragraph\">\u2013 Jos haluaa lis\u00e4\u00e4 kuunteluaikaa, niin t\u00e4t\u00e4 voi ostaa lis\u00e4\u00e4 Spotifylt\u00e4. Haitari taitaa olla 8\u201310 euroa, joka on \u00e4kki\u00e4 kalliimpi, kuin perinteisiss\u00e4 kuuntelupalveluissa. Joku voi olla tyytyv\u00e4inen t\u00e4h\u00e4n Spotify-asiakkuuteen, kun taas jotkut haluavat enemm\u00e4n. Se on j\u00e4nn\u00e4 n\u00e4hd\u00e4, mihin t\u00e4m\u00e4 kehittyy.<\/p>\n<p class=\"paragraph\"><strong>T\u00e4t\u00e4 ei siis viel\u00e4 pystyt\u00e4 ennustamaan?<\/strong><\/p>\n<p class=\"paragraph\">\u2013 Ei ihan p\u00e4iv\u00e4n perusteella viel\u00e4 pysty. Varmaan alkuvuodesta n\u00e4hd\u00e4\u00e4n siirtymi\u00e4.<\/p>\n<p class=\"paragraph\"><strong>Onko konkreettista hintahaitaria, mit\u00e4 kirjailijat tulevat saamaan ja miten t\u00e4m\u00e4 vaikuttaa kustantamojen tuloihin?<\/strong><\/p>\n<p class=\"paragraph\">\u2013 Riippuu ihan kulutuksesta. Paljon kuunneltua kirjaa voidaan kuunnella vaikka 10\u202f000 kertaa ja t\u00e4t\u00e4 voidaan laskea 10 tuntisella kirjalla olevan 100\u202f000 kuuntelutuntia. Sopimussyist\u00e4 en pysty kuitenkaan eksakteja tuntikorvausm\u00e4\u00e4ri\u00e4 kertomaan.<\/p>\n<p class=\"paragraph\"><strong>Korvaus menee kuitenkin tuntiperusteisella sopimuksella?<\/strong><\/p>\n<p class=\"paragraph\">\u2013 Joo, t\u00e4ss\u00e4 ollaan sill\u00e4 tapaa samalla viivalla muidenkin suoratoistopalveluiden kanssa, ett\u00e4 n\u00e4m\u00e4 ovat aikaperusteisia. Jokainen sekunti lasketaan mukaan.<\/p>\n<p class=\"paragraph\">Julkunen huomauttaa viel\u00e4 lopuksi, ett\u00e4 Spotifyn kanssa tehty sopimusneuvotteluissa on mietitty nimenomaan, miten se voisi palvella kirjallisuutta ja on erilainen kuin muusikoille.<\/p>\n<p class=\"paragraph\"><strong>Mit\u00e4 jos Spotify alkaa hilata korvaussummiaan alasp\u00e4in?<\/strong><\/p>\n<p class=\"paragraph\">\u2013 Sitten tietysti neuvotellaan uudestaan. Eih\u00e4n me olla loputtomiin sitouduttu t\u00e4h\u00e4n. T\u00e4llainen ei ainakaan l\u00e4hivuosina ole n\u00e4k\u00f6piiriss\u00e4, enk\u00e4 usko ett\u00e4 t\u00e4llainen olisi heid\u00e4n intresseiss\u00e4\u00e4n.<\/p>\n<p>Kulutusm\u00e4\u00e4r\u00e4t kasvavat, mutta tulot laskevat<\/p>\n<p class=\"paragraph\">Tietokirjailijoiden puheenjohtaja Tossavaisen mukaan jo nykyisten \u00e4\u00e4nikirjapalveluiden kuukausimaksut ovat niin alhaiset, ett\u00e4 kirjailijoiden saamat korvaukset ovat hyvin pienet.<\/p>\n<p class=\"paragraph\">\u2013 Jos meill\u00e4 olisi vain yksitt\u00e4in myyt\u00e4vi\u00e4 \u00e4\u00e4nikirjoja niin sittenh\u00e4n se olisi hyv\u00e4. Suurin ongelma kuitenkin on, ett\u00e4 n\u00e4it\u00e4 kulutetaan luku- ja kuuntelupalveluiden kautta, jossa on tarjolla valtava katalogi materiaalia. T\u00e4m\u00e4n my\u00f6t\u00e4 tieto- ja kaunokirjailijoiden teoskohtainen tulot romahtavat, Tossavainen kertoo.<\/p>\n<p class=\"paragraph\">Alalla vallitseva k\u00e4sitys on, ett\u00e4 kuunnellusta \u00e4\u00e4nikirjasta saadaan vain viides- tai kuudesosan siit\u00e4, mit\u00e4 kirjailija saisi fyysisest\u00e4 kirjasta.<\/p>\n<p class=\"paragraph\">\u2013 Vaikka n\u00e4m\u00e4 palvelut lis\u00e4\u00e4v\u00e4t kirjojen kulutusta, ei se miss\u00e4\u00e4n nimess\u00e4 muutu kuusinkertaiseksi, sen takia tekij\u00f6iden tulot laskevat.<\/p>\n<p class=\"paragraph\">Tossavainen ei kuitenkaan usko, ett\u00e4 Spotify pystyisi polkemaan nykyisi\u00e4 \u00e4\u00e4nikirjamarkkinoiden hintoja entist\u00e4 alemmas.<\/p>\n<p class=\"paragraph\">\u2013 N\u00e4iden [\u00e4\u00e4nikirjapalveluiden] kuukausihinta on niin matala, etten usko, ett\u00e4 se en\u00e4\u00e4 puolittuisi en\u00e4\u00e4 t\u00e4st\u00e4. Ainakaan lyhyell\u00e4 aikav\u00e4lill\u00e4.<\/p>\n<p><script async src=\"\/\/www.instagram.com\/embed.js\"><\/script><\/p>\n","protected":false},"excerpt":{"rendered":"Uutinen \u00e4\u00e4nikirjojen saapumisesta Spotifyn suoratoistopalveluun sai useat kirjailijat raivon partaalle. Kirjailijat ovat huolestuneita toimeentulostaan. Suoratoistopalvelu Spotify sai tiistaina&hellip;\n","protected":false},"author":2,"featured_media":94778,"comment_status":"","ping_status":"","sticky":false,"template":"","format":"standard","meta":{"footnotes":""},"categories":[12],"tags":[35,22,23,26,27,33,31,30,17,147,24,25,28,29,1616,15,18,21,32,485,484,19,20,140,16],"class_list":{"0":"post-94777","1":"post","2":"type-post","3":"status-publish","4":"format-standard","5":"has-post-thumbnail","7":"category-suomi","8":"tag-24h","9":"tag-breaking-news","10":"tag-breakingnews","11":"tag-featured-news","12":"tag-featurednews","13":"tag-fi","14":"tag-finland","15":"tag-finnish","16":"tag-headlines","17":"tag-internet-palvelut","18":"tag-latest-news","19":"tag-latestnews","20":"tag-main-news","21":"tag-mainnews","22":"tag-media-viestinta","23":"tag-news","24":"tag-otsikot","25":"tag-paauutiset","26":"tag-suomi","27":"tag-taide-yleista","28":"tag-taiteellinen-ilmaisu-ja-mediat","29":"tag-top-stories","30":"tag-topstories","31":"tag-tv-ja-elokuvat","32":"tag-uutiset"},"share_on_mastodon":{"url":"https:\/\/pubeurope.com\/@fi\/115579131245362553","error":""},"_links":{"self":[{"href":"https:\/\/www.europesays.com\/fi\/wp-json\/wp\/v2\/posts\/94777","targetHints":{"allow":["GET"]}}],"collection":[{"href":"https:\/\/www.europesays.com\/fi\/wp-json\/wp\/v2\/posts"}],"about":[{"href":"https:\/\/www.europesays.com\/fi\/wp-json\/wp\/v2\/types\/post"}],"author":[{"embeddable":true,"href":"https:\/\/www.europesays.com\/fi\/wp-json\/wp\/v2\/users\/2"}],"replies":[{"embeddable":true,"href":"https:\/\/www.europesays.com\/fi\/wp-json\/wp\/v2\/comments?post=94777"}],"version-history":[{"count":0,"href":"https:\/\/www.europesays.com\/fi\/wp-json\/wp\/v2\/posts\/94777\/revisions"}],"wp:featuredmedia":[{"embeddable":true,"href":"https:\/\/www.europesays.com\/fi\/wp-json\/wp\/v2\/media\/94778"}],"wp:attachment":[{"href":"https:\/\/www.europesays.com\/fi\/wp-json\/wp\/v2\/media?parent=94777"}],"wp:term":[{"taxonomy":"category","embeddable":true,"href":"https:\/\/www.europesays.com\/fi\/wp-json\/wp\/v2\/categories?post=94777"},{"taxonomy":"post_tag","embeddable":true,"href":"https:\/\/www.europesays.com\/fi\/wp-json\/wp\/v2\/tags?post=94777"}],"curies":[{"name":"wp","href":"https:\/\/api.w.org\/{rel}","templated":true}]}}