{"id":94779,"date":"2025-11-20T00:12:13","date_gmt":"2025-11-20T00:12:13","guid":{"rendered":"https:\/\/www.europesays.com\/fi\/94779\/"},"modified":"2025-11-20T00:12:13","modified_gmt":"2025-11-20T00:12:13","slug":"poliisi-loysi-haagassa-kadonneen-naisen-paikalliset","status":"publish","type":"post","link":"https:\/\/www.europesays.com\/fi\/94779\/","title":{"rendered":"Poliisi l\u00f6ysi Haagassa kadonneen naisen | Paikalliset"},"content":{"rendered":"<p>Poliisi l\u00f6ysi keskiviikkona alkuillasta Helsingin Haagan M\u00e4kipellontiell\u00e4 kadonneen naisen.<\/p>\n<p>Nainen on l\u00f6ytynyt hyv\u00e4kuntoisena, poliisi tiedotti my\u00f6h\u00e4\u00e4n keskiiviikona.<\/p>\n<p>Poliisi kiitt\u00e4\u00e4 havainnoista ilmoittaneita.<\/p>\n<p class=\"diks-storyline__additional-information\">Juttua muokattu kello 22.35: p\u00e4ivitetty tiedolla kadonneen l\u00f6ytymisest\u00e4 ja poistettu kuva kadonneesta sek\u00e4 t\u00e4m\u00e4n tunnistetiedot<\/p>\n","protected":false},"excerpt":{"rendered":"Poliisi l\u00f6ysi keskiviikkona alkuillasta Helsingin Haagan M\u00e4kipellontiell\u00e4 kadonneen naisen. Nainen on l\u00f6ytynyt hyv\u00e4kuntoisena, poliisi tiedotti my\u00f6h\u00e4\u00e4n keskiiviikona. Poliisi&hellip;\n","protected":false},"author":2,"featured_media":88671,"comment_status":"","ping_status":"","sticky":false,"template":"","format":"standard","meta":{"footnotes":""},"categories":[5],"tags":[22,23,26,27,33,31,30,17,104,24,25,28,29,15,18,21,122,54,52,32,19,20,16],"class_list":{"0":"post-94779","1":"post","2":"type-post","3":"status-publish","4":"format-standard","5":"has-post-thumbnail","7":"category-otsikot","8":"tag-breaking-news","9":"tag-breakingnews","10":"tag-featured-news","11":"tag-featurednews","12":"tag-fi","13":"tag-finland","14":"tag-finnish","15":"tag-headlines","16":"tag-helsinki","17":"tag-latest-news","18":"tag-latestnews","19":"tag-main-news","20":"tag-mainnews","21":"tag-news","22":"tag-otsikot","23":"tag-paauutiset","24":"tag-pelastaminen","25":"tag-pelastuspalvelut","26":"tag-poliisi","27":"tag-suomi","28":"tag-top-stories","29":"tag-topstories","30":"tag-uutiset"},"share_on_mastodon":{"url":"https:\/\/pubeurope.com\/@fi\/115579135114321665","error":""},"_links":{"self":[{"href":"https:\/\/www.europesays.com\/fi\/wp-json\/wp\/v2\/posts\/94779","targetHints":{"allow":["GET"]}}],"collection":[{"href":"https:\/\/www.europesays.com\/fi\/wp-json\/wp\/v2\/posts"}],"about":[{"href":"https:\/\/www.europesays.com\/fi\/wp-json\/wp\/v2\/types\/post"}],"author":[{"embeddable":true,"href":"https:\/\/www.europesays.com\/fi\/wp-json\/wp\/v2\/users\/2"}],"replies":[{"embeddable":true,"href":"https:\/\/www.europesays.com\/fi\/wp-json\/wp\/v2\/comments?post=94779"}],"version-history":[{"count":0,"href":"https:\/\/www.europesays.com\/fi\/wp-json\/wp\/v2\/posts\/94779\/revisions"}],"wp:featuredmedia":[{"embeddable":true,"href":"https:\/\/www.europesays.com\/fi\/wp-json\/wp\/v2\/media\/88671"}],"wp:attachment":[{"href":"https:\/\/www.europesays.com\/fi\/wp-json\/wp\/v2\/media?parent=94779"}],"wp:term":[{"taxonomy":"category","embeddable":true,"href":"https:\/\/www.europesays.com\/fi\/wp-json\/wp\/v2\/categories?post=94779"},{"taxonomy":"post_tag","embeddable":true,"href":"https:\/\/www.europesays.com\/fi\/wp-json\/wp\/v2\/tags?post=94779"}],"curies":[{"name":"wp","href":"https:\/\/api.w.org\/{rel}","templated":true}]}}