{"id":94780,"date":"2025-11-20T00:24:13","date_gmt":"2025-11-20T00:24:13","guid":{"rendered":"https:\/\/www.europesays.com\/fi\/94780\/"},"modified":"2025-11-20T00:24:13","modified_gmt":"2025-11-20T00:24:13","slug":"kaisa-merela-ja-ami-rubinstein-avioliitto","status":"publish","type":"post","link":"https:\/\/www.europesays.com\/fi\/94780\/","title":{"rendered":"Kaisa Merel\u00e4 ja Ami Rubinstein: Avioliitto!"},"content":{"rendered":"<p>            Kaisa Merel\u00e4n Instagram, Adobe Stock\n        <\/p>\n<p class=\"subtitle \">Kaisa Merel\u00e4 mainostaa omilla sivuillaan olevansa \u201dmodernin seksuaalikasvatuksen pioneeri Suomessa\u201d.<\/p>\n<p class=\"article-content article-content-width !bg-background\"> on seksuaalikasvattaja sek\u00e4 somevaikuttaja.<\/p>\n<p class=\"article-content article-content-width !bg-background\">Kaisa operoi somessa nimell\u00e4 \u201dKaisaminni\u201d.<\/p>\n<p class=\"article-content article-content-width !bg-background\">Omilla sivuillaan Kaisa mainostaa olevansa \u201dmodernin seksuaalikasvatuksen pioneeri Suomessa\u201d.<\/p>\n<p class=\"article-content article-content-width !bg-background\">\u2013 Intohimoni ja el\u00e4m\u00e4nteht\u00e4v\u00e4ni on auttaa naisia l\u00f6yt\u00e4m\u00e4\u00e4n anteeksipyytelem\u00e4t\u00f6n, tiedostava ja omann\u00e4k\u00f6inen voima, Kaisa kertoo sivuillaan.<\/p>\n<p>        <a itemprop=\"url\" href=\"https:\/\/www.seiska.fi\/kotimaa\/suomalaisen-sometahden-hammentava-aborttipaivitys-tarvitsin-enemman-aikaa-olla-rakastaja\/1700013\" rel=\"nofollow noopener\" target=\"_blank\"><\/p>\n<p>\nSuomalainen somet\u00e4hti\n<\/p>\n<p class=\"section-date\">\n        <strong class=\"article-section\" data-section=\"kotimaa\"><br \/>\n            kotimaa<br \/>\n        <\/strong><br \/>\n        13.5. 10:34\n    <\/p>\n<p>Suomalaisen somet\u00e4hden h\u00e4mment\u00e4v\u00e4 aborttip\u00e4ivitys: &#8221;Tarvitsin enemm\u00e4n aikaa olla rakastaja&#8221;\n    <\/p>\n<p itemprop=\"description\" class=\"subtitle \">\n    Seksuaalivaikuttaja Kaisa Merel\u00e4 ja h\u00e4nen miesyst\u00e4v\u00e4ns\u00e4 saivat tiet\u00e4\u00e4 raskaudesta nelj\u00e4 kuukautta ensitapaamisestaan.\n<\/p>\n<p>        <\/a><\/p>\n<p class=\"article-content article-content-width !bg-background\">Kaisan rakas on 18 vuotta vanhempi bisnesmies , jonka kanssa he tapasivat hieman alle vuosi sitten joulukuussa.<\/p>\n<p>                <img decoding=\"async\" src=\"https:\/\/www.europesays.com\/fi\/wp-content\/uploads\/2025\/11\/1997317.webp\" width=\"576\" height=\"322\" alt=\"Ami Rubinstein toimi Kiekko-Espoon hallituksen puheenjohtajana useamman vuoden.\" loading=\"lazy\" \/>            <\/p>\n<p>\n            Ami Rubinstein toimi Kiekko-Espoon hallituksen puheenjohtajana useamman vuoden.<br \/>\n            AOP\n        <\/p>\n<p>&#8221;Ansaitsemme viel\u00e4 lis\u00e4\u00e4 aikaa olla vain kahdestaan&#8221;<\/p>\n<p class=\"article-content article-content-width !bg-background\">Kev\u00e4\u00e4ll\u00e4 Kaisa kertoi joutuneensa tekem\u00e4\u00e4n raskaan p\u00e4\u00e4t\u00f6ksen, tarkoittaen aborttia.<\/p>\n<p class=\"article-content article-content-width !bg-background\">\u2013 Minun piti tehd\u00e4 kaikkein vaikein ja ristiriitaisin, kaikkein rakastavin ja \u00e4idillisin asia, jonka olen tehnyt koskaan. Jouduin sanomaan sielulle (lapselle): ei viel\u00e4, rakkaani, Kaisa kirjoitti sittemmin poistetussa julkaisussaan Instagramissa.<\/p>\n<p>        <a itemprop=\"url\" href=\"https:\/\/www.seiska.fi\/kotimaa\/somevaikuttaja-loimutti-alapaataan-nuotiossa-viis-veisasi-metsapalovaroituksesta\/1063241\" rel=\"nofollow noopener\" target=\"_blank\"><\/p>\n<p class=\"section-date\">\n        <strong class=\"article-section\" data-section=\"kotimaa\"><br \/>\n            kotimaa<br \/>\n        <\/strong><br \/>\n        19.6.2023 18:00\n    <\/p>\n<p>Somevaikuttaja loimutti alap\u00e4\u00e4t\u00e4\u00e4n nuotiossa &#8211; viis veisasi mets\u00e4palovaroituksesta\n    <\/p>\n<p itemprop=\"description\" class=\"subtitle \">\n    Somevaikuttaja Kaisaminni demonstroi videolla, miten alap\u00e4\u00e4n h\u00f6yrytt\u00e4minen nuotiolla toimii.\n<\/p>\n<p>        <\/a><\/p>\n<p class=\"article-content article-content-width !bg-background\">Tuolloin Kaisa kertoi, ettei ratkaisu ollut helppo, ja h\u00e4n ilmaisi kokeneensa aiheen tiimoilta muun muassa surua.<\/p>\n<p class=\"article-content article-content-width !bg-background\">\u2013 En ollut valmis \u00e4itiyteen, jonka uskon olevan suurin muutos, jonka nainen voi k\u00e4yd\u00e4 l\u00e4pi. En ollut valmis jakamaan huomiotani t\u00e4m\u00e4n uuden sielun ja vasta juuri tapaamani el\u00e4m\u00e4ni rakkauden v\u00e4lill\u00e4, Kaisa kirjoitti.<\/p>\n<p class=\"article-content article-content-width !bg-background\">\u2013 Me ansaitsemme viel\u00e4 lis\u00e4\u00e4 aikaa olla vain kahdestaan, Kaisa jatkoi.<\/p>\n<p>Ensin abortti, sitten kihlat<\/p>\n<p class=\"article-content article-content-width !bg-background\">Tapaus her\u00e4tti somessa keskustelua, sill\u00e4 joidenkin mielest\u00e4 Kaisan julkaisu oli itsek\u00e4s ja valittaminen tekopyh\u00e4\u00e4.<\/p>\n<p class=\"article-content article-content-width !bg-background\">Yht\u00e4 kaikki, Kaisan ja Amin onni kukoistaa.<\/p>\n<p>        <a itemprop=\"url\" href=\"https:\/\/www.seiska.fi\/kotimaa\/sometahti-kaisa-merela-kihlautui-18-vuotta-vanhemman-kumppaninsa-kanssa-yhdessa-alle-puoli-vuotta\/1828650\" rel=\"nofollow noopener\" target=\"_blank\"><\/p>\n<p>\nSomet\u00e4hti Kaisaminni, 30, ja Ami-puoliso, 48\n<\/p>\n<p class=\"section-date\">\n        <strong class=\"article-section\" data-section=\"kotimaa\"><br \/>\n            kotimaa<br \/>\n        <\/strong><br \/>\n        6.6. 18:30\n    <\/p>\n<p>Somet\u00e4hti Kaisa Merel\u00e4 kihlautui 18 vuotta vanhemman kumppaninsa kanssa \u2013 yhdess\u00e4 alle puoli vuotta\n    <\/p>\n<p itemprop=\"description\" class=\"subtitle \">\n    Kaisa ja Ami-puoliso tapasivat viime joulukuussa.\n<\/p>\n<p>        <\/a><\/p>\n<p class=\"article-content article-content-width !bg-background\">Taannoin j\u00e4\u00e4kiekkoseura Kiekko-Espoon hallituksen puheenjohtajan teht\u00e4v\u00e4t j\u00e4tt\u00e4nyt Ami ja Kaisa kihlautuivat alle kuukautta abortin j\u00e4lkeen.<\/p>\n<p class=\"article-content article-content-width !bg-background\"> \u2013 Rubinsteinin p\u00e4\u00e4t\u00f6s poisj\u00e4\u00e4misest\u00e4 liittyy henkil\u00f6kohtaisiin el\u00e4m\u00e4nmuutoksiin ja tulevaisuuden suunnitelmiin, tiedotti liigaseura 31. lokakuuta.<\/p>\n<p>Kihlapari onkin aviopari<\/p>\n<p class=\"article-content article-content-width !bg-background\">Somessa on onnea riitt\u00e4nyt kuvien muodossa, joissa keski\u00f6ss\u00e4 ovat suudelmat, matkustelu ja samppanja.<\/p>\n<p class=\"article-content article-content-width !bg-background\">Nyt Seiska on selvitt\u00e4nyt, ett\u00e4 kihlapari onkin aviopari.<\/p>\n<p class=\"article-content article-content-width !bg-background\">Yritysrekisteriss\u00e4 Powerful Af Oy:n toimitusjohtajan kohdalla lukee Kaisa Merel\u00e4n sijasta Kaisa Kristiina Rubinstein.<\/p>\n<p class=\"article-content article-content-width !bg-background\">Seiska tavoitti Kaisan, joka ei halunnut kertoa, milloin pari on virallisesti mennyt naimisiin.<\/p>\n<p>                <img decoding=\"async\" src=\"https:\/\/www.europesays.com\/fi\/wp-content\/uploads\/2025\/11\/1997385.webp\" width=\"576\" height=\"274\" alt=\"'Intohimoni ja el\u00e4m\u00e4nteht\u00e4v\u00e4ni on auttaa naisia l\u00f6yt\u00e4m\u00e4\u00e4n anteeksipyytelem\u00e4t\u00f6n, tiedostava ja omann\u00e4k\u00f6inen voima', Kaisa kertoo sivuillaan.\" loading=\"lazy\" \/>            <\/p>\n<p>\n            &#8221;Intohimoni ja el\u00e4m\u00e4nteht\u00e4v\u00e4ni on auttaa naisia l\u00f6yt\u00e4m\u00e4\u00e4n anteeksipyytelem\u00e4t\u00f6n, tiedostava ja omann\u00e4k\u00f6inen voima&#8221;, Kaisa kertoo sivuillaan.<br \/>\n            Kaisa Merel\u00e4n nettisivut\n        <\/p>\n<p class=\"article-content article-content-width !bg-background\">\u2013 H\u00e4\u00e4juhlat ovat tulossa t\u00e4ss\u00e4 l\u00e4hiaikoina.<\/p>\n<p class=\"article-content article-content-width !bg-background\">\u2013 K\u00e4yt\u00e4nn\u00f6n syist\u00e4 virallinen osuus ja itse h\u00e4\u00e4juhlat ovat erikseen.<\/p>\n<p>&#8221;En kommentoi nyt mit\u00e4\u00e4n&#8221;<\/p>\n<p class=\"article-content article-content-width !bg-background\">Yht\u00e4 kaikki, vaikka naimisiin on menty maistraatissa, h\u00e4\u00e4juhlissa tullaan n\u00e4kem\u00e4\u00e4n kaikki juhlaseremoniat.<\/p>\n<p class=\"article-content article-content-width !bg-background\">Puheissaan Kaisa on mystinen liittyen huhuihin Yhdysvaltoihin muutosta ja jopa omien seksuaalikasvatust\u00f6idens\u00e4 jatkosta.<\/p>\n<p class=\"article-content article-content-width !bg-background\">\u2013 En kommentoi nyt mit\u00e4\u00e4n n\u00e4ihin.<\/p>\n","protected":false},"excerpt":{"rendered":"Kaisa Merel\u00e4n Instagram, Adobe Stock Kaisa Merel\u00e4 mainostaa omilla sivuillaan olevansa \u201dmodernin seksuaalikasvatuksen pioneeri Suomessa\u201d. on seksuaalikasvattaja sek\u00e4&hellip;\n","protected":false},"author":2,"featured_media":94781,"comment_status":"","ping_status":"","sticky":false,"template":"","format":"standard","meta":{"footnotes":""},"categories":[136],"tags":[5852,18624,407,137,33,31,30,408,18626,2423,18625,651,32,109],"class_list":{"0":"post-94780","1":"post","2":"type-post","3":"status-publish","4":"format-standard","5":"has-post-thumbnail","7":"category-julkkikset","8":"tag-abortti","9":"tag-ami-rubinstein","10":"tag-celebrities","11":"tag-entertainment","12":"tag-fi","13":"tag-finland","14":"tag-finnish","15":"tag-julkkikset","16":"tag-kaisa-merela","17":"tag-kihlaus","18":"tag-seksuaalikasvatus","19":"tag-suhteet","20":"tag-suomi","21":"tag-viihde"},"share_on_mastodon":{"url":"https:\/\/pubeurope.com\/@fi\/115579182534410730","error":""},"_links":{"self":[{"href":"https:\/\/www.europesays.com\/fi\/wp-json\/wp\/v2\/posts\/94780","targetHints":{"allow":["GET"]}}],"collection":[{"href":"https:\/\/www.europesays.com\/fi\/wp-json\/wp\/v2\/posts"}],"about":[{"href":"https:\/\/www.europesays.com\/fi\/wp-json\/wp\/v2\/types\/post"}],"author":[{"embeddable":true,"href":"https:\/\/www.europesays.com\/fi\/wp-json\/wp\/v2\/users\/2"}],"replies":[{"embeddable":true,"href":"https:\/\/www.europesays.com\/fi\/wp-json\/wp\/v2\/comments?post=94780"}],"version-history":[{"count":0,"href":"https:\/\/www.europesays.com\/fi\/wp-json\/wp\/v2\/posts\/94780\/revisions"}],"wp:featuredmedia":[{"embeddable":true,"href":"https:\/\/www.europesays.com\/fi\/wp-json\/wp\/v2\/media\/94781"}],"wp:attachment":[{"href":"https:\/\/www.europesays.com\/fi\/wp-json\/wp\/v2\/media?parent=94780"}],"wp:term":[{"taxonomy":"category","embeddable":true,"href":"https:\/\/www.europesays.com\/fi\/wp-json\/wp\/v2\/categories?post=94780"},{"taxonomy":"post_tag","embeddable":true,"href":"https:\/\/www.europesays.com\/fi\/wp-json\/wp\/v2\/tags?post=94780"}],"curies":[{"name":"wp","href":"https:\/\/api.w.org\/{rel}","templated":true}]}}