{"id":94784,"date":"2025-11-20T00:32:09","date_gmt":"2025-11-20T00:32:09","guid":{"rendered":"https:\/\/www.europesays.com\/fi\/94784\/"},"modified":"2025-11-20T00:32:09","modified_gmt":"2025-11-20T00:32:09","slug":"seiska-iida-vainion-ulosottorekisteriin-tullut-muutoksia","status":"publish","type":"post","link":"https:\/\/www.europesays.com\/fi\/94784\/","title":{"rendered":"Seiska: Iida Vainion ulosottorekisteriin tullut muutoksia"},"content":{"rendered":"<p>Julkisuuteen kultamekko p\u00e4\u00e4ll\u00e4 astunut <strong>Iida Vainio<\/strong> tuntuu edelleen olevan rahavaikeuksissa. Seiska on selvitt\u00e4nyt tuoreet tiedot h\u00e4nen ulosottorekisterist\u00e4\u00e4n. Sellainen h\u00e4nell\u00e4 edelleen on ja siihen on tullut uusia lis\u00e4yksi\u00e4.<\/p>\n<p>Lue my\u00f6s: <a href=\"https:\/\/www.como.fi\/uutiset\/nain-archie-cruz-ja-iida-vainio-tienasivat-mika-salaisuus-tahan-liittyy\/\" title=\"N\u00e4in Archie Cruz ja Iida Vainio tienasivat \u2013 mik\u00e4 salaisuus t\u00e4h\u00e4n liittyy?\" class=\"underline-custom !font-montserrat !font-bold !underline-offset-4 !decoration-4 !decoration-red-600 !text-md\" rel=\"nofollow noopener\" target=\"_blank\">N\u00e4in Archie Cruz ja Iida Vainio tienasivat \u2013 mik\u00e4 salaisuus t\u00e4h\u00e4n liittyy?<\/a><\/p>\n<p>Iidalla on ollut merkint\u00f6j\u00e4 ulosottorekisteriss\u00e4 vuodesta 2023 l\u00e4htien. H\u00e4n nousi julkisuuteen sit\u00e4 edellisen\u00e4 vuonna. H\u00e4n oli tuolloin vasta 18-vuotias. Se hetki liittyy j\u00e4\u00e4kiekon olympiakisoista kotiin palaaviin Leijoniin, joita Iida oli vastassa Vantaan lentoasemalla. H\u00e4n erottui kultaisella mekollaan muista paikallaolleista.<\/p>\n<p>Julkisuus ei tunnu tehneen hyv\u00e4\u00e4 Iidan raha-asioihin. Nyt Iidan ulosottorekisteri on Seiskan mukaan jo kuusisivuinen. Velkoja ei ole lyhennetty lainkaan, koska Iidalla on todettu olevan varattomuuseste.<\/p>\n<p>Iidan ulosottorekisteriin on tullut viime aikoina nelj\u00e4 uutta merkint\u00e4\u00e4. Yksi niist\u00e4 koskee perint\u00e4toimiston saatavia, joita on 497 euron edest\u00e4. Yksi taas koskee Verohallinnon 656 euron saatavia. Iidalla on j\u00e4\u00e4nyt maksamatta my\u00f6s j\u00e4\u00e4nn\u00f6sveroja sek\u00e4 arvonlis\u00e4veroja.<\/p>\n<p>Iidalta l\u00f6ytyy ulosotosta Seiskan mukaan 20 701 euroa.<\/p>\n<p>N\u00e4in Iida hemmottelee itse\u00e4\u00e4n<\/p>\n<p>Iida tekee usein julkaisuja, joissa h\u00e4n ehostaa ulkon\u00e4k\u00f6\u00e4\u00e4n. H\u00e4n kertoi kev\u00e4\u00e4ll\u00e4, kuinka h\u00e4nelle on t\u00e4rke\u00e4\u00e4 olla huoliteltu. H\u00e4n paljasti k\u00e4yv\u00e4ns\u00e4 kynsihoidossa my\u00f6s rentoutumisen takia. Julkaisu l\u00f6ytyy <a href=\"https:\/\/www.instagram.com\/p\/DHoxALSsUO7UsecZ8lJOd25zu5tCMIUfqRvejE0\/?hl=fi\" target=\"_blank\" rel=\"noreferrer noopener nofollow\">t\u00e4\u00e4lt\u00e4<\/a>. <\/p>\n<p>\u2013 Mun mielest\u00e4 paras fiilis on silloin, kun kaikki on viimeisen p\u00e4\u00e4lle. Kynnet on iso osa sit\u00e4<\/p>\n<p>Iida on p\u00e4\u00e4ssyt rentoutumaan my\u00f6s matkustamisen ja konserttien kautta. H\u00e4n k\u00e4vi kes\u00e4ll\u00e4 esimerkiksi Tallinnassa AC\/DC-yhtyeen keikalla. Iidan kes\u00e4\u00e4n kuului my\u00f6s matka Espanjaan, jossa h\u00e4n majoittui perheens\u00e4 kanssa Hard Rock Hotel Marbellaan.<\/p>\n<p>L\u00e4hde: <a href=\"https:\/\/www.seiska.fi\/vain-seiskassa\/talta-nayttaa-iida-vainion-ulosottorekisteri\/1988659\" target=\"_blank\" rel=\"noreferrer noopener nofollow\">Seiska<\/a><\/p>\n<p>Lue my\u00f6s: <a href=\"https:\/\/www.como.fi\/tilaa-comon-uutiskirje\/\" title=\"Tilaa Comon uutiskirje ja tied\u00e4t mist\u00e4 kahvitauolla puhutaan! Nappaa kotimaan tv-vinkit ja puheenaiheet suoraan s\u00e4hk\u00f6postiin t\u00e4st\u00e4.\" class=\"underline-custom !font-montserrat !font-bold !underline-offset-4 !decoration-4 !decoration-red-600 !text-md\" rel=\"nofollow noopener\" target=\"_blank\">Tilaa Comon uutiskirje ja tied\u00e4t mist\u00e4 kahvitauolla puhutaan! Nappaa kotimaan tv-vinkit ja puheenaiheet suoraan s\u00e4hk\u00f6postiin t\u00e4st\u00e4.<\/a><\/p>\n<p>\t\t\t\t<script async src=\"\/\/www.instagram.com\/embed.js\"><\/script><\/p>\n","protected":false},"excerpt":{"rendered":"Julkisuuteen kultamekko p\u00e4\u00e4ll\u00e4 astunut Iida Vainio tuntuu edelleen olevan rahavaikeuksissa. Seiska on selvitt\u00e4nyt tuoreet tiedot h\u00e4nen ulosottorekisterist\u00e4\u00e4n. Sellainen&hellip;\n","protected":false},"author":2,"featured_media":94785,"comment_status":"","ping_status":"","sticky":false,"template":"","format":"standard","meta":{"footnotes":""},"categories":[130],"tags":[137,33,31,30,2344,32,109],"class_list":{"0":"post-94784","1":"post","2":"type-post","3":"status-publish","4":"format-standard","5":"has-post-thumbnail","7":"category-viihde","8":"tag-entertainment","9":"tag-fi","10":"tag-finland","11":"tag-finnish","12":"tag-iida-vainio","13":"tag-suomi","14":"tag-viihde"},"share_on_mastodon":{"url":"https:\/\/pubeurope.com\/@fi\/115579213781910000","error":""},"_links":{"self":[{"href":"https:\/\/www.europesays.com\/fi\/wp-json\/wp\/v2\/posts\/94784","targetHints":{"allow":["GET"]}}],"collection":[{"href":"https:\/\/www.europesays.com\/fi\/wp-json\/wp\/v2\/posts"}],"about":[{"href":"https:\/\/www.europesays.com\/fi\/wp-json\/wp\/v2\/types\/post"}],"author":[{"embeddable":true,"href":"https:\/\/www.europesays.com\/fi\/wp-json\/wp\/v2\/users\/2"}],"replies":[{"embeddable":true,"href":"https:\/\/www.europesays.com\/fi\/wp-json\/wp\/v2\/comments?post=94784"}],"version-history":[{"count":0,"href":"https:\/\/www.europesays.com\/fi\/wp-json\/wp\/v2\/posts\/94784\/revisions"}],"wp:featuredmedia":[{"embeddable":true,"href":"https:\/\/www.europesays.com\/fi\/wp-json\/wp\/v2\/media\/94785"}],"wp:attachment":[{"href":"https:\/\/www.europesays.com\/fi\/wp-json\/wp\/v2\/media?parent=94784"}],"wp:term":[{"taxonomy":"category","embeddable":true,"href":"https:\/\/www.europesays.com\/fi\/wp-json\/wp\/v2\/categories?post=94784"},{"taxonomy":"post_tag","embeddable":true,"href":"https:\/\/www.europesays.com\/fi\/wp-json\/wp\/v2\/tags?post=94784"}],"curies":[{"name":"wp","href":"https:\/\/api.w.org\/{rel}","templated":true}]}}