{"id":94786,"date":"2025-11-20T00:36:13","date_gmt":"2025-11-20T00:36:13","guid":{"rendered":"https:\/\/www.europesays.com\/fi\/94786\/"},"modified":"2025-11-20T00:36:13","modified_gmt":"2025-11-20T00:36:13","slug":"venajan-vakoojalaiva-tahtasi-brittihavittajia-lasereilla","status":"publish","type":"post","link":"https:\/\/www.europesays.com\/fi\/94786\/","title":{"rendered":"Ven\u00e4j\u00e4n vakoojalaiva t\u00e4ht\u00e4si brittih\u00e4vitt\u00e4ji\u00e4 lasereilla"},"content":{"rendered":"<p><strong class=\"typography-bold\">Britannialla on valmiina &#8221;sotilaallisia vaihtoehtoja&#8221;.<\/strong><\/p>\n<p>Ven\u00e4j\u00e4n vakoojalaiva Yantar on suunnannut lasereita Britannian sotilaslentokoneita kohti, sanoo Britannian puolustusministeri <strong class=\"typography-bold\">John Healey<\/strong> uutistoimisto Reutersin mukaan.<\/p>\n<p>Britannialla on &#8221;sotilaalliset vaihtoehdot&#8221; p\u00f6yd\u00e4ll\u00e4, jos Yantarista tulee uhka, puolustusministeri sanoo.<\/p>\n<p>Britannia valitsee jatkotoimenpiteens\u00e4 ministerin mukaan sill\u00e4 perusteella, mit\u00e4 Yantar seuraavaksi tekee.<\/p>\n<p>Yantar seilaa t\u00e4ll\u00e4 hetkell\u00e4 l\u00e4hell\u00e4 Britannian aluevesi\u00e4 Skotlannin pohjoispuolella.<\/p>\n<p>Laserv\u00e4likohtaus tapahtui, kun Britannian ilmavoimat saapuivat tarkkailemaan ven\u00e4l\u00e4isalusta.\u00a0<\/p>\n<p>Healey pit\u00e4\u00e4 &#8221;hyvin vaarallisena&#8221;, ett\u00e4 ven\u00e4l\u00e4islaiva osoitti lasereilla Britannian ilmavoimien lent\u00e4ji\u00e4.<\/p>\n<p>\u2013 T\u00e4m\u00e4 on ensimm\u00e4inen kerta, kun Yantar on toiminut n\u00e4in Britannian ilmavoimia vastaan. Me otamme sen \u00e4\u00e4rimm\u00e4isen vakavasti, Healey sanoi.<\/p>\n","protected":false},"excerpt":{"rendered":"Britannialla on valmiina &#8221;sotilaallisia vaihtoehtoja&#8221;. Ven\u00e4j\u00e4n vakoojalaiva Yantar on suunnannut lasereita Britannian sotilaslentokoneita kohti, sanoo Britannian puolustusministeri John&hellip;\n","protected":false},"author":2,"featured_media":94787,"comment_status":"","ping_status":"","sticky":false,"template":"","format":"standard","meta":{"footnotes":""},"categories":[14],"tags":[22,23,26,27,33,31,30,17,24,25,28,29,15,18,21,32,19,20,56,16,59,60,61],"class_list":{"0":"post-94786","1":"post","2":"type-post","3":"status-publish","4":"format-standard","5":"has-post-thumbnail","7":"category-ulkomaat","8":"tag-breaking-news","9":"tag-breakingnews","10":"tag-featured-news","11":"tag-featurednews","12":"tag-fi","13":"tag-finland","14":"tag-finnish","15":"tag-headlines","16":"tag-latest-news","17":"tag-latestnews","18":"tag-main-news","19":"tag-mainnews","20":"tag-news","21":"tag-otsikot","22":"tag-paauutiset","23":"tag-suomi","24":"tag-top-stories","25":"tag-topstories","26":"tag-ulkomaat","27":"tag-uutiset","28":"tag-world","29":"tag-world-news","30":"tag-worldnews"},"share_on_mastodon":{"url":"https:\/\/pubeurope.com\/@fi\/115579229592904312","error":""},"_links":{"self":[{"href":"https:\/\/www.europesays.com\/fi\/wp-json\/wp\/v2\/posts\/94786","targetHints":{"allow":["GET"]}}],"collection":[{"href":"https:\/\/www.europesays.com\/fi\/wp-json\/wp\/v2\/posts"}],"about":[{"href":"https:\/\/www.europesays.com\/fi\/wp-json\/wp\/v2\/types\/post"}],"author":[{"embeddable":true,"href":"https:\/\/www.europesays.com\/fi\/wp-json\/wp\/v2\/users\/2"}],"replies":[{"embeddable":true,"href":"https:\/\/www.europesays.com\/fi\/wp-json\/wp\/v2\/comments?post=94786"}],"version-history":[{"count":0,"href":"https:\/\/www.europesays.com\/fi\/wp-json\/wp\/v2\/posts\/94786\/revisions"}],"wp:featuredmedia":[{"embeddable":true,"href":"https:\/\/www.europesays.com\/fi\/wp-json\/wp\/v2\/media\/94787"}],"wp:attachment":[{"href":"https:\/\/www.europesays.com\/fi\/wp-json\/wp\/v2\/media?parent=94786"}],"wp:term":[{"taxonomy":"category","embeddable":true,"href":"https:\/\/www.europesays.com\/fi\/wp-json\/wp\/v2\/categories?post=94786"},{"taxonomy":"post_tag","embeddable":true,"href":"https:\/\/www.europesays.com\/fi\/wp-json\/wp\/v2\/tags?post=94786"}],"curies":[{"name":"wp","href":"https:\/\/api.w.org\/{rel}","templated":true}]}}