{"id":94788,"date":"2025-11-20T00:37:10","date_gmt":"2025-11-20T00:37:10","guid":{"rendered":"https:\/\/www.europesays.com\/fi\/94788\/"},"modified":"2025-11-20T00:37:10","modified_gmt":"2025-11-20T00:37:10","slug":"purra-sanna-marinin-hallitusta-vaivasi-vauhtisokeus","status":"publish","type":"post","link":"https:\/\/www.europesays.com\/fi\/94788\/","title":{"rendered":"Purra: Sanna Marinin hallitusta vaivasi vauhtisokeus"},"content":{"rendered":"<p><strong class=\"typography-bold\">Purran mukaan Marinin hallituksella ei ollut valmiutta ryhty\u00e4 poliittisesti hankaliin ja kansalaisia suututtaviin s\u00e4\u00e4st\u00f6toimiin.<\/strong><\/p>\n<p>Valtiovarainministeri<strong class=\"typography-bold\"> Riikka Purran<\/strong> (ps.) mukaan silloisen p\u00e4\u00e4ministerin <strong class=\"typography-bold\">Sanna Marinin<\/strong> (sd.) hallitusta vaivasi viime hallituskaudella koronakriisin aiheuttama vauhtisokeus, kun budjettimenot kasvoivat nelj\u00e4n koronavuoden aikana yhteens\u00e4 yli 40 miljardia euroa.<\/p>\n<p>Purra kommentoi Valtiontalouden tarkastusviraston (VTV) julkistamaa raporttia Marinin hallituksen rahank\u00e4yt\u00f6st\u00e4 toimittajille eduskunnassa.<\/p>\n<p>Purran mukaan Marinin hallituksella ei ollut valmiutta ryhty\u00e4 poliittisesti hankaliin ja kansalaisia suututtaviin s\u00e4\u00e4st\u00f6toimiin.<\/p>\n<p>\u2013\u2009Siin\u00e4kin tilanteessa, kun talous l\u00e4hti kasvuun ja olisi ollut fiskaalisesti hyv\u00e4 hetki tehd\u00e4 toimia, niin lis\u00e4ttiin kaasua, vaikka nimenomaan t\u00e4ss\u00e4 tilanteessa olisi pit\u00e4nyt kyet\u00e4 tekem\u00e4\u00e4n s\u00e4\u00e4st\u00f6j\u00e4, Purra sanoi.<\/p>\n<p>\u2013\u2009Kriisin varjolla tuli vauhtisokeus ja siin\u00e4 vaiheessa kun hallitus p\u00e4\u00e4tti luopua kehyksist\u00e4\u00e4n, niin se avasi baanan, Purra jatkoi.<\/p>\n<p>Purran mukaan Marinin hallituksen rahank\u00e4yt\u00f6ss\u00e4 n\u00e4kyy hallituskokoonpanon riitaisuus. Marinin hallituksessa erimielisyyksi\u00e4 oli etenkin p\u00e4\u00e4ministeripuolue SDP:n ja valtiovarainministeri <strong class=\"typography-bold\">Annika Saarikon<\/strong> johtaman keskustan v\u00e4lill\u00e4.<\/p>\n<p>\u2013\u2009Aina kun jokin puolue sai jotain, niin toista rauhoitettiin antamalla my\u00f6s rahaa, Purra sanoi.<\/p>\n<p><strong class=\"typography-bold\">Lue my\u00f6s: <\/strong><a class=\"underline\" data-testid=\"internal-link\" role=\"link\" data-sentry-element=\"Link\" data-sentry-component=\"InternalLink\" data-sentry-source-file=\"InternalLink.tsx\" href=\"https:\/\/www.mtvuutiset.fi\/artikkeli\/marinin-hallitus-lisasi-koronan-varjolla-menoja-pysyvasti-katsoo-valtiontalouden-tarkastusvirasto\/9257612\" rel=\"nofollow noopener\" target=\"_blank\"><\/a><\/p>\n","protected":false},"excerpt":{"rendered":"Purran mukaan Marinin hallituksella ei ollut valmiutta ryhty\u00e4 poliittisesti hankaliin ja kansalaisia suututtaviin s\u00e4\u00e4st\u00f6toimiin. Valtiovarainministeri Riikka Purran (ps.)&hellip;\n","protected":false},"author":2,"featured_media":40070,"comment_status":"","ping_status":"","sticky":false,"template":"","format":"standard","meta":{"footnotes":""},"categories":[12],"tags":[22,23,26,27,33,31,30,17,24,25,28,29,15,18,21,32,19,20,16],"class_list":{"0":"post-94788","1":"post","2":"type-post","3":"status-publish","4":"format-standard","5":"has-post-thumbnail","7":"category-suomi","8":"tag-breaking-news","9":"tag-breakingnews","10":"tag-featured-news","11":"tag-featurednews","12":"tag-fi","13":"tag-finland","14":"tag-finnish","15":"tag-headlines","16":"tag-latest-news","17":"tag-latestnews","18":"tag-main-news","19":"tag-mainnews","20":"tag-news","21":"tag-otsikot","22":"tag-paauutiset","23":"tag-suomi","24":"tag-top-stories","25":"tag-topstories","26":"tag-uutiset"},"share_on_mastodon":{"url":"https:\/\/pubeurope.com\/@fi\/115579233510782752","error":""},"_links":{"self":[{"href":"https:\/\/www.europesays.com\/fi\/wp-json\/wp\/v2\/posts\/94788","targetHints":{"allow":["GET"]}}],"collection":[{"href":"https:\/\/www.europesays.com\/fi\/wp-json\/wp\/v2\/posts"}],"about":[{"href":"https:\/\/www.europesays.com\/fi\/wp-json\/wp\/v2\/types\/post"}],"author":[{"embeddable":true,"href":"https:\/\/www.europesays.com\/fi\/wp-json\/wp\/v2\/users\/2"}],"replies":[{"embeddable":true,"href":"https:\/\/www.europesays.com\/fi\/wp-json\/wp\/v2\/comments?post=94788"}],"version-history":[{"count":0,"href":"https:\/\/www.europesays.com\/fi\/wp-json\/wp\/v2\/posts\/94788\/revisions"}],"wp:featuredmedia":[{"embeddable":true,"href":"https:\/\/www.europesays.com\/fi\/wp-json\/wp\/v2\/media\/40070"}],"wp:attachment":[{"href":"https:\/\/www.europesays.com\/fi\/wp-json\/wp\/v2\/media?parent=94788"}],"wp:term":[{"taxonomy":"category","embeddable":true,"href":"https:\/\/www.europesays.com\/fi\/wp-json\/wp\/v2\/categories?post=94788"},{"taxonomy":"post_tag","embeddable":true,"href":"https:\/\/www.europesays.com\/fi\/wp-json\/wp\/v2\/tags?post=94788"}],"curies":[{"name":"wp","href":"https:\/\/api.w.org\/{rel}","templated":true}]}}