{"id":94795,"date":"2025-11-20T00:58:08","date_gmt":"2025-11-20T00:58:08","guid":{"rendered":"https:\/\/www.europesays.com\/fi\/94795\/"},"modified":"2025-11-20T00:58:08","modified_gmt":"2025-11-20T00:58:08","slug":"joulun-kuumin-koira-etsinnassa-r-kioski-kaynnisti-koiranomistajille-kisan","status":"publish","type":"post","link":"https:\/\/www.europesays.com\/fi\/94795\/","title":{"rendered":"Joulun kuumin koira etsinn\u00e4ss\u00e4 \u2013 R-kioski k\u00e4ynnisti koiranomistajille kisan"},"content":{"rendered":"<p>R-kioski on k\u00e4ynnist\u00e4nyt valtakunnallisen Joulun kuumin koira -kilpailun. Sen tarkoituksena on l\u00f6yt\u00e4\u00e4 koira, joka onnistuu ilahduttamaan suomalaisia kaikkein eniten joulukauden aikana. Mukaan p\u00e4\u00e4sev\u00e4t kaikki koiranomistajat. Heid\u00e4n teht\u00e4v\u00e4n\u00e4\u00e4n on l\u00e4hett\u00e4\u00e4 koirastaan kuva R-kioskin kampanjasivuston kautta.<\/p>\n<p>Kilpailu k\u00e4ynnistyi maanantaina ja se kest\u00e4\u00e4 kuusi viikkoa. Kolme eniten \u00e4\u00e4ni\u00e4 saanutta koiraa palkitaan herkkupaketilla. Omistajat taas saavat kuumia koiria eli hot doggeja.<\/p>\n<p>Lue my\u00f6s: <a href=\"https:\/\/www.voice.fi\/ilmiot\/is-taalla-majailevat-ahtarin-elainpuiston-pandat-lumi-ja-pyry\" title=\"IS: T\u00e4\u00e4ll\u00e4 majailevat \u00c4ht\u00e4rin el\u00e4inpuiston pandat Lumi ja Pyry\" class=\"underline-custom !font-montserrat !font-bold !underline-offset-4 !decoration-4 !decoration-tilt-light !text-md\" rel=\"nofollow noopener\" target=\"_blank\">IS: T\u00e4\u00e4ll\u00e4 majailevat \u00c4ht\u00e4rin el\u00e4inpuiston pandat Lumi ja Pyry<\/a><\/p>\n<p>\u2013 Pime\u00e4\u00e4n vuodenaikaan pienet ilonaiheet tuntuvat tavallista t\u00e4rke\u00e4mmilt\u00e4. Halusimme \u00c4rr\u00e4ll\u00e4 leikitell\u00e4 ajatuksella, ett\u00e4 kuuma koira on paljon enemm\u00e4n kuin hodari, se voi olla my\u00f6s koira joka saa ihmiset hymyilem\u00e4\u00e4n. On kiinnostavaa n\u00e4hd\u00e4, millaisia koiria suomalaiset tuovat esiin ja ket\u00e4 he lopulta p\u00e4\u00e4tt\u00e4v\u00e4t \u00e4\u00e4nest\u00e4\u00e4\u201d, kertoo R-kioskin br\u00e4ndip\u00e4\u00e4llikk\u00f6 <strong>Suzana Bincl<\/strong> kisasta.<\/p>\n<p>Voittajat paljastetaan 29. joulukuuta 2025 sek\u00e4 R-kioskin sosiaalisessa mediassa ett\u00e4 kampanjasivulla.<\/p>\n<p>Kampanjan my\u00f6t\u00e4 on haluttu toivottaa R-kioskeille tervetulleiksi kaikki syliss\u00e4 kannettavat lemmikit. T\u00e4ll\u00e4 tavalla voi piipahtaa asioilla esimerkiksi koiran kanssa kesken lenkin.<\/p>\n<p>L\u00e4hde: <a href=\"https:\/\/www.r-kioski.fi\/kuuminkoira\/\" target=\"_blank\" rel=\"noreferrer noopener nofollow\">R-kioski<\/a><\/p>\n","protected":false},"excerpt":{"rendered":"R-kioski on k\u00e4ynnist\u00e4nyt valtakunnallisen Joulun kuumin koira -kilpailun. Sen tarkoituksena on l\u00f6yt\u00e4\u00e4 koira, joka onnistuu ilahduttamaan suomalaisia kaikkein&hellip;\n","protected":false},"author":2,"featured_media":94796,"comment_status":"","ping_status":"","sticky":false,"template":"","format":"standard","meta":{"footnotes":""},"categories":[130],"tags":[137,33,31,30,18630,3066,4238,32,109],"class_list":{"0":"post-94795","1":"post","2":"type-post","3":"status-publish","4":"format-standard","5":"has-post-thumbnail","7":"category-viihde","8":"tag-entertainment","9":"tag-fi","10":"tag-finland","11":"tag-finnish","12":"tag-hot-dog","13":"tag-kilpailu","14":"tag-koirat","15":"tag-suomi","16":"tag-viihde"},"share_on_mastodon":{"url":"https:\/\/pubeurope.com\/@fi\/115579315995896926","error":""},"_links":{"self":[{"href":"https:\/\/www.europesays.com\/fi\/wp-json\/wp\/v2\/posts\/94795","targetHints":{"allow":["GET"]}}],"collection":[{"href":"https:\/\/www.europesays.com\/fi\/wp-json\/wp\/v2\/posts"}],"about":[{"href":"https:\/\/www.europesays.com\/fi\/wp-json\/wp\/v2\/types\/post"}],"author":[{"embeddable":true,"href":"https:\/\/www.europesays.com\/fi\/wp-json\/wp\/v2\/users\/2"}],"replies":[{"embeddable":true,"href":"https:\/\/www.europesays.com\/fi\/wp-json\/wp\/v2\/comments?post=94795"}],"version-history":[{"count":0,"href":"https:\/\/www.europesays.com\/fi\/wp-json\/wp\/v2\/posts\/94795\/revisions"}],"wp:featuredmedia":[{"embeddable":true,"href":"https:\/\/www.europesays.com\/fi\/wp-json\/wp\/v2\/media\/94796"}],"wp:attachment":[{"href":"https:\/\/www.europesays.com\/fi\/wp-json\/wp\/v2\/media?parent=94795"}],"wp:term":[{"taxonomy":"category","embeddable":true,"href":"https:\/\/www.europesays.com\/fi\/wp-json\/wp\/v2\/categories?post=94795"},{"taxonomy":"post_tag","embeddable":true,"href":"https:\/\/www.europesays.com\/fi\/wp-json\/wp\/v2\/tags?post=94795"}],"curies":[{"name":"wp","href":"https:\/\/api.w.org\/{rel}","templated":true}]}}