{"id":94799,"date":"2025-11-20T01:03:16","date_gmt":"2025-11-20T01:03:16","guid":{"rendered":"https:\/\/www.europesays.com\/fi\/94799\/"},"modified":"2025-11-20T01:03:16","modified_gmt":"2025-11-20T01:03:16","slug":"nain-kovat-saastot-pirha-aikoo-tehda-yhta-tietoa-tyontekijat-odottavat-hermostuneesti-joulun-alla","status":"publish","type":"post","link":"https:\/\/www.europesays.com\/fi\/94799\/","title":{"rendered":"N\u00e4in kovat s\u00e4\u00e4st\u00f6t Pirha aikoo tehd\u00e4 \u2013 yht\u00e4 tietoa ty\u00f6ntekij\u00e4t odottavat hermostuneesti joulun alla"},"content":{"rendered":"<p>Pirkanmaan hyvinvointialueen henkil\u00f6st\u00f6 odottaa tietoa tulevista henkil\u00f6st\u00f6\u00adv\u00e4hennyksist\u00e4. Yt-neuvottelujen pit\u00e4isi p\u00e4\u00e4tty\u00e4 tulevien viikkojen aikana.<\/p>\n<p>19.11. 15:16<\/p>\n<p class=\"article-body mb-nof-24 px-nof-16\">Aamulehti<\/p>\n<p class=\"article-body mb-nof-24 px-nof-16\"><a class=\"article-personlink\" href=\"https:\/\/www.aamulehti.fi\/haku\/?query=Pirkanmaan\" rel=\"nofollow noopener\" target=\"_blank\">Pirkanmaan <\/a>hyvinvointialue aikoo saada ensi vuonna loput yhteens\u00e4 200\u202fmiljoonan euron alij\u00e4\u00e4m\u00e4st\u00e4 kurottua kiinni. T\u00e4m\u00e4 tarkoittaa, ett\u00e4 ensi vuonna Pirhan pit\u00e4\u00e4 s\u00e4\u00e4st\u00e4\u00e4 90\u202fmiljoonaa euroa.<\/p>\n<p class=\"article-body mb-nof-24 px-nof-16\">Raju s\u00e4\u00e4st\u00f6kuuri tarkoittaa my\u00f6s ty\u00f6ntekij\u00f6iden v\u00e4hent\u00e4mist\u00e4. Viel\u00e4 on kysymysmerkki, kuinka paljon. Vs. hyvinvointialuejohtaja <a class=\"article-personlink\" href=\"https:\/\/www.aamulehti.fi\/haku\/?query=Juhani%20Sand\" rel=\"nofollow noopener\" target=\"_blank\">Juhani Sand<\/a> sanoo, ett\u00e4 alij\u00e4\u00e4m\u00e4n kattamisen vuoksi joudutaan tekem\u00e4\u00e4n kohdennettuja henkil\u00f6st\u00f6v\u00e4hennyksi\u00e4. Pirkanmaalla on tiukkaa, mutta moneen hyvinvointialueeseen verrattuna sen talousongelmat eiv\u00e4t ole yht\u00e4 isoja.<\/p>\n","protected":false},"excerpt":{"rendered":"Pirkanmaan hyvinvointialueen henkil\u00f6st\u00f6 odottaa tietoa tulevista henkil\u00f6st\u00f6\u00adv\u00e4hennyksist\u00e4. Yt-neuvottelujen pit\u00e4isi p\u00e4\u00e4tty\u00e4 tulevien viikkojen aikana. 19.11. 15:16 Aamulehti Pirkanmaan hyvinvointialue&hellip;\n","protected":false},"author":2,"featured_media":94800,"comment_status":"","ping_status":"","sticky":false,"template":"","format":"standard","meta":{"footnotes":""},"categories":[12],"tags":[157,22,23,26,27,33,31,30,17,24,25,28,29,15,18,21,32,19,20,16],"class_list":{"0":"post-94799","1":"post","2":"type-post","3":"status-publish","4":"format-standard","5":"has-post-thumbnail","7":"category-suomi","8":"tag-aamulehti","9":"tag-breaking-news","10":"tag-breakingnews","11":"tag-featured-news","12":"tag-featurednews","13":"tag-fi","14":"tag-finland","15":"tag-finnish","16":"tag-headlines","17":"tag-latest-news","18":"tag-latestnews","19":"tag-main-news","20":"tag-mainnews","21":"tag-news","22":"tag-otsikot","23":"tag-paauutiset","24":"tag-suomi","25":"tag-top-stories","26":"tag-topstories","27":"tag-uutiset"},"share_on_mastodon":{"url":"https:\/\/pubeurope.com\/@fi\/115579335768985539","error":""},"_links":{"self":[{"href":"https:\/\/www.europesays.com\/fi\/wp-json\/wp\/v2\/posts\/94799","targetHints":{"allow":["GET"]}}],"collection":[{"href":"https:\/\/www.europesays.com\/fi\/wp-json\/wp\/v2\/posts"}],"about":[{"href":"https:\/\/www.europesays.com\/fi\/wp-json\/wp\/v2\/types\/post"}],"author":[{"embeddable":true,"href":"https:\/\/www.europesays.com\/fi\/wp-json\/wp\/v2\/users\/2"}],"replies":[{"embeddable":true,"href":"https:\/\/www.europesays.com\/fi\/wp-json\/wp\/v2\/comments?post=94799"}],"version-history":[{"count":0,"href":"https:\/\/www.europesays.com\/fi\/wp-json\/wp\/v2\/posts\/94799\/revisions"}],"wp:featuredmedia":[{"embeddable":true,"href":"https:\/\/www.europesays.com\/fi\/wp-json\/wp\/v2\/media\/94800"}],"wp:attachment":[{"href":"https:\/\/www.europesays.com\/fi\/wp-json\/wp\/v2\/media?parent=94799"}],"wp:term":[{"taxonomy":"category","embeddable":true,"href":"https:\/\/www.europesays.com\/fi\/wp-json\/wp\/v2\/categories?post=94799"},{"taxonomy":"post_tag","embeddable":true,"href":"https:\/\/www.europesays.com\/fi\/wp-json\/wp\/v2\/tags?post=94799"}],"curies":[{"name":"wp","href":"https:\/\/api.w.org\/{rel}","templated":true}]}}