{"id":94818,"date":"2025-11-20T01:54:10","date_gmt":"2025-11-20T01:54:10","guid":{"rendered":"https:\/\/www.europesays.com\/fi\/94818\/"},"modified":"2025-11-20T01:54:10","modified_gmt":"2025-11-20T01:54:10","slug":"trump-uhkaa-vetaa-naton-jalkojen-alta","status":"publish","type":"post","link":"https:\/\/www.europesays.com\/fi\/94818\/","title":{"rendered":"Trump uhkaa vet\u00e4\u00e4 Naton jalkojen alta"},"content":{"rendered":"<p>Euroopalla on valtavat paineet hyv\u00e4ksy\u00e4 \u201dTrump\u2013Putin-sopimus\u201d, strategisen tutkimuksen professori arvioi.<\/p>\n<p><img decoding=\"async\" class=\"image image-show image-preview\" src=\"https:\/\/www.europesays.com\/fi\/wp-content\/uploads\/2025\/11\/bd80ec02914228de16f691c934321c149b7dbd0dccd226c81191baf1549e3f25.jpg\" alt=\"\"\/><img decoding=\"async\" class=\"image image-show\" src=\"https:\/\/www.europesays.com\/fi\/wp-content\/uploads\/2025\/11\/1763603650_97_bd80ec02914228de16f691c934321c149b7dbd0dccd226c81191baf1549e3f25.jpg\" alt=\"\"\/><\/p>\n<p>Yhdysvaltain presidentti Donald Trump on vain teeskennellyt, ett\u00e4 h\u00e4n haluaa toimia \u201drehellisen\u00e4 rauhanv\u00e4litt\u00e4j\u00e4n\u00e4\u201d, tulkitsee asiantuntija. EPA \/ AOP<\/p>\n<p class=\"paragraph\">Asiantuntija antaa synk\u00e4n arvion Yhdysvaltojen ja Ven\u00e4j\u00e4n rauhansuunnitelmasta.<\/p>\n<p class=\"paragraph\">Yhdysvaltalainen historioitsija <strong>Phillips O\u2019Brien<\/strong> toimii strategisen tutkimuksen professorina skotlantilaisessa St Andrewsin yliopistossa.<\/p>\n<p class=\"paragraph\">O\u2019Brienin mukaan Yhdysvaltain presidentti <a href=\"https:\/\/www.iltalehti.fi\/henkilot\/Donald Trump\" class=\"article-link-person-page\" rel=\"nofollow noopener\" target=\"_blank\">Donald Trump<\/a> on tehnyt yhteisty\u00f6t\u00e4 Ven\u00e4j\u00e4n presidentti <a href=\"https:\/\/www.iltalehti.fi\/henkilot\/Vladimir Putin\" class=\"article-link-person-page\" rel=\"nofollow noopener\" target=\"_blank\">Vladimir Putinin<\/a> kanssa \u201dkoko ajan\u201d.<\/p>\n<p class=\"paragraph\">Nyt Eurooppa ja Ukraina saavat historioitsijan mukaan \u201dmaksaa\u201d tuosta salaisesta yhteisty\u00f6st\u00e4.<\/p>\n<p class=\"paragraph\">\u2013 J\u00e4lleen kerran n\u00e4htiin, ett\u00e4 Trumpin \u201dtuki\u201d Ukrainalle oli huijausta, O\u2019Brien <a href=\"https:\/\/x.com\/PhillipsPOBrien\/status\/1991139864876556398\" target=\"_blank\" rel=\"noopener nofollow\">kirjoittaa<\/a> viestipalvelu X:ss\u00e4.<\/p>\n<p class=\"paragraph\">\u2013 USA ja Ven\u00e4j\u00e4t yritt\u00e4v\u00e4t nyt survoa \u201drauhansopimuksen\u201d ukrainalaisten ja eurooppalaisten kurkuista alas.<\/p>\n<p class=\"paragraph\">O\u2019Brienin mukaan Trumpin <a href=\"https:\/\/www.iltalehti.fi\/ulkomaat\/042b64ca-d95f-42ce-afd3-99a93c96b880\" rel=\"nofollow noopener\" target=\"_blank\">suuttumus Putiniin<\/a> oli vain teeskentely\u00e4. Historioitsija kirjoittaa aiheesta tarkemmin <a href=\"https:\/\/phillipspobrien.substack.com\/p\/trump-was-working-with-putin-the\" target=\"_blank\" rel=\"noopener nofollow\">uutiskirjeess\u00e4\u00e4n<\/a>.<\/p>\n<p>Tulkitsee uhkauksena<\/p>\n<p class=\"paragraph\">O\u2019Brien kutsuu luonnosta muun muassa \u201dTrump\u2013Putin-suunnitelmaksi\u201d.<\/p>\n<p class=\"paragraph\">Asiantuntijan mukaan Euroopalla on valtavat paineet hyv\u00e4ksy\u00e4 sopimus. H\u00e4n nostaa esiin Natoon liittyv\u00e4n uutisen.<\/p>\n<p class=\"paragraph\">Mediassa on kiinnitetty huomiota Trumpin edustajan poikkeukselliseen lausuntoon.<\/p>\n<p class=\"paragraph\">Trumpin Nato-l\u00e4hettil\u00e4s <a href=\"https:\/\/www.iltalehti.fi\/henkilot\/Matthew G. Whitaker\" class=\"article-link-person-page\" rel=\"nofollow noopener\" target=\"_blank\">Matthew Whitaker<\/a> sanoi tiistaina, ett\u00e4 Yhdysvallat toivoo Saksan ottavan Naton Euroopan-joukkojen komentajan (Saceur) teht\u00e4v\u00e4n. N\u00e4in Whitaker sanoi muun muassa brittil\u00e4isen <a href=\"https:\/\/www.telegraph.co.uk\/world-news\/2025\/11\/19\/america-wants-german-nato-commander\/\" target=\"_blank\" rel=\"noopener nofollow\">The Telegraphin<\/a> mukaan.<\/p>\n<p class=\"paragraph\">Professori O\u2019Brien pit\u00e4\u00e4 lausuntoa uhkauksena Euroopalle.<\/p>\n<p class=\"paragraph\">\u2013 Liittyk\u00e4\u00e4 minun ja Putinin seuraan, kun ved\u00e4t\u00e4mme Ukrainaa, tai muuten Yhdysvallat l\u00e4htee kokonaan Natosta! \u00c4lk\u00e4\u00e4 ajatelko, ett\u00e4 se on poissuljettua, O\u2019Brien kuvaa.<\/p>\n<p class=\"paragraph\">Trumpin Nato-l\u00e4hettil\u00e4\u00e4n lausunnossa poikkeuksellista on se, ett\u00e4 Euroopan-joukkojen komentajana on aina toiminut yhdysvaltalainen sotilasjohtaja.<\/p>\n<p>N\u00e4in Yhdysvaltain Nato-l\u00e4hettil\u00e4s Matthew Whitaker sanoi brittil\u00e4isen The Telegraphin mukaan Berliinin turvallisuuskonferenssissa: \u201dOdotan innolla p\u00e4iv\u00e4\u00e4, jona Saksa tulee Yhdysvaltoihin ja sanoo, ett\u00e4 se on valmis ottamaan ylip\u00e4\u00e4llik\u00f6n (Supreme Allied Commander) teht\u00e4v\u00e4n. Uskon meid\u00e4n olevan viel\u00e4 kaukana siit\u00e4, mutta odotan innolla niit\u00e4 keskusteluja.\u201d ZumaWire \/ MVPHOTOS<\/p>\n<p class=\"paragraph\">Historioitsijan mukaan ratkaisevaa on se, kuinka Eurooppa toimii.<\/p>\n<p class=\"paragraph\">\u2013 Totuuden hetki l\u00e4hestyy Eurooppaa, O\u2019Brien kirjoittaa.<\/p>\n<p class=\"paragraph\">Jos alla oleva upotus ei n\u00e4y, voit katsoa sen <a href=\"https:\/\/x.com\/PhillipsPOBrien\/status\/1991139864876556398\" target=\"_blank\" rel=\"noopener nofollow\">painamalla t\u00e4st\u00e4<\/a>.<\/p>\n<p>N\u00e4in historioitsija kuvailee rauhansopimusta<\/p>\n<p class=\"paragraph\">Ukrainalla tai Euroopalla ei ole ollut mink\u00e4\u00e4nlaista roolia prosessissa.<\/p>\n<p class=\"paragraph\">Yksityiskohtainen suunnitelma, jota on ty\u00f6stetty viikkoja, kenties jopa kuukausia.<\/p>\n<p class=\"paragraph\">Jos tiedot pit\u00e4v\u00e4t paikkansa sen suhteen, ett\u00e4 sopimukseen kuuluu 28\u00a0kohtaa, kyseess\u00e4 on O\u2019Brienin mukaan \u201dsuuri luku\u201d.<\/p>\n<p class=\"paragraph\">Trump ja Putin ovat historioitsijan mukaan \u201dsyv\u00e4sti sitoutuneita\u201d suunnitelmaan. H\u00e4nen mukaansa asiasta kielii se, ett\u00e4 neuvotteluja ovat tiett\u00e4v\u00e4sti johtaneet <a href=\"https:\/\/www.iltalehti.fi\/henkilot\/Steve Witkoff\" class=\"article-link-person-page\" rel=\"nofollow noopener\" target=\"_blank\">Steve Witkoff<\/a> ja Putinin erityisl\u00e4hettil\u00e4s <a href=\"https:\/\/www.iltalehti.fi\/henkilot\/Kirill Dmitriev\" class=\"article-link-person-page\" rel=\"nofollow noopener\" target=\"_blank\">Kirill Dmitrijev<\/a>.<\/p>\n<p class=\"paragraph\"><a href=\"https:\/\/phillipspobrien.substack.com\/p\/trump-was-working-with-putin-the\" target=\"_blank\" rel=\"noopener nofollow\">L\u00e4hde: O\u2019Brienin uutiskirje<\/a><\/p>\n","protected":false},"excerpt":{"rendered":"Euroopalla on valtavat paineet hyv\u00e4ksy\u00e4 \u201dTrump\u2013Putin-sopimus\u201d, strategisen tutkimuksen professori arvioi. Yhdysvaltain presidentti Donald Trump on vain teeskennellyt, ett\u00e4&hellip;\n","protected":false},"author":2,"featured_media":94819,"comment_status":"","ping_status":"","sticky":false,"template":"","format":"standard","meta":{"footnotes":""},"categories":[14],"tags":[35,22,23,26,27,33,31,30,17,24,25,28,29,15,18,21,142,637,144,32,19,20,56,16,638,59,60,61,143],"class_list":{"0":"post-94818","1":"post","2":"type-post","3":"status-publish","4":"format-standard","5":"has-post-thumbnail","7":"category-ulkomaat","8":"tag-24h","9":"tag-breaking-news","10":"tag-breakingnews","11":"tag-featured-news","12":"tag-featurednews","13":"tag-fi","14":"tag-finland","15":"tag-finnish","16":"tag-headlines","17":"tag-latest-news","18":"tag-latestnews","19":"tag-main-news","20":"tag-mainnews","21":"tag-news","22":"tag-otsikot","23":"tag-paauutiset","24":"tag-poliitikot","25":"tag-politiikka","26":"tag-presidentti","27":"tag-suomi","28":"tag-top-stories","29":"tag-topstories","30":"tag-ulkomaat","31":"tag-uutiset","32":"tag-valtiovalta","33":"tag-world","34":"tag-world-news","35":"tag-worldnews","36":"tag-yhdysvaltain-politiikka"},"share_on_mastodon":{"url":"https:\/\/pubeurope.com\/@fi\/115579536389753259","error":""},"_links":{"self":[{"href":"https:\/\/www.europesays.com\/fi\/wp-json\/wp\/v2\/posts\/94818","targetHints":{"allow":["GET"]}}],"collection":[{"href":"https:\/\/www.europesays.com\/fi\/wp-json\/wp\/v2\/posts"}],"about":[{"href":"https:\/\/www.europesays.com\/fi\/wp-json\/wp\/v2\/types\/post"}],"author":[{"embeddable":true,"href":"https:\/\/www.europesays.com\/fi\/wp-json\/wp\/v2\/users\/2"}],"replies":[{"embeddable":true,"href":"https:\/\/www.europesays.com\/fi\/wp-json\/wp\/v2\/comments?post=94818"}],"version-history":[{"count":0,"href":"https:\/\/www.europesays.com\/fi\/wp-json\/wp\/v2\/posts\/94818\/revisions"}],"wp:featuredmedia":[{"embeddable":true,"href":"https:\/\/www.europesays.com\/fi\/wp-json\/wp\/v2\/media\/94819"}],"wp:attachment":[{"href":"https:\/\/www.europesays.com\/fi\/wp-json\/wp\/v2\/media?parent=94818"}],"wp:term":[{"taxonomy":"category","embeddable":true,"href":"https:\/\/www.europesays.com\/fi\/wp-json\/wp\/v2\/categories?post=94818"},{"taxonomy":"post_tag","embeddable":true,"href":"https:\/\/www.europesays.com\/fi\/wp-json\/wp\/v2\/tags?post=94818"}],"curies":[{"name":"wp","href":"https:\/\/api.w.org\/{rel}","templated":true}]}}