{"id":94870,"date":"2025-11-20T04:06:08","date_gmt":"2025-11-20T04:06:08","guid":{"rendered":"https:\/\/www.europesays.com\/fi\/94870\/"},"modified":"2025-11-20T04:06:08","modified_gmt":"2025-11-20T04:06:08","slug":"usa-ja-venaja-hahmotelleet-rauhanluonnosta-ukrainan-kantaa-odotetaan","status":"publish","type":"post","link":"https:\/\/www.europesays.com\/fi\/94870\/","title":{"rendered":"USA ja Ven\u00e4j\u00e4 hahmotelleet rauhanluonnosta, Ukrainan kantaa odotetaan"},"content":{"rendered":"<p>Minuutissa k\u00e4rryille|L\u00e4hettil\u00e4iden kerrotaan neuvotelleen Ukrainan ja Euroopan p\u00e4iden yli.<\/p>\n<p class=\"article-body mb-nof-24 px-nof-16\">Yhdysvallat ja Ven\u00e4j\u00e4 ovat useiden kansainv\u00e4listen medioiden mukaan hahmotelleet rauhanluonnosta yli Ukrainan ja Euroopan p\u00e4iden.<\/p>\n<p class=\"article-body mb-nof-24 px-nof-16\">Asiasta uutisoi ensimm\u00e4isen\u00e4 yhdysvaltalainen <a class=\"article-genericlink\" href=\"https:\/\/www.axios.com\/2025\/11\/19\/ukraine-peace-plan-trump-russia-witkoff\" rel=\"nofollow noopener\" target=\"_blank\">Axios<\/a>. Sittemmin aiheeseen tarttuivat muun muassa <a class=\"article-genericlink\" href=\"https:\/\/www.ft.com\/content\/23536bf6-c550-4896-931f-a33a1c2ad91a?accessToken=zwAGQ_b2CJPIkc8jU2v2xVBIltOTH6M6HCrZGg.MEYCIQCUgWjowZeNrQBbhacReMGxeL3zYuv8CCS3DERTwIZkPQIhAOjJckNH20gzFMtQRq4ZdONBc_M_8ETOn44xO3kCW4tw&amp;sharetype=gift&amp;token=1fad87b3-9e5a-4385-beac-23105a729bc5\" rel=\"nofollow noopener\" target=\"_blank\">Financial Times<\/a> ja uutistoimistot Reuters ja AFP.<\/p>\n<p class=\"article-body mb-nof-24 px-nof-16\">Axiosin mukaan suunnitelmasta ovat neuvotelleet Yhdysvaltain erityisl\u00e4hettil\u00e4s <a class=\"article-personlink\" href=\"https:\/\/www.hs.fi\/haku\/?query=Steve%20Witkoff\" rel=\"nofollow noopener\" target=\"_blank\">Steve Witkoff<\/a> ja Ven\u00e4j\u00e4n l\u00e4hettil\u00e4s <a class=\"article-personlink\" href=\"https:\/\/www.hs.fi\/haku\/?query=Kirill%20Dmitrijev\" rel=\"nofollow noopener\" target=\"_blank\">Kirill Dmitrijev<\/a>.<\/p>\n<p class=\"article-body mb-nof-24 px-nof-16\">Suunnitelmaluonnos noudattaa pitk\u00e4lti Ven\u00e4j\u00e4n vaatimuksia. Kremlin tiedottaja <a class=\"article-personlink\" href=\"https:\/\/www.hs.fi\/haku\/?query=Dmitri%20Peskov\" rel=\"nofollow noopener\" target=\"_blank\">Dmitri Peskov<\/a> ei vahvistanut mediatietoja keskiviikkona.<\/p>\n<p class=\"article-body mb-nof-24 px-nof-16\">HS <a class=\"article-genericlink\" href=\"https:\/\/www.hs.fi\/maailma\/art-2000011638278.html\" rel=\"nofollow noopener\" target=\"_blank\">esitteli<\/a> suunnitelmaluonnosta laajasti keskiviikkoiltana. T\u00e4ss\u00e4 jutussa kertaamme p\u00e4\u00e4kohdat.<\/p>\n<p>Mit\u00e4 suunnitelmaluonnos pit\u00e4\u00e4 sis\u00e4ll\u00e4\u00e4n?<\/p>\n<p class=\"article-body mb-nof-24 px-nof-16\">Suunnitelmassa on mediatietojen mukaan 28 kohtaa. Mallia on otettu presidentti <a class=\"article-personlink\" href=\"https:\/\/www.hs.fi\/haku\/?query=Donald%20Trumpin\" rel=\"nofollow noopener\" target=\"_blank\">Donald Trumpin<\/a> 20-kohtaisesta Gazan sodan rauhansuunnitelmasta.<\/p>\n<p class=\"article-body mb-nof-24 px-nof-16\">FT:n mukaan Ukraina joutuisi luovuttamaan koko it\u00e4isen Donbasin alueen ja Krimin niemimaan Ven\u00e4j\u00e4lle. Lis\u00e4ksi ulkomaisia joukkoja ei sallittaisi Ukrainan maaper\u00e4ll\u00e4, sen asevoimien koko puolitettaisiin ja se joutuisi luopumaan tietyist\u00e4 aseistuksista.<\/p>\n<p class=\"article-body mb-nof-24 px-nof-16\">Yhdysvaltain aseapua v\u00e4hennett\u00e4isiin merkitt\u00e4v\u00e4sti eik\u00e4 Ukraina saisi muiden l\u00e4nsimaiden pitk\u00e4n kantaman aseita. Ven\u00e4j\u00e4st\u00e4 teht\u00e4isiin virallinen kieli ja Moskovan patriarkaatin alaisen ortodoksikirkon asema taattaisiin.<\/p>\n<p>Mik\u00e4 on Ukrainan ja Euroopan kanta?<\/p>\n<p class=\"article-body mb-nof-24 px-nof-16\">Axiosin mukaan Ukrainalle kerrottiin rauhanpyrkimyksist\u00e4 alkuviikosta. Maan presidentti <a class=\"article-personlink\" href=\"https:\/\/www.hs.fi\/haku\/?query=Volodymyr%20Zelenskyi\" rel=\"nofollow noopener\" target=\"_blank\">Volodymyr Zelenskyi<\/a> kertoi saaneensa Yhdysvalloista \u201dsignaaleja\u201d.<\/p>\n<p class=\"article-body mb-nof-24 px-nof-16\">Reutersin l\u00e4hde kertoo, ett\u00e4 Ukrainaa on painostettu hyv\u00e4ksym\u00e4\u00e4n suunnitelman p\u00e4\u00e4kohdat ja viitekehys. Yhdysvallat odottaa t\u00e4ll\u00e4 hetkell\u00e4 Ukrainan kantaa, <a class=\"article-genericlink\" href=\"https:\/\/www.axios.com\/2025\/11\/19\/trump-ukraine-peace-plan-russia-donbas\" rel=\"nofollow noopener\" target=\"_blank\">Axios<\/a> kirjoittaa.<\/p>\n<p class=\"article-body mb-nof-24 px-nof-16\">\u201dMe emme oikeastaan v\u00e4lit\u00e4 eurooppalaisista. Kyse on siit\u00e4, ett\u00e4 Ukraina hyv\u00e4ksyy\u201d, virkamiesl\u00e4hde totesi <a class=\"article-genericlink\" href=\"https:\/\/www.politico.com\/newsletters\/playbook\/2025\/11\/19\/a-peace-deal-as-soon-as-this-week-00658623\" rel=\"nofollow noopener\" target=\"_blank\">Politicolle<\/a>.<\/p>\n<p class=\"article-body mb-nof-24 px-nof-16\">Eurooppalaisia maita alettiin mediatietojen mukaan tiedottaa suunnitelmasta keskiviikkona.<\/p>\n<p class=\"article-body mb-nof-24 px-nof-16\">\u201dMeille ei ole kerrottu t\u00e4st\u00e4\u201d, Saksan ulkoministeri <a class=\"article-personlink\" href=\"https:\/\/www.hs.fi\/haku\/?query=Johann%20Wadephul\" rel=\"nofollow noopener\" target=\"_blank\">Johann Wadephul<\/a> <a class=\"article-genericlink\" href=\"https:\/\/www.politico.com\/news\/2025\/11\/19\/witkoff-back-channel-push-ukraine-alarms-allies-00660247\" rel=\"nofollow noopener\" target=\"_blank\">kommentoi<\/a>.<\/p>\n<p class=\"article-body mb-nof-24 px-nof-16\">Ukrainalainen viranomaisl\u00e4hde kertoi keskiviikkona <a class=\"article-genericlink\" href=\"https:\/\/www.cbsnews.com\/news\/pentagon-officials-arrive-in-ukraine-to-discuss-military-tech-explore-peace-efforts\/\" rel=\"nofollow noopener\" target=\"_blank\">CBS Newsille<\/a>, ett\u00e4 Zelenskyi ja Trump olisivat sopineet &#8221;konfliktin p\u00e4\u00e4tt\u00e4misest\u00e4&#8221; nykyiselle rintamalinjalle. Lis\u00e4ksi presidentit ovat sopineet turvatakuista, l\u00e4hde v\u00e4itt\u00e4\u00e4.<\/p>\n<p>Onko edess\u00e4 neuvotteluja?<\/p>\n<p class=\"article-body mb-nof-24 px-nof-16\">Yhdysvaltain puolustusministeri\u00f6n delegaatio on parhaillaan Ukrainassa. Delegaatiota johtaa Yhdysvaltain maavoimaministeri <a class=\"article-personlink\" href=\"https:\/\/www.hs.fi\/haku\/?query=Dan%20Driscoll\" rel=\"nofollow noopener\" target=\"_blank\">Dan Driscoll<\/a>, jonka odotetaan tapaavan Zelenskyin torstaina.<\/p>\n<p class=\"article-body mb-nof-24 px-nof-16\">Zelenskyi sanoi alkuviikosta olevansa valmis k\u00e4ynnist\u00e4m\u00e4\u00e4n diplomaattisen prosessin sodan p\u00e4\u00e4tt\u00e4miseksi. Turkin presidentti <a class=\"article-personlink\" href=\"https:\/\/www.hs.fi\/haku\/?query=Recep%20Tayyip%20Erdo%C4%9Fan\" rel=\"nofollow noopener\" target=\"_blank\">Recep Tayyip Erdo\u011fan<\/a> kehotti keskiviikkona Ven\u00e4j\u00e4\u00e4 ja Ukrainaa palaamaan neuvottelup\u00f6yt\u00e4\u00e4n.<\/p>\n<p class=\"article-body mb-nof-24 px-nof-16\">Valkoisen talon l\u00e4hde kommentoi Politicolle, ett\u00e4 runko konfliktin p\u00e4\u00e4tt\u00e4miseksi voitaisiin hyv\u00e4ksy\u00e4 marraskuun loppuun menness\u00e4 tai jopa t\u00e4ll\u00e4 viikolla.<\/p>\n","protected":false},"excerpt":{"rendered":"Minuutissa k\u00e4rryille|L\u00e4hettil\u00e4iden kerrotaan neuvotelleen Ukrainan ja Euroopan p\u00e4iden yli. Yhdysvallat ja Ven\u00e4j\u00e4 ovat useiden kansainv\u00e4listen medioiden mukaan hahmotelleet&hellip;\n","protected":false},"author":2,"featured_media":94871,"comment_status":"","ping_status":"","sticky":false,"template":"","format":"standard","meta":{"footnotes":""},"categories":[5],"tags":[22,23,26,27,33,31,30,17,46,24,25,28,29,15,18,21,32,19,20,16],"class_list":{"0":"post-94870","1":"post","2":"type-post","3":"status-publish","4":"format-standard","5":"has-post-thumbnail","7":"category-otsikot","8":"tag-breaking-news","9":"tag-breakingnews","10":"tag-featured-news","11":"tag-featurednews","12":"tag-fi","13":"tag-finland","14":"tag-finnish","15":"tag-headlines","16":"tag-helsingin-sanomat","17":"tag-latest-news","18":"tag-latestnews","19":"tag-main-news","20":"tag-mainnews","21":"tag-news","22":"tag-otsikot","23":"tag-paauutiset","24":"tag-suomi","25":"tag-top-stories","26":"tag-topstories","27":"tag-uutiset"},"share_on_mastodon":{"url":"https:\/\/pubeurope.com\/@fi\/115580055285313548","error":""},"_links":{"self":[{"href":"https:\/\/www.europesays.com\/fi\/wp-json\/wp\/v2\/posts\/94870","targetHints":{"allow":["GET"]}}],"collection":[{"href":"https:\/\/www.europesays.com\/fi\/wp-json\/wp\/v2\/posts"}],"about":[{"href":"https:\/\/www.europesays.com\/fi\/wp-json\/wp\/v2\/types\/post"}],"author":[{"embeddable":true,"href":"https:\/\/www.europesays.com\/fi\/wp-json\/wp\/v2\/users\/2"}],"replies":[{"embeddable":true,"href":"https:\/\/www.europesays.com\/fi\/wp-json\/wp\/v2\/comments?post=94870"}],"version-history":[{"count":0,"href":"https:\/\/www.europesays.com\/fi\/wp-json\/wp\/v2\/posts\/94870\/revisions"}],"wp:featuredmedia":[{"embeddable":true,"href":"https:\/\/www.europesays.com\/fi\/wp-json\/wp\/v2\/media\/94871"}],"wp:attachment":[{"href":"https:\/\/www.europesays.com\/fi\/wp-json\/wp\/v2\/media?parent=94870"}],"wp:term":[{"taxonomy":"category","embeddable":true,"href":"https:\/\/www.europesays.com\/fi\/wp-json\/wp\/v2\/categories?post=94870"},{"taxonomy":"post_tag","embeddable":true,"href":"https:\/\/www.europesays.com\/fi\/wp-json\/wp\/v2\/tags?post=94870"}],"curies":[{"name":"wp","href":"https:\/\/api.w.org\/{rel}","templated":true}]}}