{"id":94917,"date":"2025-11-20T05:24:08","date_gmt":"2025-11-20T05:24:08","guid":{"rendered":"https:\/\/www.europesays.com\/fi\/94917\/"},"modified":"2025-11-20T05:24:08","modified_gmt":"2025-11-20T05:24:08","slug":"taydellinen-kriisi-nhlssa-iltalehti","status":"publish","type":"post","link":"https:\/\/www.europesays.com\/fi\/94917\/","title":{"rendered":"T\u00e4ydellinen kriisi NHL:ss\u00e4 &#8211; Iltalehti"},"content":{"rendered":"<ol>\n<li><a href=\"https:\/\/news.google.com\/rss\/articles\/CBMidkFVX3lxTFA4ZmRyNlBOLW5lTUllRnlHTUxUMks5QnN2Nk1uXzByNE94MTNweC05UzJPd3JDSzVvMmtJT3dTUm9vRUk1N3gxWFg4Y25yLU1seVM1WVo1RFRZNHNZSWZkYjRnQ29yTVlVOHMyRGtQajdVd0Q1eEE?oc=5\" target=\"_blank\" rel=\"nofollow noopener\">T\u00e4ydellinen kriisi NHL:ss\u00e4<\/a>&nbsp;&nbsp;Iltalehti<\/li>\n<li><a href=\"https:\/\/news.google.com\/rss\/articles\/CBMiV0FVX3lxTE1pY2JobU02TktmYlpOSE1xYjZIc3pmNzFERXM0QnVteGVqdXhIcFh0dTNOZnhYTWl6UnEtMGdFSm5sZmtPdzUxbkxLVVJXdWtub2tselN4bw?oc=5\" target=\"_blank\" rel=\"nofollow noopener\">Connor McDavidilla karmea tilanne<\/a>&nbsp;&nbsp;Ilta-Sanomat<\/li>\n<li><a href=\"https:\/\/news.google.com\/rss\/articles\/CBMiSkFVX3lxTE83Wjl0aU54SE1xMTBmRzlnTlNUU0Y3d2c5dnQxSUhpWnNqQnI1V0F5X2JLRVNIUHM5NXNiSUtzWHpKYW5xNTAtOEpn?oc=5\" target=\"_blank\" rel=\"nofollow noopener\">Washington kaatoi Edmontonin, Ovetshkin kasvatti maalienn\u00e4tyst\u00e4\u00e4n<\/a>&nbsp;&nbsp;Etel\u00e4-Suomen Sanomat<\/li>\n<li><a href=\"https:\/\/news.google.com\/rss\/articles\/CBMiqwFBVV95cUxQbG03UjR5MzFJUHdjXzF1ZFRKcWxwYkVHQ2Z1U0JXR1Q3dUtuNTBIekQ4aFp3VlFsMm82am5aRm9yM1JPV2MtN0ozc3FLUkNkazY1WHd2TkdQNzN6RUNxV3dnamlBR0tUT0RTZm1td2p5RE1jUE9fV0xDUkk5TGN0S3JCdEk4Z0ZRcVFmNGVFZG04aG9JT01NUUNVU2hqRmFsTVFJWEtWRUc1Wkk?oc=5\" target=\"_blank\" rel=\"nofollow noopener\">NHL: Washington Capitals &#8211; Edmonton Oilers 20.11.2025 &#8211; Vihje &amp; kertoimet<\/a>&nbsp;&nbsp;Vedonlyonti.com<\/li>\n<li><a href=\"https:\/\/news.google.com\/rss\/articles\/CBMikwFBVV95cUxNQmd1a0FITGtjRXBVTUlpdEVDa2hyNGFwYVdpOWo0dXRxQU1BS0ViZWdLTjRpT0dtU25RWDNqcFU2VVZlZjhUb2UyaUdyOW9jTnl5TVlkUDd3TUE1MWlKc3Q3WGtnSFJXa0lNTFJVNE1PM2FVVzdteFA0VnNfNXRBQjZFRWZSN0FLSDdBdTMyNExMeW8?oc=5\" target=\"_blank\" rel=\"nofollow noopener\">Aleksandr Ovetshkin kasvatti maalienn\u00e4tyst\u00e4\u00e4n<\/a>&nbsp;&nbsp;mtvuutiset.fi<\/li>\n<\/ol>\n","protected":false},"excerpt":{"rendered":"T\u00e4ydellinen kriisi NHL:ss\u00e4&nbsp;&nbsp;Iltalehti Connor McDavidilla karmea tilanne&nbsp;&nbsp;Ilta-Sanomat Washington kaatoi Edmontonin, Ovetshkin kasvatti maalienn\u00e4tyst\u00e4\u00e4n&nbsp;&nbsp;Etel\u00e4-Suomen Sanomat NHL: Washington Capitals &#8211;&hellip;\n","protected":false},"author":2,"featured_media":94918,"comment_status":"","ping_status":"","sticky":false,"template":"","format":"standard","meta":{"footnotes":""},"categories":[5],"tags":[35,1144,22,23,26,27,33,31,30,17,1143,24,25,41,28,29,1146,15,18,21,32,1145,19,20,16],"class_list":{"0":"post-94917","1":"post","2":"type-post","3":"status-publish","4":"format-standard","5":"has-post-thumbnail","7":"category-otsikot","8":"tag-24h","9":"tag-ammattilaisjaakiekko","10":"tag-breaking-news","11":"tag-breakingnews","12":"tag-featured-news","13":"tag-featurednews","14":"tag-fi","15":"tag-finland","16":"tag-finnish","17":"tag-headlines","18":"tag-jaakiekko","19":"tag-latest-news","20":"tag-latestnews","21":"tag-liikunta-ja-urheilu","22":"tag-main-news","23":"tag-mainnews","24":"tag-miesten-jaakiekko","25":"tag-news","26":"tag-otsikot","27":"tag-paauutiset","28":"tag-suomi","29":"tag-talviurheilu","30":"tag-top-stories","31":"tag-topstories","32":"tag-uutiset"},"share_on_mastodon":{"url":"https:\/\/pubeurope.com\/@fi\/115580361954312043","error":""},"_links":{"self":[{"href":"https:\/\/www.europesays.com\/fi\/wp-json\/wp\/v2\/posts\/94917","targetHints":{"allow":["GET"]}}],"collection":[{"href":"https:\/\/www.europesays.com\/fi\/wp-json\/wp\/v2\/posts"}],"about":[{"href":"https:\/\/www.europesays.com\/fi\/wp-json\/wp\/v2\/types\/post"}],"author":[{"embeddable":true,"href":"https:\/\/www.europesays.com\/fi\/wp-json\/wp\/v2\/users\/2"}],"replies":[{"embeddable":true,"href":"https:\/\/www.europesays.com\/fi\/wp-json\/wp\/v2\/comments?post=94917"}],"version-history":[{"count":0,"href":"https:\/\/www.europesays.com\/fi\/wp-json\/wp\/v2\/posts\/94917\/revisions"}],"wp:featuredmedia":[{"embeddable":true,"href":"https:\/\/www.europesays.com\/fi\/wp-json\/wp\/v2\/media\/94918"}],"wp:attachment":[{"href":"https:\/\/www.europesays.com\/fi\/wp-json\/wp\/v2\/media?parent=94917"}],"wp:term":[{"taxonomy":"category","embeddable":true,"href":"https:\/\/www.europesays.com\/fi\/wp-json\/wp\/v2\/categories?post=94917"},{"taxonomy":"post_tag","embeddable":true,"href":"https:\/\/www.europesays.com\/fi\/wp-json\/wp\/v2\/tags?post=94917"}],"curies":[{"name":"wp","href":"https:\/\/api.w.org\/{rel}","templated":true}]}}