{"id":9492,"date":"2025-08-18T18:11:07","date_gmt":"2025-08-18T18:11:07","guid":{"rendered":"https:\/\/www.europesays.com\/fi\/9492\/"},"modified":"2025-08-18T18:11:07","modified_gmt":"2025-08-18T18:11:07","slug":"jukka-rasilalta-messeva-julkaisu","status":"publish","type":"post","link":"https:\/\/www.europesays.com\/fi\/9492\/","title":{"rendered":"Jukka Rasilalta messev\u00e4 julkaisu"},"content":{"rendered":"<p>            Timo Korhonen\n        <\/p>\n<p class=\"subtitle \">Jukka Rasila juhlisti syntym\u00e4p\u00e4ivi\u00e4\u00e4n ja samlla t\u00e4rke\u00e4mp\u00e4\u00e4 mekkip\u00e4iv\u00e4\u00e4.<\/p>\n<p class=\"article-content article-content-width !bg-background\">Pitk\u00e4n ja v\u00e4rikk\u00e4\u00e4n uran suomalaisessa viihdemaailmassa<br \/>\ntehnyt n\u00e4yttelij\u00e4  juhli 56-vuotissyntym\u00e4p\u00e4ivi\u00e4\u00e4n 12. elokuuta. H\u00e4n<br \/>\njakoi juhlap\u00e4iv\u00e4n tunnelmiaan Instagramissa, jossa julkaisi kuvan<br \/>\nsyntym\u00e4p\u00e4iv\u00e4kakustaan.<\/p>\n<p class=\"font-weight-bold m-font-weight-bold article-content article-content-width !bg-background\">Arkistovideo: Heikki Paasosen vinkit Amazing Raceen!<\/p>\n<p class=\"article-content article-content-width !bg-background\">\u2013 Kakussa minttua, mustikkaa ja vadelmaa.<br \/>\nSuklaakeksej\u00e4, mustikkamaitoa ja kaakaota, Jukka kirjoitti julkaisuun.<\/p>\n<p>Raittiina jo pitk\u00e4\u00e4n<\/p>\n<p class=\"article-content article-content-width !bg-background\">Kuvasta p\u00e4\u00e4tellen Jukka oli silminn\u00e4hden onnellinen<br \/>\njuhlap\u00e4iv\u00e4ns\u00e4 johdosta. Hymy ulottui korvasta korvaan, eik\u00e4 l\u00e4hestyv\u00e4 60 vuoden<br \/>\nrajapyykki n\u00e4ytt\u00e4nyt painavan miest\u00e4 lainkaan. Kakun ulkon\u00e4k\u00f6 oli messev\u00e4 \u2013<br \/>\njuuri sellainen, joka j\u00e4\u00e4 mieleen ja maistuu varmasti yht\u00e4 hyv\u00e4lt\u00e4 kuin<br \/>\nn\u00e4ytt\u00e4\u00e4.<\/p>\n<p class=\"article-content article-content-width !bg-background\">Jukka on puhunut julkisuudessa siit\u00e4, kuinka alkoholi oli<br \/>\npitk\u00e4\u00e4n osa taiteilijael\u00e4m\u00e4\u00e4, ja kuinka vaikeaa siit\u00e4 oli irtautua. H\u00e4n on<br \/>\nkertonut joutuneensa noidankeh\u00e4\u00e4n, jossa juominen oli l\u00e4hes oletusarvo. Jukka<br \/>\non ollut raittiina jo kuusi vuotta.<\/p>\n<p>        <a itemprop=\"url\" href=\"https:\/\/www.seiska.fi\/katso\/jukka-rasila-avoimena-alkoholismistaan-valehteli-vuosikausia-lahipiirilleen\/1460264\" rel=\"nofollow noopener\" target=\"_blank\"><\/p>\n<p class=\"section-date\">\n        <strong class=\"article-section\" data-section=\"katso\"><br \/>\n            katso<br \/>\n        <\/strong><br \/>\n        16.9.2024 09:59\n    <\/p>\n<p>    Jukka Rasila avoimena alkoholismistaan \u2013 valehteli vuosikausia l\u00e4hipiirilleen<\/p>\n<p itemprop=\"description\" class=\"subtitle \">\n    Raitista el\u00e4m\u00e4\u00e4 el\u00e4v\u00e4 n\u00e4yttelij\u00e4 vierailee Efter Niossa 16. syyskuuta.\n<\/p>\n<p>        <\/a><\/p>\n<p>Rakkaus kukoistaa<\/p>\n<p class=\"article-content article-content-width !bg-background\">Jukka on ollut kihloissa rakkaansa  kanssa jo<br \/>\nuseamman vuoden. Pariskunta osallistui yhdess\u00e4 Amazing Race Suomi -ohjelmaan<br \/>\nvuonna 2023.<\/p>\n<p>        <a itemprop=\"url\" href=\"https:\/\/www.seiska.fi\/kotimaa\/vau-tassa-on-jukka-rasilan-uskomattoman-kaunis-kihlattu-harvinainen-yhteiskuva\/314786\" rel=\"nofollow noopener\" target=\"_blank\"><\/p>\n<p>\nKATSO KUVA\n<\/p>\n<p class=\"section-date\">\n        <strong class=\"article-section\" data-section=\"kotimaa\"><br \/>\n            kotimaa<br \/>\n        <\/strong><br \/>\n        30.11.2021 21:20\n    <\/p>\n<p>    Vau, t\u00e4ss\u00e4 on Jukka Rasilan uskomattoman kaunis kihlattu &#8211; harvinainen yhteiskuva!<\/p>\n<p>        <\/a><\/p>\n<p class=\"article-content article-content-width !bg-background\">\u00a0<\/p>\n<p class=\"article-content article-content-width !bg-background\">\u00a0<\/p>\n","protected":false},"excerpt":{"rendered":"Timo Korhonen Jukka Rasila juhlisti syntym\u00e4p\u00e4ivi\u00e4\u00e4n ja samlla t\u00e4rke\u00e4mp\u00e4\u00e4 mekkip\u00e4iv\u00e4\u00e4. Pitk\u00e4n ja v\u00e4rikk\u00e4\u00e4n uran suomalaisessa viihdemaailmassa tehnyt n\u00e4yttelij\u00e4&hellip;\n","protected":false},"author":2,"featured_media":9493,"comment_status":"","ping_status":"","sticky":false,"template":"","format":"standard","meta":{"footnotes":""},"categories":[136],"tags":[3177,407,137,33,31,30,4510,408,4512,4511,32,410,109],"class_list":{"0":"post-9492","1":"post","2":"type-post","3":"status-publish","4":"format-standard","5":"has-post-thumbnail","7":"category-julkkikset","8":"tag-amazing-race-suomi","9":"tag-celebrities","10":"tag-entertainment","11":"tag-fi","12":"tag-finland","13":"tag-finnish","14":"tag-jukka-rasila","15":"tag-julkkikset","16":"tag-mirva-nieminen","17":"tag-raittiina","18":"tag-suomi","19":"tag-syntymapaiva","20":"tag-viihde"},"share_on_mastodon":{"url":"","error":""},"_links":{"self":[{"href":"https:\/\/www.europesays.com\/fi\/wp-json\/wp\/v2\/posts\/9492","targetHints":{"allow":["GET"]}}],"collection":[{"href":"https:\/\/www.europesays.com\/fi\/wp-json\/wp\/v2\/posts"}],"about":[{"href":"https:\/\/www.europesays.com\/fi\/wp-json\/wp\/v2\/types\/post"}],"author":[{"embeddable":true,"href":"https:\/\/www.europesays.com\/fi\/wp-json\/wp\/v2\/users\/2"}],"replies":[{"embeddable":true,"href":"https:\/\/www.europesays.com\/fi\/wp-json\/wp\/v2\/comments?post=9492"}],"version-history":[{"count":0,"href":"https:\/\/www.europesays.com\/fi\/wp-json\/wp\/v2\/posts\/9492\/revisions"}],"wp:featuredmedia":[{"embeddable":true,"href":"https:\/\/www.europesays.com\/fi\/wp-json\/wp\/v2\/media\/9493"}],"wp:attachment":[{"href":"https:\/\/www.europesays.com\/fi\/wp-json\/wp\/v2\/media?parent=9492"}],"wp:term":[{"taxonomy":"category","embeddable":true,"href":"https:\/\/www.europesays.com\/fi\/wp-json\/wp\/v2\/categories?post=9492"},{"taxonomy":"post_tag","embeddable":true,"href":"https:\/\/www.europesays.com\/fi\/wp-json\/wp\/v2\/tags?post=9492"}],"curies":[{"name":"wp","href":"https:\/\/api.w.org\/{rel}","templated":true}]}}