{"id":94921,"date":"2025-11-20T05:36:15","date_gmt":"2025-11-20T05:36:15","guid":{"rendered":"https:\/\/www.europesays.com\/fi\/94921\/"},"modified":"2025-11-20T05:36:15","modified_gmt":"2025-11-20T05:36:15","slug":"kari-tapion-yllattava-jenkkariita-avautuu-uudessa-muistelmateoksessa-nain-tilanne-eteni","status":"publish","type":"post","link":"https:\/\/www.europesays.com\/fi\/94921\/","title":{"rendered":"Kari Tapion yll\u00e4tt\u00e4v\u00e4 jenkkariita avautuu uudessa muistelmateoksessa \u2013 n\u00e4in tilanne eteni"},"content":{"rendered":"<p>\u2771 Uusi muistelmateos kuvaa tilanteen, jossa Kari Tapio joutui yll\u00e4tt\u00e4v\u00e4\u00e4n kiistaan jenkasta kesken keikkaillan.<\/p>\n<p class=\"has-drop-cap\"><strong>Juha \u201dJassi\u201d Takanen<\/strong> on pitk\u00e4n linjan muusikko. H\u00e4n toimii rumpalina, \u00e4\u00e4nitt\u00e4j\u00e4n\u00e4, miksaajana ja tuottajana.<\/p>\n<p>Juha Takanen oli <a href=\"https:\/\/www.tanssiin.fi\/tag\/agents\/\" title=\"agents\" rel=\"nofollow noopener\" target=\"_blank\">Agents<\/a>-yhtyeen alkuper\u00e4inen j\u00e4sen ja soitti yhtyeess\u00e4 rumpuja vuosina 1979\u20131992. H\u00e4n toimii my\u00f6s studiomuusikkona ja on soittanut muun muassa <strong>Tuomari Nurmion<\/strong> ja <strong>Rauli Badding Somerjoen<\/strong> levyill\u00e4<\/p>\n<p>Nyt Takanen on kirjoittanut muistelmateoksen T\u00e4htien takana (Reuna Publishing House, 2025).<\/p>\n<p>Rumpali Takanen kertoo v\u00e4rikk\u00e4it\u00e4 tarinoita<\/p>\n<p>Valovoimaisimpien t\u00e4htien taustalla vuosikymmenet soittanut rumpali kertoo v\u00e4rikk\u00e4it\u00e4 tarinoita otsikoiden takaa. Miten erilaista t\u00e4htisolistien el\u00e4m\u00e4 on lavalla ja sen ulkopuolella. Keikan j\u00e4lkeen, saunan lauteilla tai hotellihuoneessa artisti saa olla oma itsens\u00e4.<\/p>\n<p>T\u00e4htien takana\u00a0-kirja kertoo Juha \u201dJassi\u201d Takasen urasta suomalaisen iskelm\u00e4n ja rock-musiikin parissa. Tuomari Nurmio, Topi Sorsakoski &amp; Agents, Rauli Badding Somerjoki ja Kari Tapio olivat h\u00e4nen monivuotisia soittokavereitaan. He saavat kaikki oman lukunsa kirjassa, mutta normaalista poikkeavasta n\u00e4k\u00f6kulmasta.<\/p>\n<p>Kirjassa t\u00e4hdet tuikkivat savuverhon takaa:\u00a0Rauli Badding Somerjoki\u00a0katselee keng\u00e4nk\u00e4rki\u00e4\u00e4n ja py\u00f6r\u00e4ytt\u00e4\u00e4 s\u00e4tk\u00e4tupakan yhdell\u00e4 k\u00e4dell\u00e4.\u00a0<a href=\"https:\/\/www.tanssiin.fi\/tag\/topi-sorsakoski\/\" title=\"topi sorsakoski\" rel=\"nofollow noopener\" target=\"_blank\">Topi Sorsakoski<\/a>\u00a0polttaa punaista Marlboroa ja miettii seuraavaa korjauskohdetta kolvilleen.\u00a0<a href=\"https:\/\/www.tanssiin.fi\/tag\/kari-tapio\/\" title=\"kari tapio\" rel=\"nofollow noopener\" target=\"_blank\">Kari Tapio<\/a>\u00a0polttaa piippua kuten isois\u00e4ns\u00e4 ja kertoo tarinaa kalasta, joka p\u00e4\u00e4si karkuun.\u00a0<strong>Tuomari Nurmion<\/strong>\u00a0suupieless\u00e4 roikkuu tupakka laiskasti samalla kun h\u00e4n tekee nopean sutaisun muistikirjaan.<\/p>\n<p>Teoksen voi <a href=\"https:\/\/reunalla.fi\/products\/tahtien-takana\" title=\"\" rel=\"nofollow noopener\" target=\"_blank\">tilata t\u00e4st\u00e4<\/a>.<\/p>\n<p><img loading=\"lazy\" data-lazyloaded=\"1\" title=\"T\u00e4htien takana kirja\" decoding=\"async\" width=\"683\" height=\"1024\" data-attachment-id=\"59713\" data-permalink=\"https:\/\/www.tanssiin.fi\/kari-tapion-yllattava-jenkkariita-avautuu-uudessa-muistelmateoksessa-nain-tilanne-eteni\/tahtien-takana-kirja\/\" data-orig-file=\"https:\/\/www.tanssiin.fi\/wp-content\/uploads\/2025\/11\/Tahtien-takana-kirja.jpg\" data-orig-size=\"1707,2560\" data-comments-opened=\"1\" data-image-meta=\"{&quot;aperture&quot;:&quot;0&quot;,&quot;credit&quot;:&quot;&quot;,&quot;camera&quot;:&quot;&quot;,&quot;caption&quot;:&quot;&quot;,&quot;created_timestamp&quot;:&quot;0&quot;,&quot;copyright&quot;:&quot;&quot;,&quot;focal_length&quot;:&quot;0&quot;,&quot;iso&quot;:&quot;0&quot;,&quot;shutter_speed&quot;:&quot;0&quot;,&quot;title&quot;:&quot;&quot;,&quot;orientation&quot;:&quot;1&quot;}\" data-image-title=\"T\u00e4htien takana kirja\" data-image-description=\"\" data-image-caption=\"\" data-medium-file=\"https:\/\/www.tanssiin.fi\/wp-content\/uploads\/2025\/11\/Tahtien-takana-kirja-200x300.jpg\" data-large-file=\"https:\/\/www.europesays.com\/fi\/wp-content\/uploads\/2025\/11\/Tahtien-takana-kirja-683x1024.jpg\" data- src=\"https:\/\/www.europesays.com\/fi\/wp-content\/uploads\/2025\/11\/Tahtien-takana-kirja-683x1024.jpg\" alt=\"Kari tapion yll\u00e4tt\u00e4v\u00e4 jenkkariita avautuu uudessa muistelmateoksessa  n\u00e4in tilanne eteni | tanssiin Fi\" class=\"wp-image-59713\" style=\"width:504px;height:auto\" \/>T\u00e4htien takana -kirja on rumpali Juha Takasen v\u00e4rik\u00e4s muistelmateos.\u201dKari Tapio ei halunnut matkia Olavi Virtaa\u201d<\/p>\n<p>Takasen kirja on t\u00e4ynn\u00e4 hersyvi\u00e4 muistoja, anekdootteja ja tapauksia vuosikymmenten varrelta. Teksti on suorasanaista ja humoristista. Viinanjuontia ei piilotella, legendaaristen artistien tempauksia ei lakaista maton alle.<\/p>\n<p>Kirjassa seikkailevat niin <strong><a title=\"esa pulliainen\" href=\"https:\/\/www.tanssiin.fi\/tag\/esa-pulliainen\/\" rel=\"nofollow noopener\" target=\"_blank\">Esa Pulliainen<\/a><\/strong>, <strong><a title=\"ilkka vainio\" href=\"https:\/\/www.tanssiin.fi\/tag\/ilkka-vainio\/\" rel=\"nofollow noopener\" target=\"_blank\">Ilkka Vainio<\/a><\/strong> kuin Kari Tapion pojatkin sek\u00e4 muita mielenkiintoisia tyyppej\u00e4 musiikkimaailmasta. Yht\u00e4\u00e4n tyls\u00e4\u00e4 tapausta ei ole mukana. Jopa tanssilavojen j\u00e4rjestysmiehist\u00e4 l\u00f6ytyy hykerrytt\u00e4vi\u00e4 persoonia.<\/p>\n<p><strong>Lue my\u00f6s:<\/strong> <a href=\"https:\/\/www.tanssiin.fi\/agents-legenda-esa-pulliaisen-olemus-hatkahdyttaa-mita-hanelle-on-tapahtunut\/\" title=\"Agents-legenda Esa Pulliaisen olemus h\u00e4tk\u00e4hdytt\u00e4\u00e4: \u201dMit\u00e4 h\u00e4nelle on tapahtunut?\u201d\" rel=\"nofollow noopener\" target=\"_blank\">Agents-legenda Esa Pulliaisen olemus h\u00e4tk\u00e4hdytt\u00e4\u00e4: \u201dMit\u00e4 h\u00e4nelle on tapahtunut?\u201d<\/a><\/p>\n<p>Yksi hauska ja ennen kuulumaton paljastus liittyy iskelm\u00e4legenda <strong>Kari Tapion<\/strong> (1945-2010) jenkkariitaan.<\/p>\n<p>Takanen oli lopettanut 12-vuotisen uransa Agentsissa muutama kuukausi aiemmin, kun h\u00e4n liittyi Kari Tapion b\u00e4ndin vuonna 1993. Sit\u00e4 ennen piti opetella kaksi kasetillista biisej\u00e4, jotka Kari l\u00e4hetti h\u00e4nelle.<\/p>\n<p>\u201dMatsku oli mielenkiintoista ja sopivan monipuolista. My\u00f6s vanhempaa tanssimusiikkia, jota Kari lauloi omalla tyylill\u00e4\u00e4n. H\u00e4n ei halunnut matkia <strong>Olavi Virtaa<\/strong>, kuten moni mieslaulaja siihen aikaan, vaan oli sit\u00e4 mielt\u00e4, ett\u00e4 \u201dvariskin laulaa omalla \u00e4\u00e4nell\u00e4\u00e4n.\u201d<\/p>\n<p>Takanen kertoo, ett\u00e4 yleis\u00f6 oli yleens\u00e4 tyytyv\u00e4inen illan ohjelmistoon, eik\u00e4 soiton aikana baaritiskill\u00e4 juuri jonoja n\u00e4kynyt.<\/p>\n<p>\u201dAina joku tuli pyyt\u00e4m\u00e4\u00e4n suosikkikappaleitaan, ja niit\u00e4 soitettiinkin, jos sattuivat kuulumaan ohjelmistoon\u201d, h\u00e4n muistelee.<\/p>\n<p>Kari Tapio: \u201dJ\u00e4t\u00e4n jenkat Veikko Laville\u201d<\/p>\n<p>Jenkkariita sai alkunsa paikassa nimelt\u00e4 Tanssitupa Korvatunturi, joka toimi Helsingin Myllypurossa.<\/p>\n<p>\u201dKeikan j\u00e4lkeen tuli pariskunta valittamaan, ettei illan aikana soitettu jenkkaa. Siit\u00e4h\u00e4n Kari tulistui ja antoi heid\u00e4n kuulla kunniansa heristellen samalla uhkaavasti k\u00e4dess\u00e4\u00e4n ollutta piuhanippua.\u201d<\/p>\n<p>Takasen mukaan Kari Tapio pauhasi pariskunnalle kovaan \u00e4\u00e4neen: \u201dVain kuolleen ruumiini yli! Min\u00e4 en laula jenkkaa, koska se vaatii, ettei solistilla ole alaleukaa. J\u00e4t\u00e4n jenkat <strong>Veikko Laville<\/strong>!\u201d<\/p>\n<blockquote>\n<p>Pariskunta uhkasi Kari Tapiota oikeudenk\u00e4ynnill\u00e4<\/p>\n<\/blockquote>\n<p>Kina kasvoi, ja Takasen mukaan pariskunta uhkasi Karia ja koko orkesteria oikeudenk\u00e4ynnill\u00e4.<\/p>\n<p>\u201dSiit\u00e4k\u00f6s Kari sai lis\u00e4\u00e4 vett\u00e4 myllyyn ja lupasi tulla jenkkaoikeuteen heti, kun tuomarilta kutsu postilaatikkoon kolahtaa\u201d, Takanen taustoittaa.<\/p>\n<p><strong>Lue my\u00f6s:<\/strong> <a href=\"https:\/\/www.tanssiin.fi\/kari-tapio-tayttaisi-80-vuotta-juhlakiertue-tekee-kunniaa-legendalle-hurja-esiintyjakattaus\/\" title=\"Kari Tapio t\u00e4ytt\u00e4isi 80 vuotta: juhlakiertue tekee kunniaa legendalle \u2013\u00a0hurja esiintyj\u00e4kattaus\" rel=\"nofollow noopener\" target=\"_blank\">Kari Tapio t\u00e4ytt\u00e4isi 80 vuotta: juhlakiertue tekee kunniaa legendalle \u2013\u00a0hurja esiintyj\u00e4kattaus<\/a><\/p>\n<p>Kari toivoi p\u00e4\u00e4sev\u00e4ns\u00e4 leiv\u00e4tt\u00f6m\u00e4n p\u00f6yd\u00e4n \u00e4\u00e4reen<\/p>\n<p>Asia ei j\u00e4\u00e4nyt siihen, vaan j\u00e4rjest\u00e4j\u00e4 l\u00e4hetti ohjelmatoimistoon kirjeen, jossa taiteilijan k\u00e4yt\u00f6st\u00e4 paheksuttiin monin sanak\u00e4\u00e4ntein.<\/p>\n<p>\u201dVaadittiin anteeksipyynt\u00f6\u00e4 ja vahingonkorvauksia sek\u00e4 uhattiin vied\u00e4 asia oikeuteen.\u201d<\/p>\n<p>\u201dKari k\u00e4vi Polar Tuotannossa ylikierroksilla kuin Lieksan taksi ja oikein toivoi, ett\u00e4 p\u00e4\u00e4st\u00e4isiin leiv\u00e4tt\u00f6m\u00e4n p\u00f6yd\u00e4n \u00e4\u00e4reen. Luottomyyj\u00e4 <strong>Martti J\u00e4rvel\u00e4inen<\/strong> joutui toppuuttelemaan ja kaatamaan lis\u00e4\u00e4 kahvia t\u00e4hden mukiin, vaikka n\u00e4kikin silmiss\u00e4\u00e4n iltalehtien otsikot ja kuinka ne ehk\u00e4 helpottaisivat keikkamyynti\u00e4. Mainosta se on huonokin mainos.\u201d<\/p>\n<p><strong>Lue my\u00f6s:<\/strong> <a href=\"https:\/\/www.tanssiin.fi\/he-nayttelevat-kari-tapiota-kesan-suurmusikaalissa\/\" title=\"He n\u00e4yttelev\u00e4t Kari Tapiota kes\u00e4n suurmusikaalissa\" rel=\"nofollow noopener\" target=\"_blank\">He n\u00e4yttelev\u00e4t Kari Tapiota kes\u00e4n suurmusikaalissa<\/a><\/p>\n<p>Takanen nauraa, ett\u00e4 olisipa ollut hienoa p\u00e4\u00e4st\u00e4 todistajaksi Suomen ensimm\u00e4iseen jenkkaoikeudenk\u00e4yntiin!<\/p>\n<p>\u201dMy\u00f6hemmin Kari l\u00e4hetti j\u00e4ljenn\u00f6ksen j\u00e4rjest\u00e4j\u00e4n ultimaatumista. Se kellastuu nyt studion sein\u00e4ll\u00e4 muistutuksena ammatin vaaroista.\u201d<\/p>\n<p>Kari Tapiosta kertova musiikkin\u00e4ytelm\u00e4 kes\u00e4ll\u00e4 2026<\/p>\n<p>Kari Tapio, oikealta nimelt\u00e4\u00e4n <strong>Kari Jalkanen<\/strong> (22.11.1945 Suonenjoki\u20137.12.2010 Espoo) sai uransa aikana yhteens\u00e4 21 kultalevy\u00e4, 8 platinalevy\u00e4 ja yhden tuplaplatinan. Iskelm\u00e4-Finlandian h\u00e4n sai vuonna 2003 sek\u00e4 viisi Emma-palkintoa, joista parhaan miespuolisen artistin palkinnon vuosina 1999 ja 2005.<\/p>\n<p>Karin syntym\u00e4st\u00e4 tulee lauantaina, 22. marraskuuta kuluneeksi tasan 80 vuotta.<\/p>\n<p>Ensi kes\u00e4n\u00e4 2026 R\u00e4nssin Kievarissa Jyv\u00e4skyl\u00e4ss\u00e4 n\u00e4hd\u00e4\u00e4n Myrskyn j\u00e4lkeen -musiikkin\u00e4ytelm\u00e4, jossa Kari Tapiota esitt\u00e4v\u00e4t <strong>Turkka Mastom\u00e4ki<\/strong>, <strong><a href=\"https:\/\/www.tanssiin.fi\/tag\/jarno-kokko\/\" title=\"jarno kokko\" rel=\"nofollow noopener\" target=\"_blank\">Jarno Kokko<\/a><\/strong> ja <strong><a href=\"https:\/\/www.tanssiin.fi\/tag\/eikka-eronen\/\" title=\"eikka eronen\" rel=\"nofollow noopener\" target=\"_blank\">Eikka Eronen<\/a><\/strong>. N\u00e4ytelm\u00e4n musiikista vastaa Kari Tapion oma poika\u00a0<strong>Jani Jalkanen<\/strong>, joka johtaa orkesteria.<\/p>\n<p>Parhaillaan k\u00e4ynniss\u00e4 on Kari Tapio 80 vuotta \u2013 Olen suomalainen\u00a0-niminen menestyskiertue.<\/p>\n<p>\u2771 Haluatko lukea lis\u00e4\u00e4 suomalaisen iskelm\u00e4n tarinoita?<\/p>\n<p>Tanssiin.fi seuraa artistien vaiheita, uusien kirjojen ilmestymist\u00e4 ja lavojen tuoreimpia kuulumisia \u2013 pysy mukana ja nappaa talteen my\u00f6s muut tuoreet juttumme.<\/p>\n<p>Kirjoittanut:<br \/>\n<img loading=\"lazy\" data-lazyloaded=\"1\" width=\"512\" height=\"512\" decoding=\"async\" class=\"aioseo-author-image\" src=\"https:\/\/www.europesays.com\/fi\/wp-content\/uploads\/2025\/10\/cropped-tanssiin-logo.jpg\" alt=\"author avatar\"\/><\/p>\n<p>Tanssiin.fi<\/p>\n<p>\nTanssi- ja iskelm\u00e4musiikin uutiset asiantuntevasti.<\/p>\n<p><img loading=\"lazy\" decoding=\"async\" data-lazyloaded=\"1\" width=\"512\" height=\"512\" class=\"aioseo-author-bio-compact-image\" src=\"https:\/\/www.europesays.com\/fi\/wp-content\/uploads\/2025\/10\/cropped-tanssiin-logo.jpg\" alt=\"author avatar\"\/><br \/>\nTanssi- ja iskelm\u00e4musiikin uutiset asiantuntevasti.<\/p>\n<p>33%<br \/>\nIhana<\/p>\n<p>67%<br \/>\nHauska<\/p>\n<p>0%<br \/>\nVau<\/p>\n<p>0%<br \/>\nSurullinen<\/p>\n<p>0%<br \/>\nVihainen\n<\/p>\n<p>Post navigation<\/p>\n","protected":false},"excerpt":{"rendered":"\u2771 Uusi muistelmateos kuvaa tilanteen, jossa Kari Tapio joutui yll\u00e4tt\u00e4v\u00e4\u00e4n kiistaan jenkasta kesken keikkaillan. Juha \u201dJassi\u201d Takanen on&hellip;\n","protected":false},"author":2,"featured_media":94922,"comment_status":"","ping_status":"","sticky":false,"template":"","format":"standard","meta":{"footnotes":""},"categories":[136],"tags":[407,137,12417,33,31,30,18642,18643,18644,408,18185,2636,2549,5736,47,1915,4950,32,18645,4049,18646,16,109],"class_list":{"0":"post-94921","1":"post","2":"type-post","3":"status-publish","4":"format-standard","5":"has-post-thumbnail","7":"category-julkkikset","8":"tag-celebrities","9":"tag-entertainment","10":"tag-esa-pulliainen","11":"tag-fi","12":"tag-finland","13":"tag-finnish","14":"tag-ilkka-vainio","15":"tag-jenkka","16":"tag-juha-takanen","17":"tag-julkkikset","18":"tag-kari-tapio","19":"tag-kirja","20":"tag-muistelmat","21":"tag-muistelmateos","22":"tag-musiikki","23":"tag-oikeus","24":"tag-rumpali","25":"tag-suomi","26":"tag-tahtien-takana","27":"tag-tanssitahdet","28":"tag-topi-sorsakoski","29":"tag-uutiset","30":"tag-viihde"},"share_on_mastodon":{"url":"https:\/\/pubeurope.com\/@fi\/115580409370172170","error":""},"_links":{"self":[{"href":"https:\/\/www.europesays.com\/fi\/wp-json\/wp\/v2\/posts\/94921","targetHints":{"allow":["GET"]}}],"collection":[{"href":"https:\/\/www.europesays.com\/fi\/wp-json\/wp\/v2\/posts"}],"about":[{"href":"https:\/\/www.europesays.com\/fi\/wp-json\/wp\/v2\/types\/post"}],"author":[{"embeddable":true,"href":"https:\/\/www.europesays.com\/fi\/wp-json\/wp\/v2\/users\/2"}],"replies":[{"embeddable":true,"href":"https:\/\/www.europesays.com\/fi\/wp-json\/wp\/v2\/comments?post=94921"}],"version-history":[{"count":0,"href":"https:\/\/www.europesays.com\/fi\/wp-json\/wp\/v2\/posts\/94921\/revisions"}],"wp:featuredmedia":[{"embeddable":true,"href":"https:\/\/www.europesays.com\/fi\/wp-json\/wp\/v2\/media\/94922"}],"wp:attachment":[{"href":"https:\/\/www.europesays.com\/fi\/wp-json\/wp\/v2\/media?parent=94921"}],"wp:term":[{"taxonomy":"category","embeddable":true,"href":"https:\/\/www.europesays.com\/fi\/wp-json\/wp\/v2\/categories?post=94921"},{"taxonomy":"post_tag","embeddable":true,"href":"https:\/\/www.europesays.com\/fi\/wp-json\/wp\/v2\/tags?post=94921"}],"curies":[{"name":"wp","href":"https:\/\/api.w.org\/{rel}","templated":true}]}}