{"id":95030,"date":"2025-11-20T08:18:09","date_gmt":"2025-11-20T08:18:09","guid":{"rendered":"https:\/\/www.europesays.com\/fi\/95030\/"},"modified":"2025-11-20T08:18:09","modified_gmt":"2025-11-20T08:18:09","slug":"illan-elokuvana-moderni-supersankariklassikko-yksi-repliikki-jai-ohjaajalle-hampaankoloon","status":"publish","type":"post","link":"https:\/\/www.europesays.com\/fi\/95030\/","title":{"rendered":"Illan elokuvana moderni supersankariklassikko \u2013 yksi repliikki j\u00e4i ohjaajalle hampaankoloon"},"content":{"rendered":"<p>Illan tv-viihteess\u00e4 n\u00e4hd\u00e4\u00e4n yksi supersankarigenren arvostetuimmista elokuvista Y\u00f6n ritari (2008).<\/p>\n<p><strong>Christopher Nolanin<\/strong> ohjaama klassikko tarjoaa vahvaa tarinankerrontaa, ikimuistoisia toimintajaksoja ja ennen kaikkea <strong>Heath Ledgerin<\/strong> ylistetyn roolisuorituksen Jokerina. Elokuva seuraa Batmanin (<strong>Christian Bale<\/strong>) ja Jokerin v\u00e4list\u00e4 armotonta henkist\u00e4 ja fyysist\u00e4 kamppailua, jossa rikollisneron tavoitteena on suistaa Gotham City t\u00e4ydelliseen kaaokseen. Batmanin t\u00e4ytyy est\u00e4\u00e4 se hinnalla mill\u00e4 hyv\u00e4ns\u00e4.<\/p>\n<p>Nolan on vuosien saatossa kertonut, ett\u00e4 yksi elokuvan repliikeist\u00e4 on j\u00e4\u00e4nyt vaivaamaan h\u00e4nt\u00e4. Kyseess\u00e4 on kohtaus, jossa <strong>Aaron Eckhart<\/strong> eli Harvey Dent lausuu vuorosanansa.<\/p>\n<p>\u2013 Minua vaivaa\u00a0Y\u00f6n ritarin\u00a0repliikki, ja se vaivaa minua, koska en kirjoittanut sit\u00e4, Nolan sanoi Deadlinelle.<\/p>\n<p>\u2013 Veljeni kirjoitti sen. Se on musertavaa, koska se repliikki on vaikuttavin. Enk\u00e4 silloin edes ymm\u00e4rt\u00e4nyt sit\u00e4, Nolan mietti.<\/p>\n<p>Nolan sanoi repliikin olevan: \u201dJoko kuolet sankarina, tai el\u00e4t tarpeeksi kauan ja muutut pahikseksi (You either die a hero or you live long enough to become the villain).\u201d<\/p>\n<p>Lue my\u00f6s: <a href=\"https:\/\/www.episodi.fi\/uutiset\/600-kilometria-filmia-syoneen-eepoksen-ohjaaja-paljasti-hammentavan-yksityiskohdan-elokuvassa-kaytettavasta-teknologiasta\/\" title=\"600 kilometri\u00e4 filmi\u00e4 sy\u00f6neen eepoksen ohjaaja paljasti h\u00e4mment\u00e4v\u00e4n yksityiskohdan elokuvassa k\u00e4ytetyst\u00e4 teknologiasta\" class=\"underline-custom !font-montserrat !font-bold !underline-offset-4 !decoration-4 !decoration-episodi-blue !text-md\" rel=\"nofollow noopener\" target=\"_blank\">600 kilometri\u00e4 filmi\u00e4 sy\u00f6neen eepoksen ohjaaja paljasti h\u00e4mment\u00e4v\u00e4n yksityiskohdan elokuvassa k\u00e4ytetyst\u00e4 teknologiasta<\/a><\/p>\n<p><img loading=\"lazy\" height=\"881\" width=\"1600\" class=\" sp-no-webp perfmatters-lazy\" alt=\"\" decoding=\"async\" src=\"https:\/\/www.europesays.com\/fi\/wp-content\/uploads\/2025\/11\/yon-ritari-2.jpg\" \/> \u2013 Luin sen h\u00e4nen luonnoksestaan ja ajattelin: \u201dHyv\u00e4 on, pid\u00e4n sen mukana, mutta en oikein tied\u00e4, mit\u00e4 se tarkoittaa. Onko se oikeasti n\u00e4in?\u201d<\/p>\n<p>\u2013 Ja sitten, vuosien varrella, elokuvan ilmestymisen j\u00e4lkeen, se on tuntunut yh\u00e4 totuudenmukaisemmalta. T\u00e4ss\u00e4 tarinassa se on juuri niin, Nolan tuumi.<\/p>\n<p>\u2013 Kehitet\u00e4\u00e4n heit\u00e4, palautetaan maanpinnalle. Niin me kohtelemme ihmisi\u00e4, ohjaaja filosofoi.<\/p>\n<p>Jokeri palauttaa ihmisi\u00e4 elokuvassa maanpinnalle varsin v\u00e4kivaltaiseen tyyliin, sill\u00e4 h\u00e4n tekee leffassa vaarallisen \u201dkyn\u00e4tempun\u201d. H\u00e4n tapaa alamaailman pomojen kanssa ja kysyy: \u201dMiten olisi taikatemppu?\u201d Sitten Jokeri ly\u00f6 kyn\u00e4n p\u00f6yt\u00e4\u00e4n, ja iskee brutaalisti yhden pomon kasvot kyn\u00e4\u00e4 vasten kehuen miten sai kyn\u00e4n katoamaan.<\/p>\n<p>Kohtaus oli vaarallinen oikeassakin el\u00e4m\u00e4ss\u00e4, sill\u00e4 se vaati tarkkaa ja varovaista ty\u00f6t\u00e4 n\u00e4yttelij\u00f6ilt\u00e4. Kyn\u00e4 oli oikeasti p\u00f6yd\u00e4ss\u00e4 kiinni, kun Ledger tarttuu rikollispomoon ja pakottaa t\u00e4m\u00e4n p\u00e4\u00e4kopan kohti kyn\u00e4\u00e4. Rikollispomon n\u00e4yttelij\u00e4n t\u00e4ytyi samalla vet\u00e4\u00e4 kyn\u00e4 p\u00f6yd\u00e4st\u00e4 pois, jottei h\u00e4n l\u00f6isi oikeasti kasvojaan siihen. J\u00e4lkituotannossa kohtausta ehostettiin siten, ett\u00e4 kyn\u00e4 vaikuttaa j\u00e4\u00e4v\u00e4n p\u00f6yd\u00e4lle.<\/p>\n<p>Sek\u00e4 kriitikko- ett\u00e4 yleis\u00f6mittari on arvostelusivusto Rotten Tomatoesissa luvussa 94. Kriitikoiden yhteenveto kuuluu seuraavasti:<\/p>\n<p>\u201dTumma, monisyinen ja unohtumaton, Y\u00f6n ritari onnistuu paitsi viihdytt\u00e4v\u00e4n\u00e4 sarjakuvafilmin\u00e4, my\u00f6s rikkaana ja j\u00e4nnitt\u00e4v\u00e4n\u00e4 rikosdraamana.\u201d<\/p>\n<p>Elokuva on my\u00f6s Netflixiss\u00e4 ja HBO Maxissa. Alla traileri.<\/p>\n<p>Tulevat l\u00e4hetykset:<\/p>\n<ul class=\"wp-block-list\">\n<li>To 20.11.2025 klo 23.30 \u00b7 Kutonen<\/li>\n<\/ul>\n<p>Lue my\u00f6s: <a href=\"https:\/\/www.episodi.fi\/uutiset\/medialahteet-michael-mann-haluaa-yon-ritarin-heat-2-elokuvaan\/\" title=\"Medial\u00e4hteet: Michael Mann haluaa Y\u00f6n ritarin Heat 2 -elokuvaan\" class=\"underline-custom !font-montserrat !font-bold !underline-offset-4 !decoration-4 !decoration-episodi-blue !text-md\" rel=\"nofollow noopener\" target=\"_blank\">Medial\u00e4hteet: Michael Mann haluaa Y\u00f6n ritarin Heat 2 -elokuvaan<\/a><\/p>\n<p>Lue my\u00f6s: <a href=\"https:\/\/www.episodi.fi\/uutiset\/christopher-nolan-kertoi-250-miljoonan-eepoksestaan-nain-monta-kilometria-imax-filmia-kului-odysseiaan\/\" title=\"Christopher Nolan kertoi 250 miljoonan eepoksestaan \u2013 N\u00e4in monta kilometri\u00e4 IMAX-filmi\u00e4 kului Odysseiaan\" class=\"underline-custom !font-montserrat !font-bold !underline-offset-4 !decoration-4 !decoration-episodi-blue !text-md\" rel=\"nofollow noopener\" target=\"_blank\">Christopher Nolan kertoi 250 miljoonan eepoksestaan \u2013 N\u00e4in monta kilometri\u00e4 IMAX-filmi\u00e4 kului Odysseiaan<\/a><\/p>\n<p>Lue my\u00f6s: <a href=\"https:\/\/www.episodi.fi\/uutiset\/haluatko-nahda-matt-damonin-ritarivarusteissa-ensimmainen-virallinen-kuva-christopher-nolanin-the-odysseysta-julki\/\" title=\"Haluatko n\u00e4hd\u00e4 Matt Damonin soturivarusteissa? \u2013 Ensimm\u00e4inen virallinen kuva Christopher Nolanin The Odysseysta julki\" class=\"underline-custom !font-montserrat !font-bold !underline-offset-4 !decoration-4 !decoration-episodi-blue !text-md\" rel=\"nofollow noopener\" target=\"_blank\">Haluatko n\u00e4hd\u00e4 Matt Damonin soturivarusteissa? \u2013 Ensimm\u00e4inen virallinen kuva Christopher Nolanin The Odysseysta julki<\/a><\/p>\n<p><img loading=\"lazy\" decoding=\"async\" alt=\"YouTube video\" width=\"480\" height=\"360\" data-pin-nopin=\"true\" nopin=\"nopin\" class=\"perfmatters-lazy\" src=\"https:\/\/www.europesays.com\/fi\/wp-content\/uploads\/2025\/09\/1757651828_587_hqdefault.jpg\"\/><\/p>\n<p>L\u00e4hde: <a href=\"https:\/\/www.imdb.com\/title\/tt0468569\/trivia\/?ref_=tt_ql_3\" target=\"_blank\" rel=\"noreferrer noopener nofollow\">IMDb<\/a>, <a href=\"https:\/\/www.nme.com\/news\/film\/christopher-nolan-on-the-dark-knight-line-that-plagues-him-to-this-day-3593707\" target=\"_blank\" rel=\"noreferrer noopener nofollow\">NME<\/a><\/p>\n<p>Lue my\u00f6s: <a href=\"https:\/\/www.episodi.fi\/uutiskirje\/?uutiskirjemainos=tekstilinkkimainos\" title=\"Tilaa Episodin uutiskirje ja voit voittaa leffalippuja! Nappaa tv-vinkit suoraan s\u00e4hk\u00f6postiin t\u00e4st\u00e4.\" class=\"underline-custom !font-montserrat !font-bold !underline-offset-4 !decoration-4 !decoration-episodi-blue !text-md\" rel=\"nofollow noopener\" target=\"_blank\">Tilaa Episodin uutiskirje ja voit voittaa leffalippuja! Nappaa katseluvinkit suoraan s\u00e4hk\u00f6postiin t\u00e4st\u00e4.<\/a><\/p>\n","protected":false},"excerpt":{"rendered":"Illan tv-viihteess\u00e4 n\u00e4hd\u00e4\u00e4n yksi supersankarigenren arvostetuimmista elokuvista Y\u00f6n ritari (2008). Christopher Nolanin ohjaama klassikko tarjoaa vahvaa tarinankerrontaa, ikimuistoisia&hellip;\n","protected":false},"author":2,"featured_media":95031,"comment_status":"","ping_status":"","sticky":false,"template":"","format":"standard","meta":{"footnotes":""},"categories":[131],"tags":[155,137,33,173,31,30,172,32,139,109],"class_list":{"0":"post-95030","1":"post","2":"type-post","3":"status-publish","4":"format-standard","5":"has-post-thumbnail","7":"category-elokuvat","8":"tag-elokuvat","9":"tag-entertainment","10":"tag-fi","11":"tag-film","12":"tag-finland","13":"tag-finnish","14":"tag-movies","15":"tag-suomi","16":"tag-tv-ohjelmat","17":"tag-viihde"},"share_on_mastodon":{"url":"https:\/\/pubeurope.com\/@fi\/115581046444548526","error":""},"_links":{"self":[{"href":"https:\/\/www.europesays.com\/fi\/wp-json\/wp\/v2\/posts\/95030","targetHints":{"allow":["GET"]}}],"collection":[{"href":"https:\/\/www.europesays.com\/fi\/wp-json\/wp\/v2\/posts"}],"about":[{"href":"https:\/\/www.europesays.com\/fi\/wp-json\/wp\/v2\/types\/post"}],"author":[{"embeddable":true,"href":"https:\/\/www.europesays.com\/fi\/wp-json\/wp\/v2\/users\/2"}],"replies":[{"embeddable":true,"href":"https:\/\/www.europesays.com\/fi\/wp-json\/wp\/v2\/comments?post=95030"}],"version-history":[{"count":0,"href":"https:\/\/www.europesays.com\/fi\/wp-json\/wp\/v2\/posts\/95030\/revisions"}],"wp:featuredmedia":[{"embeddable":true,"href":"https:\/\/www.europesays.com\/fi\/wp-json\/wp\/v2\/media\/95031"}],"wp:attachment":[{"href":"https:\/\/www.europesays.com\/fi\/wp-json\/wp\/v2\/media?parent=95030"}],"wp:term":[{"taxonomy":"category","embeddable":true,"href":"https:\/\/www.europesays.com\/fi\/wp-json\/wp\/v2\/categories?post=95030"},{"taxonomy":"post_tag","embeddable":true,"href":"https:\/\/www.europesays.com\/fi\/wp-json\/wp\/v2\/tags?post=95030"}],"curies":[{"name":"wp","href":"https:\/\/api.w.org\/{rel}","templated":true}]}}