{"id":95132,"date":"2025-11-20T11:00:15","date_gmt":"2025-11-20T11:00:15","guid":{"rendered":"https:\/\/www.europesays.com\/fi\/95132\/"},"modified":"2025-11-20T11:00:15","modified_gmt":"2025-11-20T11:00:15","slug":"saimaannorppa-kuoli-pyydykseen-ilta-sanomat","status":"publish","type":"post","link":"https:\/\/www.europesays.com\/fi\/95132\/","title":{"rendered":"Saimaannorppa kuoli pyydykseen &#8211; Ilta-Sanomat"},"content":{"rendered":"<p>Kalanpyydyksiin on kuollut t\u00e4n\u00e4 vuonna ainakin 11 saimaannorppaa.<\/p>\n<p class=\"article-body mb-nof-24 px-nof-16\">Haukivedelt\u00e4 Rantasalmelta l\u00f6ydettiin tiistaina pyydykseen kuollut saimaannorppa. Asiasta kertoo Mets\u00e4hallitus.<\/p>\n<p class=\"article-body mb-nof-24 px-nof-16\">36-kiloinen urosnorppa oli j\u00e4\u00e4nyt kiinni rys\u00e4n aitaverkkoon. Norppa oli todenn\u00e4k\u00f6isesti nuori, muttei v\u00e4ltt\u00e4m\u00e4tt\u00e4 t\u00e4n\u00e4 vuonna syntynyt kuutti. Tarkka ik\u00e4 selvi\u00e4\u00e4 my\u00f6hemmin hampaasta teht\u00e4v\u00e4ll\u00e4 ik\u00e4m\u00e4\u00e4rityksell\u00e4.<\/p>\n<p class=\"article-body mb-nof-24 px-nof-16\">Rys\u00e4 sijaitsi alueella, jossa kalastusta rajoitetaan saimaannorpan suojelun takia. Kuollut norppa l\u00f6ytyi kuitenkin kalastusrajoitusasetuksen mukaisesta pyydyksest\u00e4, joiden k\u00e4ytt\u00f6 on sallittua alueella.<\/p>\n<p class=\"article-body mb-nof-24 px-nof-16\">Mets\u00e4hallituksen tietoon on tullut t\u00e4n\u00e4 vuonna yhteens\u00e4 11 kalanpyydyksiin kuollutta saimaannorppaa. N\u00e4ist\u00e4 kuusi on kuollut verkkoihin, kaksi rys\u00e4\u00e4n ja yksi katiskaan. Kahden norpan kohdalla tarkkaa pyydystyyppi\u00e4 ei tiedet\u00e4.<\/p>\n<p class=\"article-body mb-nof-24 px-nof-16\">Rys\u00e4t ovat norpille turvallisempia kuin verkot, ja niiden k\u00e4ytt\u00f6 kaupallisessa kalastuksessa Saimaalla on kasvanut t\u00e4st\u00e4 syyst\u00e4 merkitt\u00e4v\u00e4sti viime vuosina.<\/p>\n<p class=\"article-body mb-nof-24 px-nof-16\">Norppien rys\u00e4kuolemat ovat kuitenkin yleistyneet rysien yleistyess\u00e4.<\/p>\n<p class=\"article-body mb-nof-24 px-nof-16\">\u2013 Rysien norppaturvallisuutta on tarve kehitt\u00e4\u00e4 edelleen ja siihen liittyvi\u00e4 hankkeita onkin k\u00e4ynniss\u00e4, luonnonsuojelun erityisasiantuntija <a class=\"article-personlink\" href=\"https:\/\/www.is.fi\/haku\/?query=Miina%20Auttila\" rel=\"nofollow noopener\" target=\"_blank\">Miina Auttila<\/a> Mets\u00e4hallituksen Luontopalveluista sanoo.<\/p>\n<p class=\"article-body mb-nof-24 px-nof-16\">Yhteens\u00e4 kuolleita saimaannorppia on l\u00f6ytynyt t\u00e4n\u00e4 vuonna yhteens\u00e4 jo 46. Saimaannorpan kanta-arvio vuodelle 2025 oli 530 yksil\u00f6\u00e4.<\/p>\n<p class=\"article-body mb-nof-24 px-nof-16\">Kalastuslaki velvoittaa pyydyksen omistajaa ilmoittamaan kalanpyydykseen kuolleesta saimaannorpasta Mets\u00e4hallitukselle viipym\u00e4tt\u00e4 numeroon 0206\u00a039\u00a05000.<\/p>\n","protected":false},"excerpt":{"rendered":"Kalanpyydyksiin on kuollut t\u00e4n\u00e4 vuonna ainakin 11 saimaannorppaa. Haukivedelt\u00e4 Rantasalmelta l\u00f6ydettiin tiistaina pyydykseen kuollut saimaannorppa. Asiasta kertoo Mets\u00e4hallitus.&hellip;\n","protected":false},"author":2,"featured_media":95133,"comment_status":"","ping_status":"","sticky":false,"template":"","format":"standard","meta":{"footnotes":""},"categories":[112],"tags":[33,31,30,34,118,32,119],"class_list":{"0":"post-95132","1":"post","2":"type-post","3":"status-publish","4":"format-standard","5":"has-post-thumbnail","7":"category-tiede","8":"tag-fi","9":"tag-finland","10":"tag-finnish","11":"tag-ilta-sanomat","12":"tag-science","13":"tag-suomi","14":"tag-tiede"},"share_on_mastodon":{"url":"https:\/\/pubeurope.com\/@fi\/115581683340995080","error":""},"_links":{"self":[{"href":"https:\/\/www.europesays.com\/fi\/wp-json\/wp\/v2\/posts\/95132","targetHints":{"allow":["GET"]}}],"collection":[{"href":"https:\/\/www.europesays.com\/fi\/wp-json\/wp\/v2\/posts"}],"about":[{"href":"https:\/\/www.europesays.com\/fi\/wp-json\/wp\/v2\/types\/post"}],"author":[{"embeddable":true,"href":"https:\/\/www.europesays.com\/fi\/wp-json\/wp\/v2\/users\/2"}],"replies":[{"embeddable":true,"href":"https:\/\/www.europesays.com\/fi\/wp-json\/wp\/v2\/comments?post=95132"}],"version-history":[{"count":0,"href":"https:\/\/www.europesays.com\/fi\/wp-json\/wp\/v2\/posts\/95132\/revisions"}],"wp:featuredmedia":[{"embeddable":true,"href":"https:\/\/www.europesays.com\/fi\/wp-json\/wp\/v2\/media\/95133"}],"wp:attachment":[{"href":"https:\/\/www.europesays.com\/fi\/wp-json\/wp\/v2\/media?parent=95132"}],"wp:term":[{"taxonomy":"category","embeddable":true,"href":"https:\/\/www.europesays.com\/fi\/wp-json\/wp\/v2\/categories?post=95132"},{"taxonomy":"post_tag","embeddable":true,"href":"https:\/\/www.europesays.com\/fi\/wp-json\/wp\/v2\/tags?post=95132"}],"curies":[{"name":"wp","href":"https:\/\/api.w.org\/{rel}","templated":true}]}}