{"id":95390,"date":"2025-11-20T17:01:14","date_gmt":"2025-11-20T17:01:14","guid":{"rendered":"https:\/\/www.europesays.com\/fi\/95390\/"},"modified":"2025-11-20T17:01:14","modified_gmt":"2025-11-20T17:01:14","slug":"diabeteslaakari-alypumppu-vapauttaa-tyypin-1-diabeetikon","status":"publish","type":"post","link":"https:\/\/www.europesays.com\/fi\/95390\/","title":{"rendered":"Diabetesl\u00e4\u00e4k\u00e4ri: \u00c4lypumppu vapauttaa tyypin 1 diabeetikon"},"content":{"rendered":"<p><strong class=\"typography-bold\">\u00c4lypumput ovat muuttaneet diabeteksen hoitoa merkitt\u00e4v\u00e4sti 2020-luvulla. Tyypin 1 diabetesta itsekin sairastava erikoisl\u00e4\u00e4k\u00e4ri kuvailee pumpun vapauttaneen.\u00a0<\/strong><\/p>\n<p>Erityisesti tyypin 1 diabeteksen hoidossa k\u00e4ytett\u00e4v\u00e4t \u00e4lypumput tulivat Suomessa markkinoille ensimm\u00e4isen kerran vuonna 2018. Niist\u00e4 kertoi Viiden j\u00e4lkeen -ohjelmassa HUS:n lastentautien erikoisl\u00e4\u00e4k\u00e4ri, lastenendokrinologi <strong class=\"typography-bold\">Anna-Kaisa Tuomaala<\/strong>, joka sairastaa itsekin ykk\u00f6styypin diabetesta.<\/p>\n<p>\u2013 Se p\u00e4iv\u00e4, kun aloitin \u00e4lypumpun vuonna 2018, niin seh\u00e4n oli sellainen p\u00e4iv\u00e4, ett\u00e4 oikeasti min\u00e4 olin yht\u00e4kki\u00e4 vapaa, Tuomaala kertoi l\u00e4hetyksess\u00e4 viime viikolla.<\/p>\n<p><strong class=\"typography-bold\">Lue my\u00f6s: <\/strong><a class=\"underline\" data-testid=\"internal-link\" role=\"link\" data-sentry-element=\"Link\" data-sentry-component=\"InternalLink\" data-sentry-source-file=\"InternalLink.tsx\" href=\"https:\/\/www.mtvuutiset.fi\/artikkeli\/kysely-diabeetikot-paasevat-laakariin-liian-harvoin-he-ovat-pimennossa\/9257056\" rel=\"nofollow noopener\" target=\"_blank\"><strong class=\"typography-bold\">Kysely: Diabeetikot p\u00e4\u00e4sev\u00e4t l\u00e4\u00e4k\u00e4riin liian harvoin \u2013 &#8221;He ovat pimennossa&#8221;<\/strong><\/a><\/p>\n<p>Perinteisell\u00e4 monipistoshoidolla\u00a0insuliini pistet\u00e4\u00e4n useita kertoja p\u00e4iv\u00e4ss\u00e4 ihon alle insuliinikyn\u00e4ll\u00e4. Sen sijaan iholle kiinnitett\u00e4vien \u00e4lypumppujen toiminta perustuu s\u00e4\u00e4t\u00f6algoritmiin, joka ohjaa insuliinin annostelua viiden minuutin v\u00e4lein glukoosisensorin tiedon perusteella.<\/p>\n<p>\u2013 Olin aina hoitanut itse\u00e4ni tosi hyvin, mutta seh\u00e4n on ty\u00f6l\u00e4st\u00e4 \u2013 diabetespotilas tekee keskim\u00e4\u00e4rin 42 l\u00e4\u00e4ketieteellist\u00e4 p\u00e4\u00e4t\u00f6st\u00e4 p\u00e4iv\u00e4ss\u00e4. Sitten yht\u00e4kki\u00e4 joku toinen ottaa sinulta sen, esimerkiksi y\u00f6ll\u00e4 s\u00e4\u00e4t\u00e4\u00e4 [l\u00e4\u00e4keannosta], aterioiden v\u00e4liss\u00e4 s\u00e4\u00e4t\u00e4\u00e4\u2026 Sin\u00e4 otat en\u00e4\u00e4 ne ateriabolukset [toim. huom. aterialla tarvittava insuliiniannos], ehk\u00e4 katsot v\u00e4h\u00e4n, ett\u00e4 mit\u00e4 liikut, ja kerrot sen pumpulle, Tuomaala kuvailee siirtymist\u00e4 pumppuun.<\/p>\n","protected":false},"excerpt":{"rendered":"\u00c4lypumput ovat muuttaneet diabeteksen hoitoa merkitt\u00e4v\u00e4sti 2020-luvulla. Tyypin 1 diabetesta itsekin sairastava erikoisl\u00e4\u00e4k\u00e4ri kuvailee pumpun vapauttaneen.\u00a0 Erityisesti tyypin&hellip;\n","protected":false},"author":2,"featured_media":95391,"comment_status":"","ping_status":"","sticky":false,"template":"","format":"standard","meta":{"footnotes":""},"categories":[165],"tags":[33,31,30,166,32,167],"class_list":{"0":"post-95390","1":"post","2":"type-post","3":"status-publish","4":"format-standard","5":"has-post-thumbnail","7":"category-terveys","8":"tag-fi","9":"tag-finland","10":"tag-finnish","11":"tag-health","12":"tag-suomi","13":"tag-terveys"},"share_on_mastodon":{"url":"https:\/\/pubeurope.com\/@fi\/115583102780992004","error":""},"_links":{"self":[{"href":"https:\/\/www.europesays.com\/fi\/wp-json\/wp\/v2\/posts\/95390","targetHints":{"allow":["GET"]}}],"collection":[{"href":"https:\/\/www.europesays.com\/fi\/wp-json\/wp\/v2\/posts"}],"about":[{"href":"https:\/\/www.europesays.com\/fi\/wp-json\/wp\/v2\/types\/post"}],"author":[{"embeddable":true,"href":"https:\/\/www.europesays.com\/fi\/wp-json\/wp\/v2\/users\/2"}],"replies":[{"embeddable":true,"href":"https:\/\/www.europesays.com\/fi\/wp-json\/wp\/v2\/comments?post=95390"}],"version-history":[{"count":0,"href":"https:\/\/www.europesays.com\/fi\/wp-json\/wp\/v2\/posts\/95390\/revisions"}],"wp:featuredmedia":[{"embeddable":true,"href":"https:\/\/www.europesays.com\/fi\/wp-json\/wp\/v2\/media\/95391"}],"wp:attachment":[{"href":"https:\/\/www.europesays.com\/fi\/wp-json\/wp\/v2\/media?parent=95390"}],"wp:term":[{"taxonomy":"category","embeddable":true,"href":"https:\/\/www.europesays.com\/fi\/wp-json\/wp\/v2\/categories?post=95390"},{"taxonomy":"post_tag","embeddable":true,"href":"https:\/\/www.europesays.com\/fi\/wp-json\/wp\/v2\/tags?post=95390"}],"curies":[{"name":"wp","href":"https:\/\/api.w.org\/{rel}","templated":true}]}}