{"id":95410,"date":"2025-11-20T17:21:10","date_gmt":"2025-11-20T17:21:10","guid":{"rendered":"https:\/\/www.europesays.com\/fi\/95410\/"},"modified":"2025-11-20T17:21:10","modified_gmt":"2025-11-20T17:21:10","slug":"muusikkolegenda-hectorin-ex-kollega-on-kuollut","status":"publish","type":"post","link":"https:\/\/www.europesays.com\/fi\/95410\/","title":{"rendered":"Muusikkolegenda Hectorin ex-kollega on kuollut"},"content":{"rendered":"<p>            Pasi Murto\n        <\/p>\n<p class=\"subtitle \">Herroja yhdisti legendaarinen folkb\u00e4ndi Cumulus, jonka he perustivat yhdess\u00e4 vuonna 1969.<\/p>\n<p class=\"article-content article-content-width !bg-background\">Muusikkolegenda , eli , on kohdannut suuren surun.<\/p>\n<p class=\"article-content article-content-width !bg-background\">Hectorin uraan suuresti vaikuttanut suomenruotsalainen muusikko  on kuollut.<\/p>\n<p class=\"article-content article-content-width !bg-background\">79-vuotiaana menehtyneen Cayn <a href=\"https:\/\/yle.fi\/a\/7-10088434\" target=\"_blank\" rel=\"nofollow noopener\">kuolemasta kertoi ensimm\u00e4isen\u00e4 Yle<\/a>.<\/p>\n<p class=\"article-content article-content-width !bg-background\">Pitk\u00e4ll\u00e4 urallaan Cay ty\u00f6skenteli sek\u00e4 toimittajana ett\u00e4 muusikkona.<\/p>\n<p class=\"article-content article-content-width !bg-background\">Hectorin tavoin Cay teki t\u00f6it\u00e4 nimenomaan radion puolella.<\/p>\n<p>                <img decoding=\"async\" src=\"https:\/\/www.europesays.com\/fi\/wp-content\/uploads\/2025\/11\/1999305.webp\" width=\"576\" height=\"322\" alt=\"Hector perusti Cayn kanssa Cumuluksen, jossa soitti viiden vuoden ajan.\" loading=\"lazy\" \/>            <\/p>\n<p>\n            Hector perusti Cayn kanssa Cumuluksen, jossa soitti viiden vuoden ajan.<br \/>\n            Atte Kajova\n        <\/p>\n<p>Cumulus<\/p>\n<p class=\"article-content article-content-width !bg-background\">Herroja yhdisti legendaarinen folkb\u00e4ndi Cumulus, jonka he perustivat yhdess\u00e4 vuonna 1969.<\/p>\n<p class=\"article-content article-content-width !bg-background\">B\u00e4ndi\u00e4 olivat perustamassa my\u00f6s  sek\u00e4 .<\/p>\n<p class=\"article-content article-content-width !bg-background\">Sittemmin Caysta ja Ankista tuli my\u00f6s aviopari, mutta lopulta rakkaus j\u00e4i puolitiehen.<\/p>\n<p class=\"article-content article-content-width !bg-background\">Cay ty\u00f6skenteli el\u00e4k\u00f6itymiseens\u00e4 asti Ylen ruotsinkielisess\u00e4 toimituksessa.<\/p>\n<p class=\"article-content article-content-width !bg-background\">Yst\u00e4v\u00e4 ja kollega  kuvaa Ylell\u00e4 Cayta monitahoiseksi ihmiseksi, jonka \u201dn\u00f6yryys oli ainutlaatuista\u201d.<\/p>\n<p>                <img decoding=\"async\" src=\"https:\/\/www.europesays.com\/fi\/wp-content\/uploads\/2025\/11\/1999307.webp\" width=\"576\" height=\"720\" alt=\"Hector on n\u00e4hty luonnollisesti Vain el\u00e4m\u00e4\u00e4 - ohjelmassa.\" loading=\"lazy\" \/>            <\/p>\n<p>\n            Hector on n\u00e4hty luonnollisesti Vain el\u00e4m\u00e4\u00e4 &#8211; ohjelmassa.<br \/>\n            Jussi Hellsten\n        <\/p>\n<p>&#8221;Kyky saada ihmiset avautumaan&#8221;<\/p>\n<p class=\"article-content article-content-width !bg-background\">Kjell muistuttaa yst\u00e4v\u00e4ns\u00e4 olleen aikanaan \u201dyksi maan ensimm\u00e4isist\u00e4 teini-idoleista 1960-luvulla\u201d.<\/p>\n<p class=\"article-content article-content-width !bg-background\">Taitoa oli my\u00f6s saada radiotoimittajana ihmisist\u00e4 irti paljon.<\/p>\n<p class=\"article-content article-content-width !bg-background\">\u2013 H\u00e4nell\u00e4 oli kyky saada ihmiset avautumaan vaikeista asioista. Keskustelut, joita h\u00e4n k\u00e4vi Liv i lurenille soittaneiden kanssa, ovat vaikeasti ymm\u00e4rrett\u00e4vi\u00e4 siin\u00e4 mieless\u00e4, ett\u00e4 tavallinen ihminen avautuisi radiossa tuolla tavalla, Kjell kehuu yst\u00e4v\u00e4\u00e4ns\u00e4 Ylell\u00e4.<\/p>\n<p class=\"article-content article-content-width !bg-background\">Kjell kertoo kirjoittavansa yst\u00e4v\u00e4st\u00e4\u00e4n kirjaa ja n\u00e4hneens\u00e4 t\u00e4t\u00e4 s\u00e4\u00e4nn\u00f6llisesti \u2013 viimeksi hieman yli viikko sitten.<\/p>\n","protected":false},"excerpt":{"rendered":"Pasi Murto Herroja yhdisti legendaarinen folkb\u00e4ndi Cumulus, jonka he perustivat yhdess\u00e4 vuonna 1969. Muusikkolegenda , eli , on&hellip;\n","protected":false},"author":2,"featured_media":95411,"comment_status":"","ping_status":"","sticky":false,"template":"","format":"standard","meta":{"footnotes":""},"categories":[136],"tags":[18688,407,18703,137,33,31,30,14541,18704,408,32,1667,109,1149],"class_list":{"0":"post-95410","1":"post","2":"type-post","3":"status-publish","4":"format-standard","5":"has-post-thumbnail","7":"category-julkkikset","8":"tag-cay-karlsson","9":"tag-celebrities","10":"tag-cumulus","11":"tag-entertainment","12":"tag-fi","13":"tag-finland","14":"tag-finnish","15":"tag-hector","16":"tag-heikki-harmaa","17":"tag-julkkikset","18":"tag-suomi","19":"tag-tapahtumat","20":"tag-viihde","21":"tag-yle"},"share_on_mastodon":{"url":"https:\/\/pubeurope.com\/@fi\/115583181561507077","error":""},"_links":{"self":[{"href":"https:\/\/www.europesays.com\/fi\/wp-json\/wp\/v2\/posts\/95410","targetHints":{"allow":["GET"]}}],"collection":[{"href":"https:\/\/www.europesays.com\/fi\/wp-json\/wp\/v2\/posts"}],"about":[{"href":"https:\/\/www.europesays.com\/fi\/wp-json\/wp\/v2\/types\/post"}],"author":[{"embeddable":true,"href":"https:\/\/www.europesays.com\/fi\/wp-json\/wp\/v2\/users\/2"}],"replies":[{"embeddable":true,"href":"https:\/\/www.europesays.com\/fi\/wp-json\/wp\/v2\/comments?post=95410"}],"version-history":[{"count":0,"href":"https:\/\/www.europesays.com\/fi\/wp-json\/wp\/v2\/posts\/95410\/revisions"}],"wp:featuredmedia":[{"embeddable":true,"href":"https:\/\/www.europesays.com\/fi\/wp-json\/wp\/v2\/media\/95411"}],"wp:attachment":[{"href":"https:\/\/www.europesays.com\/fi\/wp-json\/wp\/v2\/media?parent=95410"}],"wp:term":[{"taxonomy":"category","embeddable":true,"href":"https:\/\/www.europesays.com\/fi\/wp-json\/wp\/v2\/categories?post=95410"},{"taxonomy":"post_tag","embeddable":true,"href":"https:\/\/www.europesays.com\/fi\/wp-json\/wp\/v2\/tags?post=95410"}],"curies":[{"name":"wp","href":"https:\/\/api.w.org\/{rel}","templated":true}]}}