{"id":95511,"date":"2025-11-20T19:17:07","date_gmt":"2025-11-20T19:17:07","guid":{"rendered":"https:\/\/www.europesays.com\/fi\/95511\/"},"modified":"2025-11-20T19:17:07","modified_gmt":"2025-11-20T19:17:07","slug":"vilnan-lentokentta-suljettiin-jalleen-ilmapallojen-takia-uutisia-lyhyesti","status":"publish","type":"post","link":"https:\/\/www.europesays.com\/fi\/95511\/","title":{"rendered":"Vilnan lentokentt\u00e4 suljettiin j\u00e4lleen ilmapallojen takia | Uutisia lyhyesti"},"content":{"rendered":"<p>19:11\u2022P\u00e4ivitetty 19:45<\/p>\n<p class=\"aw-1gybjub aw-1p7kakr kEtdKx cEmitX yle__article__paragraph\">Liettuan kriisinhallintakeskus kertoo, ett\u00e4 Vilnan lentokentt\u00e4 on suljettu tutkassa n\u00e4kyvien salakuljettajien ilmapallojen takia.<\/p>\n<p class=\"aw-1gybjub aw-1p7kakr kEtdKx cEmitX yle__article__paragraph\">Finnairin lento kello 19.10 Helsingist\u00e4 Vilnaan on peruttu, selvi\u00e4\u00e4 Finavian sivuilta.<\/p>\n<p class=\"aw-1gybjub aw-1p7kakr kEtdKx cEmitX yle__article__paragraph\">Liettua sulki aiemmin rajanylityspaikkansa Valko-Ven\u00e4j\u00e4lle sen j\u00e4lkeen, kun salakuljettajien ilmapallot keskeyttiv\u00e4t Vilnan lentoaseman liikenteen useita kertoja lokakuussa. Salakuljettajat ovat kuljettaneet ilmapalloilla savukkeita.<\/p>\n<p class=\"aw-1gybjub aw-1p7kakr kEtdKx cEmitX yle__article__paragraph\">Keskiviikkona kerrottiin, ett\u00e4 <a class=\"aw-iao6s4 iHOxEa yle__article__link\" href=\"https:\/\/yle.fi\/a\/74-20195090\" role=\"link\" rel=\"nofollow noopener\" target=\"_blank\">Liettua avaa rajanylityspaikat uudelleen<\/a>.<\/p>\n<p class=\"aw-1gybjub aw-1p7kakr kEtdKx cEmitX yle__article__paragraph\">Uutinen p\u00e4ivittyy.<\/p>\n<p class=\"aw-1gybjub aw-1p7kakr kEtdKx cEmitX yle__article__paragraph\">Reuters<\/p>\n","protected":false},"excerpt":{"rendered":"19:11\u2022P\u00e4ivitetty 19:45 Liettuan kriisinhallintakeskus kertoo, ett\u00e4 Vilnan lentokentt\u00e4 on suljettu tutkassa n\u00e4kyvien salakuljettajien ilmapallojen takia. Finnairin lento kello&hellip;\n","protected":false},"author":2,"featured_media":74,"comment_status":"","ping_status":"","sticky":false,"template":"","format":"standard","meta":{"footnotes":""},"categories":[14],"tags":[4362,22,23,26,27,33,31,30,17,24,25,4209,8251,1161,28,29,15,18,21,32,19,20,56,16,9174,59,60,61],"class_list":{"0":"post-95511","1":"post","2":"type-post","3":"status-publish","4":"format-standard","5":"has-post-thumbnail","7":"category-ulkomaat","8":"tag-baltia","9":"tag-breaking-news","10":"tag-breakingnews","11":"tag-featured-news","12":"tag-featurednews","13":"tag-fi","14":"tag-finland","15":"tag-finnish","16":"tag-headlines","17":"tag-latest-news","18":"tag-latestnews","19":"tag-lentokentat","20":"tag-liettua","21":"tag-liikenne","22":"tag-main-news","23":"tag-mainnews","24":"tag-news","25":"tag-otsikot","26":"tag-paauutiset","27":"tag-suomi","28":"tag-top-stories","29":"tag-topstories","30":"tag-ulkomaat","31":"tag-uutiset","32":"tag-vilna","33":"tag-world","34":"tag-world-news","35":"tag-worldnews"},"share_on_mastodon":{"url":"https:\/\/pubeurope.com\/@fi\/115583637548473698","error":""},"_links":{"self":[{"href":"https:\/\/www.europesays.com\/fi\/wp-json\/wp\/v2\/posts\/95511","targetHints":{"allow":["GET"]}}],"collection":[{"href":"https:\/\/www.europesays.com\/fi\/wp-json\/wp\/v2\/posts"}],"about":[{"href":"https:\/\/www.europesays.com\/fi\/wp-json\/wp\/v2\/types\/post"}],"author":[{"embeddable":true,"href":"https:\/\/www.europesays.com\/fi\/wp-json\/wp\/v2\/users\/2"}],"replies":[{"embeddable":true,"href":"https:\/\/www.europesays.com\/fi\/wp-json\/wp\/v2\/comments?post=95511"}],"version-history":[{"count":0,"href":"https:\/\/www.europesays.com\/fi\/wp-json\/wp\/v2\/posts\/95511\/revisions"}],"wp:featuredmedia":[{"embeddable":true,"href":"https:\/\/www.europesays.com\/fi\/wp-json\/wp\/v2\/media\/74"}],"wp:attachment":[{"href":"https:\/\/www.europesays.com\/fi\/wp-json\/wp\/v2\/media?parent=95511"}],"wp:term":[{"taxonomy":"category","embeddable":true,"href":"https:\/\/www.europesays.com\/fi\/wp-json\/wp\/v2\/categories?post=95511"},{"taxonomy":"post_tag","embeddable":true,"href":"https:\/\/www.europesays.com\/fi\/wp-json\/wp\/v2\/tags?post=95511"}],"curies":[{"name":"wp","href":"https:\/\/api.w.org\/{rel}","templated":true}]}}