{"id":95516,"date":"2025-11-20T19:31:10","date_gmt":"2025-11-20T19:31:10","guid":{"rendered":"https:\/\/www.europesays.com\/fi\/95516\/"},"modified":"2025-11-20T19:31:10","modified_gmt":"2025-11-20T19:31:10","slug":"hector-sai-kuulla-surulliset-uutiset","status":"publish","type":"post","link":"https:\/\/www.europesays.com\/fi\/95516\/","title":{"rendered":"Hector sai kuulla surulliset uutiset"},"content":{"rendered":"<p>Laulajalegenda Hector on kohdannut surullisia uutisia.<\/p>\n<p>Hectorin pitk\u00e4aikainen yst\u00e4v\u00e4, muusikko ja toimittaja Cay Karlsson on kuollut 79 vuoden i\u00e4ss\u00e4. Kuolemasta kertoi ensimm\u00e4isen\u00e4 <a href=\"https:\/\/www.is.fi\/viihde\/art-2000011640578.html?\" rel=\"nofollow noopener\" target=\"_blank\">Ilta-Sanomat.<\/a><\/p>\n<p>Karlsson ja Heikki Harma perustivat folkb\u00e4ndi Cumuluksen vuonna 1969. B\u00e4ndin perustajiin kuuluivat my\u00f6s Sakari Lehtinen ja Anki Lindqvist. Karlsson ja Lindqvist olivat my\u00f6hemmin aviopari.<\/p>\n<p>Hector soitti Cumuluksessa viiden vuoden ajan.<\/p>\n<p>Karlssonin katsotaan olleen my\u00f6s yksi maan ensimm\u00e4isist\u00e4 teini-idoleista 1960-luvulla. H\u00e4n toimi my\u00f6s toimittajana.<\/p>\n<p><img loading=\"lazy\" height=\"429\" width=\"648\" class=\"wp-block-cover__image-background wp-image-125583 sp-no-webp perfmatters-lazy\" alt=\"\" decoding=\"async\" data-object-fit=\"cover\" src=\"https:\/\/www.europesays.com\/fi\/wp-content\/uploads\/2025\/11\/image-3-93-648x429.jpg\"  data-\/> <\/p>\n<p>Cumulus-folkmusiikkiyhtye Helsingiss\u00e4 1.12.1971. Vasemmalta oikealle: Heikki Harma \u201dHector\u201d, Cay Karlsson, Sakari Lehtinen ja Petri Hohenthal. Edess\u00e4 Anki Lindqvist.<br \/>Kuva: Fred Ohert\/Wikimedia Commons<\/p>\n<p>Lue my\u00f6s: <a href=\"https:\/\/www.como.fi\/tilaa-comon-uutiskirje\/\" title=\"Tilaa Comon uutiskirje ja tied\u00e4t mist\u00e4 kahvitauolla puhutaan! Nappaa kotimaan tv-vinkit ja puheenaiheet suoraan s\u00e4hk\u00f6postiin t\u00e4st\u00e4.\" class=\"underline-custom !font-montserrat !font-bold !underline-offset-4 !decoration-4 !decoration-red-600 !text-md\" rel=\"nofollow noopener\" target=\"_blank\">Tilaa Comon uutiskirje ja tied\u00e4t mist\u00e4 kahvitauolla puhutaan! Nappaa kotimaan tv-vinkit ja puheenaiheet suoraan s\u00e4hk\u00f6postiin t\u00e4st\u00e4.<\/a><\/p>\n","protected":false},"excerpt":{"rendered":"Laulajalegenda Hector on kohdannut surullisia uutisia. Hectorin pitk\u00e4aikainen yst\u00e4v\u00e4, muusikko ja toimittaja Cay Karlsson on kuollut 79 vuoden&hellip;\n","protected":false},"author":2,"featured_media":95517,"comment_status":"","ping_status":"","sticky":false,"template":"","format":"standard","meta":{"footnotes":""},"categories":[136],"tags":[407,137,33,31,30,14541,408,32,109],"class_list":{"0":"post-95516","1":"post","2":"type-post","3":"status-publish","4":"format-standard","5":"has-post-thumbnail","7":"category-julkkikset","8":"tag-celebrities","9":"tag-entertainment","10":"tag-fi","11":"tag-finland","12":"tag-finnish","13":"tag-hector","14":"tag-julkkikset","15":"tag-suomi","16":"tag-viihde"},"share_on_mastodon":{"url":"https:\/\/pubeurope.com\/@fi\/115583692595048607","error":""},"_links":{"self":[{"href":"https:\/\/www.europesays.com\/fi\/wp-json\/wp\/v2\/posts\/95516","targetHints":{"allow":["GET"]}}],"collection":[{"href":"https:\/\/www.europesays.com\/fi\/wp-json\/wp\/v2\/posts"}],"about":[{"href":"https:\/\/www.europesays.com\/fi\/wp-json\/wp\/v2\/types\/post"}],"author":[{"embeddable":true,"href":"https:\/\/www.europesays.com\/fi\/wp-json\/wp\/v2\/users\/2"}],"replies":[{"embeddable":true,"href":"https:\/\/www.europesays.com\/fi\/wp-json\/wp\/v2\/comments?post=95516"}],"version-history":[{"count":0,"href":"https:\/\/www.europesays.com\/fi\/wp-json\/wp\/v2\/posts\/95516\/revisions"}],"wp:featuredmedia":[{"embeddable":true,"href":"https:\/\/www.europesays.com\/fi\/wp-json\/wp\/v2\/media\/95517"}],"wp:attachment":[{"href":"https:\/\/www.europesays.com\/fi\/wp-json\/wp\/v2\/media?parent=95516"}],"wp:term":[{"taxonomy":"category","embeddable":true,"href":"https:\/\/www.europesays.com\/fi\/wp-json\/wp\/v2\/categories?post=95516"},{"taxonomy":"post_tag","embeddable":true,"href":"https:\/\/www.europesays.com\/fi\/wp-json\/wp\/v2\/tags?post=95516"}],"curies":[{"name":"wp","href":"https:\/\/api.w.org\/{rel}","templated":true}]}}