{"id":95521,"date":"2025-11-20T19:38:09","date_gmt":"2025-11-20T19:38:09","guid":{"rendered":"https:\/\/www.europesays.com\/fi\/95521\/"},"modified":"2025-11-20T19:38:09","modified_gmt":"2025-11-20T19:38:09","slug":"entinen-f1-kuljettaja-felipe-massa-saattaa-saada-jattikorvaukset-urheilua-lyhyesti","status":"publish","type":"post","link":"https:\/\/www.europesays.com\/fi\/95521\/","title":{"rendered":"Entinen F1-kuljettaja Felipe Massa saattaa saada j\u00e4ttikorvaukset | Urheilua lyhyesti"},"content":{"rendered":"<p class=\"aw-1gybjub aw-5vja16 kEtdKx kmuxyA yle__article__paragraph\">Formula ykk\u00f6sten vuoden 2008 mestaruuskamppailun tapahtumia puidaan edelleen.  <\/p>\n<p><img decoding=\"async\" alt=\"\" src=\"https:\/\/www.europesays.com\/fi\/wp-content\/uploads\/2025\/11\/14-svyle-151398531974fb8e228.jpeg\" class=\"aw-1l9m598 hKVVvP\"\/><\/p>\n<p>Avaa kuvien katselu<\/p>\n<p>Felipe Massa kuului formula ykk\u00f6sten t\u00e4htikuljettajiin. Kuva: EPA\/DIEGO AZUBEL<\/p>\n<p>20:49\u2022P\u00e4ivitetty 21:01<\/p>\n<p class=\"aw-1gybjub aw-1p7kakr kEtdKx cEmitX yle__article__paragraph\">Lontoolainen oikeusistuin linjasi torstaina, ett\u00e4 brasilialaisen kilpa-ajajan <strong class=\"aw-ak79eh KyCXm yle__article__strong\">Felipe Massan<\/strong> kanne Kansainv\u00e4list\u00e4 autoliittoa (FIA), F1-sarjaa hallinnoivaa Formula One Managementia ja sen entist\u00e4 johtajaa <strong class=\"aw-ak79eh KyCXm yle__article__strong\">Bernie Ecclestonea<\/strong> vastaan jatkuu ainakin osittain. Asiasta kertoivat torstaina muun muassa Guardian ja Autosport.<\/p>\n<p class=\"aw-1gybjub aw-1p7kakr kEtdKx cEmitX yle__article__paragraph\">Massa on vaatinut 64 miljoonan punnan eli vajaan 73 miljoonan euron korvausta ja vuoden 2008 F1-mestaruuden saamisesta itselleen. Ferrarilla ajanut Massa h\u00e4visi kyseisen kauden mestaruuden pisteell\u00e4 McLarenin <strong class=\"aw-ak79eh KyCXm yle__article__strong\">Lewis Hamiltonille<\/strong>.<\/p>\n<p class=\"aw-1gybjub aw-1p7kakr kEtdKx cEmitX yle__article__paragraph\">My\u00f6hemmin kuitenkin paljastui, ett\u00e4 Renault&#8217;n <strong class=\"aw-ak79eh KyCXm yle__article__strong\">Nelson Piquet jr.<\/strong> ajoi Singaporen osakilpailussa tahallaan sein\u00e4\u00e4n auttaakseen tallikaverinsa <strong class=\"aw-ak79eh KyCXm yle__article__strong\">Fernando Alonson<\/strong> kisan voittajaksi. Singaporen k\u00e4\u00e4nteet nousivat esille vuonna 2023, kun Ecclestone kertoi julkisuudessa tienneens\u00e4 Renault-tallin toiminnasta.<\/p>\n<p class=\"aw-1gybjub aw-1p7kakr kEtdKx cEmitX yle__article__paragraph\">Massa uskoo, ett\u00e4 h\u00e4n olisi voittanut mestaruuden ilman Renault&#8217;n s\u00e4\u00e4nt\u00f6jenvastaista toimintaa.<\/p>\n<p class=\"aw-1gybjub aw-1p7kakr kEtdKx cEmitX yle__article__paragraph\">Torstaina valmisteluistunnossa lontoolainen oikeusistuin ei hyl\u00e4nnyt Massan korvausvaatimuskannetta, joten asia etenee oikeudessa. Tuomari <strong class=\"aw-ak79eh KyCXm yle__article__strong\">Robert Jay<\/strong> kuitenkin totesi, ettei oikeus voi kumota kauden 2008 MM-tuloksia.<\/p>\n","protected":false},"excerpt":{"rendered":"Formula ykk\u00f6sten vuoden 2008 mestaruuskamppailun tapahtumia puidaan edelleen. Avaa kuvien katselu Felipe Massa kuului formula ykk\u00f6sten t\u00e4htikuljettajiin. Kuva:&hellip;\n","protected":false},"author":2,"featured_media":95522,"comment_status":"","ping_status":"","sticky":false,"template":"","format":"standard","meta":{"footnotes":""},"categories":[158],"tags":[3701,18709,33,31,30,3437,6633,83,5081,159,32,160],"class_list":{"0":"post-95521","1":"post","2":"type-post","3":"status-publish","4":"format-standard","5":"has-post-thumbnail","7":"category-urheilu","8":"tag-autourheilu","9":"tag-felipe-massa","10":"tag-fi","11":"tag-finland","12":"tag-finnish","13":"tag-formula-1","14":"tag-formula-1-kuljettaja","15":"tag-moottoriurheilu","16":"tag-singapore","17":"tag-sports","18":"tag-suomi","19":"tag-urheilu"},"share_on_mastodon":{"url":"https:\/\/pubeurope.com\/@fi\/115583720253881219","error":""},"_links":{"self":[{"href":"https:\/\/www.europesays.com\/fi\/wp-json\/wp\/v2\/posts\/95521","targetHints":{"allow":["GET"]}}],"collection":[{"href":"https:\/\/www.europesays.com\/fi\/wp-json\/wp\/v2\/posts"}],"about":[{"href":"https:\/\/www.europesays.com\/fi\/wp-json\/wp\/v2\/types\/post"}],"author":[{"embeddable":true,"href":"https:\/\/www.europesays.com\/fi\/wp-json\/wp\/v2\/users\/2"}],"replies":[{"embeddable":true,"href":"https:\/\/www.europesays.com\/fi\/wp-json\/wp\/v2\/comments?post=95521"}],"version-history":[{"count":0,"href":"https:\/\/www.europesays.com\/fi\/wp-json\/wp\/v2\/posts\/95521\/revisions"}],"wp:featuredmedia":[{"embeddable":true,"href":"https:\/\/www.europesays.com\/fi\/wp-json\/wp\/v2\/media\/95522"}],"wp:attachment":[{"href":"https:\/\/www.europesays.com\/fi\/wp-json\/wp\/v2\/media?parent=95521"}],"wp:term":[{"taxonomy":"category","embeddable":true,"href":"https:\/\/www.europesays.com\/fi\/wp-json\/wp\/v2\/categories?post=95521"},{"taxonomy":"post_tag","embeddable":true,"href":"https:\/\/www.europesays.com\/fi\/wp-json\/wp\/v2\/tags?post=95521"}],"curies":[{"name":"wp","href":"https:\/\/api.w.org\/{rel}","templated":true}]}}