{"id":95539,"date":"2025-11-20T20:09:09","date_gmt":"2025-11-20T20:09:09","guid":{"rendered":"https:\/\/www.europesays.com\/fi\/95539\/"},"modified":"2025-11-20T20:09:09","modified_gmt":"2025-11-20T20:09:09","slug":"robert-f-kennedy-jrn-ja-olivia-nuzzin-salasuhde-nousi-taas-esiin-yhdysvalloissa","status":"publish","type":"post","link":"https:\/\/www.europesays.com\/fi\/95539\/","title":{"rendered":"Robert F. Kennedy jr:n ja Olivia Nuzzin salasuhde nousi taas esiin Yhdysvalloissa"},"content":{"rendered":"<p>Olivia Nuzzi nosti muistelmateoksessaan esiin yksityiskohtia suhteesta.<\/p>\n<p class=\"article-body mb-nof-24 px-nof-16\">Yhdysvaltain terveysministerin <a class=\"article-personlink\" href=\"https:\/\/www.is.fi\/haku\/?query=Robert%20F.%20Kennedy\" rel=\"nofollow noopener\" target=\"_blank\">Robert F. Kennedy <\/a>juniorin, 71, ja toimittaja <a class=\"article-personlink\" href=\"https:\/\/www.is.fi\/haku\/?query=Olivia%20Nuzzin\" rel=\"nofollow noopener\" target=\"_blank\">Olivia Nuzzin<\/a>, 32, suhde nousi j\u00e4lleen n\u00e4ytt\u00e4v\u00e4sti esiin Yhdysvalloissa.<\/p>\n<p class=\"article-body mb-nof-24 px-nof-16\">Tunnettu politiikan toimittaja Nuzzi julkaisi t\u00e4ll\u00e4 viikolla otteen muistelmateoksestaan \u200b\u200bAmerican Canto. Siin\u00e4 h\u00e4n kuvailee yksityiskohtaisesti tunteellista suhdettaan entisen presidenttiehdokkaan Kennedyn kanssa. Nuzzi ei mainitse Kennedy\u00e4 miss\u00e4\u00e4n kohdassa nimelt\u00e4 vaan kutsuu t\u00e4t\u00e4 &#8221;poliitikoksi&#8221;.<\/p>\n<p class=\"article-body mb-nof-24 px-nof-16\">Asiasta kirjoittivat lukuisten yhdysvaltalaisten tiedotusv\u00e4lineiden ohella muun muassa brittilehdet <a class=\"article-genericlink\" href=\"https:\/\/www.independent.co.uk\/news\/world\/americas\/us-politics\/rfk-jr-olivia-nuzzi-new-book-baby-b2865625.html\" rel=\"nofollow noopener\" target=\"_blank\">Independent<\/a> ja <a class=\"article-genericlink\" href=\"https:\/\/www.theguardian.com\/media\/2025\/nov\/19\/rfk-jr-olivia-nuzzi-ryan-lizza\" rel=\"nofollow noopener\" target=\"_blank\">Guardian<\/a>.<\/p>\n<p class=\"article-body mb-nof-24 px-nof-16\">Teoksen mukaan Kennedy oli kirjoittanut Nuzzille runoja ja kertonut Nuzzille \u201dottavansa luodin t\u00e4m\u00e4n puolesta\u201d ja. Teoksessa kerrotaan my\u00f6s, ett\u00e4 Nuzzi neuvoi Kennedy\u00e4 kampanja-asioissa, erityisesti kuolleen karhun ruhojutussa. Nuzzi v\u00e4itt\u00e4\u00e4 muistelmissaan my\u00f6s, ett\u00e4 Kennedy halusi Nuzzin kanssa lapsen.<\/p>\n<p class=\"article-body mb-nof-24 px-nof-16\">Lue lis\u00e4\u00e4: <a class=\"article-genericlink\" href=\"https:\/\/www.is.fi\/ulkomaat\/art-2000010609289.html\" rel=\"nofollow noopener\" target=\"_blank\">Presidenttiehdokas tunnustaa: heitti kuolleen karhunpennun New Yorkin Keskuspuistoon<\/a><\/p>\n<p class=\"article-body mb-nof-24 px-nof-16\">Kennedy on naimisissa n\u00e4yttelij\u00e4 <a class=\"article-personlink\" href=\"https:\/\/www.is.fi\/haku\/?query=Cheryl%20Hinesin\" rel=\"nofollow noopener\" target=\"_blank\">Cheryl Hinesin<\/a> kanssa. Ministeri on kiist\u00e4nyt suhteen ja v\u00e4itt\u00e4nyt tavanneensa Nuzzin vain kerran t\u00e4m\u00e4n pyyt\u00e4m\u00e4\u00e4 haastattelua varten. H\u00e4n ei ole kommentoinut Nuzzin teoksen muistelmaotteita.<\/p>\n<p><img decoding=\"async\" src=\"https:\/\/www.europesays.com\/fi\/wp-content\/uploads\/2025\/11\/1763669348_330_468.jpg\" alt=\"Saatuaan l\u00e4hte\u00e4 New York Magazinesta Olivia Nuzzi on jatkanut t\u00f6it\u00e4\u00e4n Vanity Fair -lehden palveluksessa.\" class=\"_Img_1rerz_1\" style=\"aspect-ratio:1.5\" loading=\"eager\"\/><\/p>\n<p class=\"article-picture-caption\">Saatuaan l\u00e4hte\u00e4 New York Magazinesta Olivia Nuzzi on jatkanut t\u00f6it\u00e4\u00e4n Vanity Fair -lehden palveluksessa. Kuva:\u00a0Matt Baron \/BEI \/ Shutterstock \/ AOP<\/p>\n<p class=\"article-body mb-nof-24 px-nof-16\">Nuzzin ja Kennedyn suhde paljastui syyskuussa 2024, kun entinen CNN:n toimittaja <a class=\"article-personlink\" href=\"https:\/\/www.is.fi\/haku\/?query=Oliver%20Darcy\" rel=\"nofollow noopener\" target=\"_blank\">Oliver Darcy<\/a> raportoi uutiskirjeess\u00e4\u00e4n, ett\u00e4 Nuzzi &#8221;oli sopimattomassa suhteessa&#8221; presidenttiehdokas Kennedyn kanssa.<\/p>\n<p class=\"article-body mb-nof-24 px-nof-16\">Nuzzi oli kirjoittanut Kennedyst\u00e4 laajan artikkelin edustamaansa New York Magazineen marraskuussa 2023. Nuzzi m\u00e4\u00e4r\u00e4ttiin virkavapaalle, kun h\u00e4n my\u00f6nsi olleensa platonisessa \u201dhenkil\u00f6kohtaisessa suhteessa&#8221; Kennedyn kanssa.<\/p>\n<p class=\"article-body mb-nof-24 px-nof-16\">New York Magazine sanoi, ett\u00e4 Nuzzin teot rikkoivat &#8221;lehden eturistiriitoja ja tiedonantoja koskevia standardeja\u201d. Lehti korosti, ett\u00e4 jos se olisi ollut tietoinen suhteesta, Nuzzi ei olisi saanut jatkaa presidentinvaalikampanjan raportointia.<\/p>\n<p><img decoding=\"async\" src=\"https:\/\/www.europesays.com\/fi\/wp-content\/uploads\/2025\/11\/1763669349_411_468.jpg\" alt=\"Robert F. Kennedy jr. ei ole kommentoinut teoksen v\u00e4itteit\u00e4.\" class=\"_Img_1rerz_1\" style=\"aspect-ratio:1.5\" loading=\"eager\"\/><\/p>\n<p class=\"article-picture-caption\">Robert F. Kennedy jr. ei ole kommentoinut teoksen v\u00e4itteit\u00e4. Kuva:\u00a0Alex Wong \/ AFP \/ Lehtikuva<\/p>\n<p class=\"article-body mb-nof-24 px-nof-16\">Vaikka Nuzzin artikkeleista ei l\u00f6ydetty ep\u00e4tarkkuuksia tai todisteita puolueellisuudesta, lehti pyysi lukijoiltaan anteeksi luottamuksen pett\u00e4mist\u00e4. Lokakuussa 2024 Nuzzi lopetti ty\u00f6t lehden palveluksessa.<\/p>\n<p class=\"article-body mb-nof-24 px-nof-16\">Nuzzin entinen kihlattu ja entinen Politico-lehden kirjeenvaihtaja <a class=\"article-personlink\" href=\"https:\/\/www.is.fi\/haku\/?query=Ryan%20Lizza\" rel=\"nofollow noopener\" target=\"_blank\">Ryan Lizza<\/a> julkaisi alkuviikosta kirjoituksen, jossa h\u00e4n kertoi p\u00e4iv\u00e4st\u00e4, jolloin h\u00e4n sai tiet\u00e4\u00e4 Nuzzin pett\u00e4neen h\u00e4nt\u00e4. Ei kuitenkaan Kennedyn kanssa, kuten olisi voinut odottaa, vaan toisen entisen presidenttiehdokkaan <a class=\"article-personlink\" href=\"https:\/\/www.is.fi\/haku\/?query=Mark%20Sanfordin\" rel=\"nofollow noopener\" target=\"_blank\">Mark Sanfordin<\/a> kanssa jo vuonna 2020.<\/p>\n","protected":false},"excerpt":{"rendered":"Olivia Nuzzi nosti muistelmateoksessaan esiin yksityiskohtia suhteesta. Yhdysvaltain terveysministerin Robert F. Kennedy juniorin, 71, ja toimittaja Olivia Nuzzin,&hellip;\n","protected":false},"author":2,"featured_media":95540,"comment_status":"","ping_status":"","sticky":false,"template":"","format":"standard","meta":{"footnotes":""},"categories":[14],"tags":[22,23,26,27,33,31,30,17,34,24,25,28,29,15,18,21,32,19,20,56,16,59,60,61],"class_list":{"0":"post-95539","1":"post","2":"type-post","3":"status-publish","4":"format-standard","5":"has-post-thumbnail","7":"category-ulkomaat","8":"tag-breaking-news","9":"tag-breakingnews","10":"tag-featured-news","11":"tag-featurednews","12":"tag-fi","13":"tag-finland","14":"tag-finnish","15":"tag-headlines","16":"tag-ilta-sanomat","17":"tag-latest-news","18":"tag-latestnews","19":"tag-main-news","20":"tag-mainnews","21":"tag-news","22":"tag-otsikot","23":"tag-paauutiset","24":"tag-suomi","25":"tag-top-stories","26":"tag-topstories","27":"tag-ulkomaat","28":"tag-uutiset","29":"tag-world","30":"tag-world-news","31":"tag-worldnews"},"share_on_mastodon":{"url":"https:\/\/pubeurope.com\/@fi\/115583842204268824","error":""},"_links":{"self":[{"href":"https:\/\/www.europesays.com\/fi\/wp-json\/wp\/v2\/posts\/95539","targetHints":{"allow":["GET"]}}],"collection":[{"href":"https:\/\/www.europesays.com\/fi\/wp-json\/wp\/v2\/posts"}],"about":[{"href":"https:\/\/www.europesays.com\/fi\/wp-json\/wp\/v2\/types\/post"}],"author":[{"embeddable":true,"href":"https:\/\/www.europesays.com\/fi\/wp-json\/wp\/v2\/users\/2"}],"replies":[{"embeddable":true,"href":"https:\/\/www.europesays.com\/fi\/wp-json\/wp\/v2\/comments?post=95539"}],"version-history":[{"count":0,"href":"https:\/\/www.europesays.com\/fi\/wp-json\/wp\/v2\/posts\/95539\/revisions"}],"wp:featuredmedia":[{"embeddable":true,"href":"https:\/\/www.europesays.com\/fi\/wp-json\/wp\/v2\/media\/95540"}],"wp:attachment":[{"href":"https:\/\/www.europesays.com\/fi\/wp-json\/wp\/v2\/media?parent=95539"}],"wp:term":[{"taxonomy":"category","embeddable":true,"href":"https:\/\/www.europesays.com\/fi\/wp-json\/wp\/v2\/categories?post=95539"},{"taxonomy":"post_tag","embeddable":true,"href":"https:\/\/www.europesays.com\/fi\/wp-json\/wp\/v2\/tags?post=95539"}],"curies":[{"name":"wp","href":"https:\/\/api.w.org\/{rel}","templated":true}]}}