{"id":95546,"date":"2025-11-20T20:28:08","date_gmt":"2025-11-20T20:28:08","guid":{"rendered":"https:\/\/www.europesays.com\/fi\/95546\/"},"modified":"2025-11-20T20:28:08","modified_gmt":"2025-11-20T20:28:08","slug":"harry-potter-sarjan-tulevaisuudesta-paljastettiin-jattimainen-tieto","status":"publish","type":"post","link":"https:\/\/www.europesays.com\/fi\/95546\/","title":{"rendered":"Harry Potter -sarjan tulevaisuudesta paljastettiin j\u00e4ttim\u00e4inen tieto"},"content":{"rendered":"<p>HBO pit\u00e4\u00e4 parhaillaan tulevaisuuden n\u00e4kymi\u00e4 peilaavaa tilaisuutta New Yorkissa, ja toimitusjohtaja <strong>Casey Bloys <\/strong>on kertonut jo muun muassa Game of Thrones -sarjojen tulevaisuudesta.<\/p>\n<p>Nyt on Harry Potterin vuoro \u2013 eik\u00e4 uutinen v\u00e4ltt\u00e4m\u00e4tt\u00e4 yll\u00e4t\u00e4, mutta ainakin se on nyt virallista.<\/p>\n<p>Lue my\u00f6s: <a href=\"https:\/\/www.episodi.fi\/uutiset\/nyt-hbo-maxissa-maaginen-harry-potter-leipurikisailu-kaynnisti-kakkoskautensa\/\" title=\"Nyt HBO Maxissa: Maaginen Harry Potter -leipurikisailu k\u00e4ynnisti kakkoskautensa\" class=\"underline-custom !font-montserrat !font-bold !underline-offset-4 !decoration-4 !decoration-episodi-blue !text-md\" rel=\"nofollow noopener\" target=\"_blank\">Nyt HBO Maxissa: Maaginen Harry Potter -leipurikisailu k\u00e4ynnisti kakkoskautensa<\/a><\/p>\n<p>Lue my\u00f6s: <a href=\"https:\/\/www.episodi.fi\/uutiset\/twilightin-perinto-taytta-tauhkaa-vai-parempi-kuin-muistitkaan\/\" title=\"Twilightin perint\u00f6 \u2013 t\u00e4ytt\u00e4 tauhkaa vai parempi kuin muistitkaan?\" class=\"underline-custom !font-montserrat !font-bold !underline-offset-4 !decoration-4 !decoration-episodi-blue !text-md\" rel=\"nofollow noopener\" target=\"_blank\">Twilightin perint\u00f6 \u2013 t\u00e4ytt\u00e4 tauhkaa vai parempi kuin muistitkaan?<\/a><\/p>\n<p>Nimitt\u00e4in vaikka Harry Potter -sarjan ensimm\u00e4ist\u00e4 kautta kuvataan parhaillaan, on toisen kauden k\u00e4sikirjoitusten kirjoittaminen k\u00e4ynnistynyt jo.<\/p>\n<p>Ihan j\u00e4rkev\u00e4 temppu, kun ajatellaan miten esimerkiksi Stranger Things -sarjan lapsit\u00e4hdet ovat jo kasvaneet aikuisiksi, vaikka sarjan viides ja viimeinen kausi on vasta k\u00e4ynnistym\u00e4ss\u00e4.<\/p>\n<p>Tuleva sarja on kirjauskollinen versio megasuosituista<strong> J. K. Rowlingin <\/strong>kirjoista, mutta se ei ole silti voittanut kaikkia vanhoja faneja viel\u00e4 puolelleen.<\/p>\n<p>L\u00e4hde: <a href=\"https:\/\/screenrant.com\/harry-potter-season-2-update-scripts-filming-hbo\/\" target=\"_blank\" rel=\"noreferrer noopener nofollow\">Screenrant<\/a><\/p>\n<p>Lue my\u00f6s: <a href=\"https:\/\/www.episodi.fi\/uutiskirje\/?uutiskirjemainos=tekstilinkkimainos\" title=\"Tilaa Episodin uutiskirje ja voit voittaa leffalippuja! Nappaa tv-vinkit suoraan s\u00e4hk\u00f6postiin t\u00e4st\u00e4.\" class=\"underline-custom !font-montserrat !font-bold !underline-offset-4 !decoration-4 !decoration-episodi-blue !text-md\" rel=\"nofollow noopener\" target=\"_blank\">Tilaa Episodin uutiskirje ja voit voittaa leffalippuja! Nappaa katseluvinkit suoraan s\u00e4hk\u00f6postiin t\u00e4st\u00e4.<\/a><\/p>\n","protected":false},"excerpt":{"rendered":"HBO pit\u00e4\u00e4 parhaillaan tulevaisuuden n\u00e4kymi\u00e4 peilaavaa tilaisuutta New Yorkissa, ja toimitusjohtaja Casey Bloys on kertonut jo muun muassa&hellip;\n","protected":false},"author":2,"featured_media":95547,"comment_status":"","ping_status":"","sticky":false,"template":"","format":"standard","meta":{"footnotes":""},"categories":[131],"tags":[155,137,33,173,31,30,4207,280,7547,172,32,109],"class_list":{"0":"post-95546","1":"post","2":"type-post","3":"status-publish","4":"format-standard","5":"has-post-thumbnail","7":"category-elokuvat","8":"tag-elokuvat","9":"tag-entertainment","10":"tag-fi","11":"tag-film","12":"tag-finland","13":"tag-finnish","14":"tag-harry-potter","15":"tag-hbo-max","16":"tag-jk-rowling","17":"tag-movies","18":"tag-suomi","19":"tag-viihde"},"share_on_mastodon":{"url":"https:\/\/pubeurope.com\/@fi\/115583916610792432","error":""},"_links":{"self":[{"href":"https:\/\/www.europesays.com\/fi\/wp-json\/wp\/v2\/posts\/95546","targetHints":{"allow":["GET"]}}],"collection":[{"href":"https:\/\/www.europesays.com\/fi\/wp-json\/wp\/v2\/posts"}],"about":[{"href":"https:\/\/www.europesays.com\/fi\/wp-json\/wp\/v2\/types\/post"}],"author":[{"embeddable":true,"href":"https:\/\/www.europesays.com\/fi\/wp-json\/wp\/v2\/users\/2"}],"replies":[{"embeddable":true,"href":"https:\/\/www.europesays.com\/fi\/wp-json\/wp\/v2\/comments?post=95546"}],"version-history":[{"count":0,"href":"https:\/\/www.europesays.com\/fi\/wp-json\/wp\/v2\/posts\/95546\/revisions"}],"wp:featuredmedia":[{"embeddable":true,"href":"https:\/\/www.europesays.com\/fi\/wp-json\/wp\/v2\/media\/95547"}],"wp:attachment":[{"href":"https:\/\/www.europesays.com\/fi\/wp-json\/wp\/v2\/media?parent=95546"}],"wp:term":[{"taxonomy":"category","embeddable":true,"href":"https:\/\/www.europesays.com\/fi\/wp-json\/wp\/v2\/categories?post=95546"},{"taxonomy":"post_tag","embeddable":true,"href":"https:\/\/www.europesays.com\/fi\/wp-json\/wp\/v2\/tags?post=95546"}],"curies":[{"name":"wp","href":"https:\/\/api.w.org\/{rel}","templated":true}]}}