{"id":95548,"date":"2025-11-20T20:30:14","date_gmt":"2025-11-20T20:30:14","guid":{"rendered":"https:\/\/www.europesays.com\/fi\/95548\/"},"modified":"2025-11-20T20:30:14","modified_gmt":"2025-11-20T20:30:14","slug":"jussi-tapola-leijonien-paavalmentajaksi-tai-hifkn-urheilujohtajaksi","status":"publish","type":"post","link":"https:\/\/www.europesays.com\/fi\/95548\/","title":{"rendered":"Jussi Tapola Leijonien p\u00e4\u00e4valmentajaksi? Tai HIFK:n urheilujohtajaksi?"},"content":{"rendered":"<p>Jussi Tapolaa on spekuloitu Leijonien p\u00e4\u00e4valmentajaksi ja nyt my\u00f6s HIFK:n seuraavaksi urheilujohtajaksi. Toistaiseksi mestarivalmentaja tarkkailee tilannetta Sveitsiss\u00e4 ja pohtii my\u00f6s SM-liigan kohtalonkysymyksi\u00e4.<\/p>\n<p class=\"article-body mb-nof-24 px-nof-16\">Mit\u00e4 tekee <a class=\"article-personlink\" href=\"https:\/\/www.is.fi\/haku\/?query=Jussi%20Tapola\" rel=\"nofollow noopener\" target=\"_blank\">Jussi Tapola<\/a>?<\/p>\n<p class=\"article-body mb-nof-24 px-nof-16\">Siin\u00e4 on yksi t\u00e4m\u00e4n hetken polttavimmista kysymyksist\u00e4 suomalaisissa j\u00e4\u00e4kiekkoympyr\u00f6iss\u00e4.<\/p>\n<p class=\"article-body mb-nof-24 px-nof-16\">Tapola, 51, asustelee yh\u00e4 Sveitsiss\u00e4, jossa h\u00e4n sai lokakuun alussa potkut SC Bernin p\u00e4\u00e4valmentajan paikalta. Kyseess\u00e4 oli Tapolan kolmas kausi seurassa.<\/p>\n<p class=\"article-body mb-nof-24 px-nof-16\">Kiire Tapolalla ei ole viel\u00e4 mihink\u00e4\u00e4n. H\u00e4nen sopimuksensa suurseuran kanssa ulottui kev\u00e4\u00e4seen, joten palkka juoksee sinne asti.<\/p>\n<p class=\"article-body mb-nof-24 px-nof-16\">\u2013 Katson nyt j\u00e4\u00e4kiekkoa monipuolisesti ja keskityn maajoukkueeseen, vaikka en olympialaisiin menek\u00e4\u00e4n, toista kauttaan Leijonissa apuvalmentajana toimiva Tapola sanoo.<\/p>\n<p><img decoding=\"async\" src=\"https:\/\/www.europesays.com\/fi\/wp-content\/uploads\/2025\/11\/1763670610_83_468.jpg\" alt=\"Tapolan kaksi ensimm\u00e4ist\u00e4 kautta Bernin per\u00e4simess\u00e4 p\u00e4\u00e4ttyi putoamiseen puoliv\u00e4lierien seiskapeliss\u00e4. Kun kolmas kausi alkoi tahmeasti, seurajohto antoi suomalaisvalmentajalle potkut.\" class=\"_Img_1rerz_1\" style=\"aspect-ratio:1.6188870151770658\" loading=\"eager\"\/><\/p>\n<p class=\"article-picture-caption\">Tapolan kaksi ensimm\u00e4ist\u00e4 kautta Bernin per\u00e4simess\u00e4 p\u00e4\u00e4ttyi putoamiseen puoliv\u00e4lierien seiskapeliss\u00e4. Kun kolmas kausi alkoi tahmeasti, seurajohto antoi suomalaisvalmentajalle potkut. Kuva:\u00a0All Over Press<\/p>\n<p class=\"article-body mb-nof-24 px-nof-16\">Tapolan mielest\u00e4 nyt k\u00e4ynniss\u00e4 oleva heng\u00e4hdystauko on toisaalta mukavaakin vaihtelua hektisten valmennusvuosien j\u00e4lkeen. Toisaalta mieli tekisi jo takaisin j\u00e4\u00e4kiekkoarkeen.<\/p>\n<p class=\"article-body mb-nof-24 px-nof-16\">Mit\u00e4 Tapparan nelj\u00e4n Suomen mestaruuden kultasormi nyt sitten oikein meinaa?<\/p>\n<p class=\"article-body mb-nof-24 px-nof-16\">\u2013 Sanotaan n\u00e4in, ett\u00e4 kaikki j\u00e4\u00e4kiekkoty\u00f6 kiinnostaa. En ole miss\u00e4\u00e4n nimess\u00e4 poissulkenut mit\u00e4\u00e4n vaihtoehtoa.<\/p>\n<p class=\"article-body mb-nof-24 px-nof-16\">\u2013 On ollut tosi hieno asia p\u00e4\u00e4st\u00e4 maajoukkueen mukaan. Nyt koetan l\u00f6yt\u00e4\u00e4 sopivan projektin. Oli se sitten valmentamista tai jotakin muuta j\u00e4\u00e4kiekon parissa.<\/p>\n<p class=\"article-body mb-nof-24 px-nof-16\">Tapolalla ei siis ole mik\u00e4\u00e4n pakottava tarve nimenomaan penkin taakse. H\u00e4n on toiminut urallaan parin vuoden ajan my\u00f6s Tapparan urheilujohtajana.<\/p>\n<p class=\"article-body mb-nof-24 px-nof-16\">\u2013 Se oli hieno kokemus, joka avarsi silmi\u00e4. P\u00e4\u00e4sin tutustumaan agentteihin ja maailmaan, mik\u00e4 on valmentamisen ulkopuolella.<\/p>\n<p class=\"article-body mb-nof-24 px-nof-16\">\u2013 Koska valmentaminen on hyvin paljon sit\u00e4, ett\u00e4 ollaan vain omassa ty\u00f6huoneessa ja joukkueen kanssa. V\u00e4h\u00e4n kuin pesukoneessa, joka k\u00e4ynnistyy, kun kausi alkaa. Siin\u00e4 ei n\u00e4e samalla tavalla kokonaiskuvaa.<\/p>\n<p><img decoding=\"async\" src=\"https:\/\/www.europesays.com\/fi\/wp-content\/uploads\/2025\/11\/1763670611_574_468.jpg\" alt=\"Tapola voitti Tapparan p\u00e4\u00e4valmentajana nelj\u00e4 Suomen mestaruutta (2016, 2017, 2022, 2023) ja CHL:n mestaruuden (2023).\" class=\"_Img_1rerz_1\" style=\"aspect-ratio:1.5\" loading=\"eager\"\/><\/p>\n<p class=\"article-picture-caption\">Tapola voitti Tapparan p\u00e4\u00e4valmentajana nelj\u00e4 Suomen mestaruutta (2016, 2017, 2022, 2023) ja CHL:n mestaruuden (2023). Kuva:\u00a0Mika Kylm\u00e4niemi \/ AOP<\/p>\n<p class=\"article-body mb-nof-24 px-nof-16\">Sattumoisin SM-liigan suurseurassa HIFK:ssa olisi nyt urheilujohtajan palli vapaana.<\/p>\n<p class=\"article-body mb-nof-24 px-nof-16\">\u2013 Samoja uutisia ollaan luettu, Tapola hym\u00e4ht\u00e4\u00e4.<\/p>\n<p class=\"article-body mb-nof-24 px-nof-16\">\u2013 Varmasti siell\u00e4 asiantunteva porukka tekee kovaa kartoitusty\u00f6t\u00e4 t\u00e4ll\u00e4 hetkell\u00e4.<\/p>\n<p class=\"article-body mb-nof-24 px-nof-16\">Viime aikojen julkisessa keskustelussa Tapolaa on py\u00f6ritelty k\u00e4rkiehdokkaaksi Leijonien seuraavaksi p\u00e4\u00e4valmentajaksi.<\/p>\n<p class=\"article-body mb-nof-24 px-nof-16\">Maajoukkueen nykyisen k\u00e4skij\u00e4n <a class=\"article-personlink\" href=\"https:\/\/www.is.fi\/haku\/?query=Antti%20Pennasen\" rel=\"nofollow noopener\" target=\"_blank\">Antti Pennasen<\/a> sopimus p\u00e4\u00e4ttyy t\u00e4h\u00e4n kauteen. Sopimukseen sis\u00e4ltyy my\u00f6s optio tulevasta. Toistaiseksi Pennasen tulokset maajoukkueessa ovat kuitenkin olleet sen verran vaisuja, ett\u00e4 spekulaatio h\u00e4nen seuraajastaan on alkanut.<\/p>\n<p class=\"article-body mb-nof-24 px-nof-16\">Leijonien p\u00e4\u00e4valmentajan paikka on eitt\u00e4m\u00e4tt\u00e4 suomalaisvalmentajien pyramidin huippu.<\/p>\n<p class=\"article-body mb-nof-24 px-nof-16\">\u2013 Enemm\u00e4n olen miettinyt, ett\u00e4 miten pystyisin apuvalmentajana voittamaan mestaruuden ja auttamaan sek\u00e4 Pendoa ett\u00e4 joukkuetta, Tapola vastaa p\u00e4\u00e4valmentajahaaveista tai -tavoitteista kysytt\u00e4ess\u00e4.<\/p>\n<p class=\"article-body mb-nof-24 px-nof-16\">\u2013 Olen aina suhtautunut j\u00e4\u00e4kiekkomaailmaan niin, ett\u00e4 olen ollut \u00e4\u00e4rimm\u00e4isen onnekas. Minulle on sattunut hyvi\u00e4 paikkoja. Iso osa menestyksest\u00e4 on my\u00f6s tuuria, ett\u00e4 sattuu olemaan oikeassa paikassa oikeaan aikaan.<\/p>\n<p><img decoding=\"async\" src=\"https:\/\/www.europesays.com\/fi\/wp-content\/uploads\/2025\/11\/1763670612_667_468.jpg\" alt=\"Tapola toimi Leijonien apuvalmentajana viime kev\u00e4\u00e4n MM-kisoissa Tukholmassa.\" class=\"_Img_1rerz_1\" style=\"aspect-ratio:1.5\" loading=\"eager\"\/><\/p>\n<p class=\"article-picture-caption\">Tapola toimi Leijonien apuvalmentajana viime kev\u00e4\u00e4n MM-kisoissa Tukholmassa. Kuva:\u00a0Jukka Ritola \/ Aamulehti<\/p>\n<p class=\"article-body mb-nof-24 px-nof-16\">\u2013 Suhtaudun edelleen tulevaisuuteen niin, ett\u00e4 kun tekee ty\u00f6ns\u00e4 ahkerasti ja hyvin, sitten yleens\u00e4 l\u00f6ytyy joku paikka. On se sitten seurajoukkueessa tai maajoukkueessa. En min\u00e4 tee systemaattisesti t\u00f6it\u00e4 sen eteen, ett\u00e4 olisin joskus maajoukkueen p\u00e4\u00e4valmentaja tai joku muu.<\/p>\n<p class=\"article-body mb-nof-24 px-nof-16\">Tapolan mukaan sek\u00e4 ulkomailla jatkaminen ett\u00e4 kotimaahan paluu ovat ensi kaudeksi vaihtoehtoja.<\/p>\n<p class=\"article-body mb-nof-24 px-nof-16\">\u2013 Projekti on p\u00e4\u00e4asia. Jos on mielenkiintoinen ja kaikin puolin houkutteleva juttu, se on t\u00e4rkein.<\/p>\n<p class=\"article-body mb-nof-24 px-nof-16\">\u2013 Ei maalla tai toimenkuvalla ole v\u00e4li\u00e4, vaan projektin pit\u00e4\u00e4 olla haastava ja mielenkiintoinen.<\/p>\n<p class=\"article-body mb-nof-24 px-nof-16\">Sek\u00e4 Leijonien p\u00e4\u00e4valmentajuus ett\u00e4 HIFK:n urheilujohtajana toimiminen eitt\u00e4m\u00e4tt\u00e4 t\u00e4ytt\u00e4isiv\u00e4t kriteereist\u00e4 ainakin \u201dhaastavan\u201d, luultavasti my\u00f6s \u201dmielenkiintoisen\u201d.<\/p>\n<p><img decoding=\"async\" src=\"https:\/\/www.europesays.com\/fi\/wp-content\/uploads\/2025\/11\/1763670612_866_468.jpg\" alt=\"Jussi Tapola haluaa seuraavaksi \u201dhaastavan ja mielenkiintoisen\u201d projektin.\" class=\"_Img_1rerz_1\" style=\"aspect-ratio:1.5\" loading=\"eager\"\/><\/p>\n<p class=\"article-picture-caption\">Jussi Tapola haluaa seuraavaksi \u201dhaastavan ja mielenkiintoisen\u201d projektin. Kuva:\u00a0Tomi Natri \/ All Over Press<\/p>\n<p class=\"article-body mb-nof-24 px-nof-16\">Maajoukkueen apuvalmentajana Tapolan seuraava ty\u00f6keikka on kolmen viikon kuluttua ohjelmassa oleva Sveitsin EHT-turnaus.<\/p>\n<p class=\"article-body mb-nof-24 px-nof-16\">Helmikuun Milanon olympialaisiin Tapola ei kuitenkaan l\u00e4hde. Alun perin Leijonien suunnitelmana oli, ett\u00e4 <a class=\"article-personlink\" href=\"https:\/\/www.is.fi\/haku\/?query=Ville%20Peltonen\" rel=\"nofollow noopener\" target=\"_blank\">Ville Peltonen <\/a>korvaa olympialaisissa juuri Tapolan.<\/p>\n<p class=\"article-body mb-nof-24 px-nof-16\">Syksyn aikana tilanne keikahtikin niin, ett\u00e4 Peltosesta tuli Geneven p\u00e4\u00e4valmentaja ja Tapolasta ty\u00f6t\u00f6n. Olympiasuunnitelmia ei kuitenkaan muutettu. Tai muutettiin sen verran, ett\u00e4 Peltonen otettiin mukaan my\u00f6s EHT-turnauksiin.<\/p>\n<p class=\"article-body mb-nof-24 px-nof-16\">\u2013 Suunnitelmat Milanoon oli tehty sill\u00e4 tiedolla, ett\u00e4 olen Berniss\u00e4. Se on reilu peli kaikkien osalta.<\/p>\n<p class=\"article-body mb-nof-24 px-nof-16\">\u2013 Siell\u00e4 on loistava valmennustiimi, Tapola kehuu.<\/p>\n<p class=\"article-body mb-nof-24 px-nof-16\">Olympialaisissa Pennasen apulaisina toimivat Peltosen lis\u00e4ksi <a class=\"article-personlink\" href=\"https:\/\/www.is.fi\/haku\/?query=Mikko%20Manner\" rel=\"nofollow noopener\" target=\"_blank\">Mikko Manner<\/a> ja NHL:st\u00e4 saapuva <a class=\"article-personlink\" href=\"https:\/\/www.is.fi\/haku\/?query=Tuomo%20Ruutu\" rel=\"nofollow noopener\" target=\"_blank\">Tuomo Ruutu<\/a>.<\/p>\n<p class=\"article-body mb-nof-24 px-nof-16\">\u2013 Koen my\u00f6s valmentamisessa niin, ett\u00e4 jos siell\u00e4 liikaa p\u00e4it\u00e4 ly\u00f6 yhteen, niin ei siit\u00e4k\u00e4\u00e4n mit\u00e4\u00e4n tule. M\u00e4\u00e4r\u00e4 ei korvaa laatua.<\/p>\n<p class=\"article-body mb-nof-24 px-nof-16\">\u2013 Ei se ole itsellek\u00e4\u00e4n kivaa olla valmentajana, jos ei ole hyv\u00e4\u00e4 roolia ja tietty\u00e4 vastuualuetta.<\/p>\n<p><img decoding=\"async\" src=\"https:\/\/www.europesays.com\/fi\/wp-content\/uploads\/2025\/11\/1762716849_134_468.jpg\" alt=\"Marraskuun alussa Tampereen EHT-turnauksessa Leijonien penkin takana oli ruuhkaa.\" class=\"_Img_1rerz_1\" style=\"aspect-ratio:1.5\" loading=\"eager\"\/><\/p>\n<p class=\"article-picture-caption\">Marraskuun alussa Tampereen EHT-turnauksessa Leijonien penkin takana oli ruuhkaa. Kuva:\u00a0Tomi Natri \/ All Over Press<\/p>\n<p class=\"article-body mb-nof-24 px-nof-16\">Viime aikoina Tapola on ehtinyt my\u00f6s seurata kiivaana vellovaa keskustelua suomalaisen sarjaj\u00e4\u00e4kiekon tulevaisuudesta. Suomi-kiekon tuomionp\u00e4iv\u00e4n on m\u00e4\u00e4r\u00e4 olla ensi torstai 27. marraskuuta, jolloin SM-liiga j\u00e4rjest\u00e4\u00e4 yhti\u00f6kokouksen.<\/p>\n<p class=\"article-body mb-nof-24 px-nof-16\">\u2013 Kaikkien tuttujen kanssa sit\u00e4 on puhuttu ja todettu, ett\u00e4 on kyll\u00e4 \u00e4\u00e4rimm\u00e4isen haastava homma, Tapola sanoo.<\/p>\n<p class=\"article-body mb-nof-24 px-nof-16\">\u2013 Jokainen meist\u00e4 tiet\u00e4\u00e4, ett\u00e4 sarjaa pit\u00e4isi kaventaa ja Jokerit saada mukaan.<\/p>\n<p class=\"article-body mb-nof-24 px-nof-16\">Kuten monien muidenkin my\u00f6s Tapolan mielest\u00e4 12+10 joukkueen sarjamalli olisi paras vaihtoehto.<\/p>\n<p class=\"article-body mb-nof-24 px-nof-16\">\u2013 Mutta mitk\u00e4 olisivat ne joukkueet Mestiksest\u00e4, jotka olisivat t\u00e4ss\u00e4 mukana? Ja pystyisiv\u00e4t vastaamaan nykyisten liigajoukkueiden standardiin. Onko siell\u00e4 edes resursseja tai mahdollisuuksia t\u00e4llaiseen?<\/p>\n<p class=\"article-body mb-nof-24 px-nof-16\">\u2013 Siihen ainakaan min\u00e4 en ole l\u00f6yt\u00e4nyt viel\u00e4 vastausta. Ettei k\u00e4y niin, ett\u00e4 alempaan sarjaan joutuvien toiminta hiipuu merkitt\u00e4v\u00e4sti.<\/p>\n<p class=\"article-body mb-nof-24 px-nof-16\">Jos ehdotettu 12+10-malli toteutuu. Siihen p\u00e4\u00e4sisi mukaan Jokerien lis\u00e4ksi my\u00f6s viisi muuta nykyist\u00e4 Mestis-joukkuetta.<\/p>\n<p class=\"article-body mb-nof-24 px-nof-16\">\u2013 Jos taas tulisi 14+10, niin kuilu sarjojen v\u00e4lill\u00e4 kasvaisi varmasti viel\u00e4kin isommaksi.<\/p>\n<p class=\"article-body mb-nof-24 px-nof-16\">\u2013 En mill\u00e4\u00e4n n\u00e4e, ett\u00e4 alempaan sarjaan riitt\u00e4isi silloin riitt\u00e4v\u00e4sti hyvi\u00e4 joukkueita, vaan olisi iso riski, ett\u00e4 sinne putoavien liigaseurojen toiminta romahtaa, Tapola pohtii.<\/p>\n","protected":false},"excerpt":{"rendered":"Jussi Tapolaa on spekuloitu Leijonien p\u00e4\u00e4valmentajaksi ja nyt my\u00f6s HIFK:n seuraavaksi urheilujohtajaksi. Toistaiseksi mestarivalmentaja tarkkailee tilannetta Sveitsiss\u00e4 ja&hellip;\n","protected":false},"author":2,"featured_media":95549,"comment_status":"","ping_status":"","sticky":false,"template":"","format":"standard","meta":{"footnotes":""},"categories":[158],"tags":[33,31,30,34,159,32,160],"class_list":{"0":"post-95548","1":"post","2":"type-post","3":"status-publish","4":"format-standard","5":"has-post-thumbnail","7":"category-urheilu","8":"tag-fi","9":"tag-finland","10":"tag-finnish","11":"tag-ilta-sanomat","12":"tag-sports","13":"tag-suomi","14":"tag-urheilu"},"share_on_mastodon":{"url":"https:\/\/pubeurope.com\/@fi\/115583924673840965","error":""},"_links":{"self":[{"href":"https:\/\/www.europesays.com\/fi\/wp-json\/wp\/v2\/posts\/95548","targetHints":{"allow":["GET"]}}],"collection":[{"href":"https:\/\/www.europesays.com\/fi\/wp-json\/wp\/v2\/posts"}],"about":[{"href":"https:\/\/www.europesays.com\/fi\/wp-json\/wp\/v2\/types\/post"}],"author":[{"embeddable":true,"href":"https:\/\/www.europesays.com\/fi\/wp-json\/wp\/v2\/users\/2"}],"replies":[{"embeddable":true,"href":"https:\/\/www.europesays.com\/fi\/wp-json\/wp\/v2\/comments?post=95548"}],"version-history":[{"count":0,"href":"https:\/\/www.europesays.com\/fi\/wp-json\/wp\/v2\/posts\/95548\/revisions"}],"wp:featuredmedia":[{"embeddable":true,"href":"https:\/\/www.europesays.com\/fi\/wp-json\/wp\/v2\/media\/95549"}],"wp:attachment":[{"href":"https:\/\/www.europesays.com\/fi\/wp-json\/wp\/v2\/media?parent=95548"}],"wp:term":[{"taxonomy":"category","embeddable":true,"href":"https:\/\/www.europesays.com\/fi\/wp-json\/wp\/v2\/categories?post=95548"},{"taxonomy":"post_tag","embeddable":true,"href":"https:\/\/www.europesays.com\/fi\/wp-json\/wp\/v2\/tags?post=95548"}],"curies":[{"name":"wp","href":"https:\/\/api.w.org\/{rel}","templated":true}]}}