{"id":95554,"date":"2025-11-20T20:35:09","date_gmt":"2025-11-20T20:35:09","guid":{"rendered":"https:\/\/www.europesays.com\/fi\/95554\/"},"modified":"2025-11-20T20:35:09","modified_gmt":"2025-11-20T20:35:09","slug":"istuvaa-presidenttia-donald-trumpia-ei-kutsuttu-dick-cheneyn-hautajaisiin","status":"publish","type":"post","link":"https:\/\/www.europesays.com\/fi\/95554\/","title":{"rendered":"Istuvaa presidentti\u00e4 Donald Trumpia ei kutsuttu Dick Cheneyn hautajaisiin"},"content":{"rendered":"<p>Entinen varapresidentti haudattiin torstaina.<\/p>\n<p>Hautajaismenot pidettiin torstaiaamup\u00e4iv\u00e4n\u00e4 Yhdysvaltojen aikaan Washingtonin kansalliskatedraalissa.Video: Reuters<\/p>\n<p class=\"article-body mb-nof-24 px-nof-16\">Yhdysvaltain entinen varapresidentti <a class=\"article-personlink\" href=\"https:\/\/www.is.fi\/haku\/?query=Dick%20Cheney\" rel=\"nofollow noopener\" target=\"_blank\">Dick Cheney<\/a> haudattiin torstaina.<\/p>\n<p class=\"article-body mb-nof-24 px-nof-16\">Ennen tilaisuutta maan uutismediat kertoivat melkoisen yll\u00e4tyksen, kun nykyist\u00e4 istuvaa presidentti\u00e4 <a class=\"article-personlink\" href=\"https:\/\/www.is.fi\/haku\/?query=Donald%20Trumpia\" rel=\"nofollow noopener\" target=\"_blank\">Donald Trumpia<\/a> ei oltu kutsuttu tunnetun republikaanipoliitikon hautajaisiin. My\u00f6sk\u00e4\u00e4n nykyinen varapresidentti <a class=\"article-personlink\" href=\"https:\/\/www.is.fi\/haku\/?query=J.%20D.%20Vance\" rel=\"nofollow noopener\" target=\"_blank\">J. D. Vance<\/a> ei lukeutunut kutsuttuihin.<\/p>\n<p class=\"article-body mb-nof-24 px-nof-16\">Asiasta uutisoi ensimm\u00e4inen uutissivusto <a class=\"article-genericlink\" href=\"https:\/\/www.axios.com\/2025\/11\/20\/trump-dick-cheney-funeral-snub\" rel=\"nofollow noopener\" target=\"_blank\">Axios<\/a> asiaa l\u00e4hell\u00e4 olevan l\u00e4hteeseen perustuen.<\/p>\n<p class=\"article-body mb-nof-24 px-nof-16\">Sen sijaan hautajaisissa n\u00e4htiin entiset presidentit <a class=\"article-personlink\" href=\"https:\/\/www.is.fi\/haku\/?query=Joe%20Biden\" rel=\"nofollow noopener\" target=\"_blank\">Joe Biden<\/a> ja <a class=\"article-personlink\" href=\"https:\/\/www.is.fi\/haku\/?query=George%20W.%20Bush\" rel=\"nofollow noopener\" target=\"_blank\">George W. Bush<\/a> sek\u00e4 kaikki nelj\u00e4 entist\u00e4 varapresidentti\u00e4 <a class=\"article-personlink\" href=\"https:\/\/www.is.fi\/haku\/?query=Kamala%20Harris\" rel=\"nofollow noopener\" target=\"_blank\">Kamala Harris<\/a>, <a class=\"article-personlink\" href=\"https:\/\/www.is.fi\/haku\/?query=Mike%20Pence\" rel=\"nofollow noopener\" target=\"_blank\">Mike Pence<\/a>, <a class=\"article-personlink\" href=\"https:\/\/www.is.fi\/haku\/?query=Al%20Gore\" rel=\"nofollow noopener\" target=\"_blank\">Al Gore<\/a> ja <a class=\"article-personlink\" href=\"https:\/\/www.is.fi\/haku\/?query=Dan%20Quayle\" rel=\"nofollow noopener\" target=\"_blank\">Dan Quayle<\/a>.<\/p>\n<p><img decoding=\"async\" src=\"https:\/\/www.europesays.com\/fi\/wp-content\/uploads\/2025\/11\/1763670909_702_468.jpg\" alt=\"Tilaisuuteen saapui koko maan entinen elossa oleva ylin valtionjohto.\" class=\"_Img_1rerz_1\" style=\"aspect-ratio:1.5011727912431587\" loading=\"eager\"\/><\/p>\n<p class=\"article-picture-caption\">Tilaisuuteen saapui koko maan entinen elossa oleva ylin valtionjohto. Kuva:\u00a0Saul Loeb \/ AFP<\/p>\n<p class=\"article-body mb-nof-24 px-nof-16\">Yhdysvaltalaisen CNN:n mukaan paikalle odotettiin saapuvan yhteens\u00e4 yli 1\u202f000 vierasta.<\/p>\n<p class=\"article-body mb-nof-24 px-nof-16\">Hautajaismenot pidettiin torstaiaamup\u00e4iv\u00e4n\u00e4 Yhdysvaltojen aikaan Washingtonin kansalliskatedraalissa.<\/p>\n<p class=\"article-body mb-nof-24 px-nof-16\">Cheney kuoli 84-vuotiaana kotonaan 3. marraskuuta perheen l\u00e4sn\u00e4 ollessa. H\u00e4nen kerrotaan menehtyneen keuhkokuumeen ja syd\u00e4n- ja verisuonitaudin aiheuttamiin komplikaatioihin.<\/p>\n<p class=\"article-body mb-nof-24 px-nof-16\">H\u00e4n toimi George W. Bushin varapresidenttin\u00e4 vuosina 2001\u20132009. Cheney oli yksi Yhdysvaltojen vaikutusvaltaisimmista varapresidenteist\u00e4 nykyaikana ja terrorisminvastaisen sodan p\u00e4\u00e4arkkitehti, <a class=\"article-genericlink\" href=\"https:\/\/edition.cnn.com\/2025\/11\/04\/politics\/dick-cheney-death-obit\" rel=\"nofollow noopener\" target=\"_blank\">CNN<\/a> kuvaili.<\/p>\n<p><img decoding=\"async\" src=\"https:\/\/www.europesays.com\/fi\/wp-content\/uploads\/2025\/11\/1763670909_6_468.jpg\" alt=\"Dick Cheneyn arkku kuljetettiin siunaustilaisuuteen arvokkain menoin.\" class=\"_Img_1rerz_1\" style=\"aspect-ratio:1.4169741697416973\" loading=\"eager\"\/><\/p>\n<p class=\"article-picture-caption\">Dick Cheneyn arkku kuljetettiin siunaustilaisuuteen arvokkain menoin. Kuva:\u00a0Anna Moneymaker \/ AFP<\/p>\n","protected":false},"excerpt":{"rendered":"Entinen varapresidentti haudattiin torstaina. Hautajaismenot pidettiin torstaiaamup\u00e4iv\u00e4n\u00e4 Yhdysvaltojen aikaan Washingtonin kansalliskatedraalissa.Video: Reuters Yhdysvaltain entinen varapresidentti Dick Cheney haudattiin&hellip;\n","protected":false},"author":2,"featured_media":95555,"comment_status":"","ping_status":"","sticky":false,"template":"","format":"standard","meta":{"footnotes":""},"categories":[14],"tags":[22,23,26,27,33,31,30,17,34,24,25,28,29,15,18,21,32,19,20,56,16,59,60,61],"class_list":{"0":"post-95554","1":"post","2":"type-post","3":"status-publish","4":"format-standard","5":"has-post-thumbnail","7":"category-ulkomaat","8":"tag-breaking-news","9":"tag-breakingnews","10":"tag-featured-news","11":"tag-featurednews","12":"tag-fi","13":"tag-finland","14":"tag-finnish","15":"tag-headlines","16":"tag-ilta-sanomat","17":"tag-latest-news","18":"tag-latestnews","19":"tag-main-news","20":"tag-mainnews","21":"tag-news","22":"tag-otsikot","23":"tag-paauutiset","24":"tag-suomi","25":"tag-top-stories","26":"tag-topstories","27":"tag-ulkomaat","28":"tag-uutiset","29":"tag-world","30":"tag-world-news","31":"tag-worldnews"},"share_on_mastodon":{"url":"https:\/\/pubeurope.com\/@fi\/115583944209435989","error":""},"_links":{"self":[{"href":"https:\/\/www.europesays.com\/fi\/wp-json\/wp\/v2\/posts\/95554","targetHints":{"allow":["GET"]}}],"collection":[{"href":"https:\/\/www.europesays.com\/fi\/wp-json\/wp\/v2\/posts"}],"about":[{"href":"https:\/\/www.europesays.com\/fi\/wp-json\/wp\/v2\/types\/post"}],"author":[{"embeddable":true,"href":"https:\/\/www.europesays.com\/fi\/wp-json\/wp\/v2\/users\/2"}],"replies":[{"embeddable":true,"href":"https:\/\/www.europesays.com\/fi\/wp-json\/wp\/v2\/comments?post=95554"}],"version-history":[{"count":0,"href":"https:\/\/www.europesays.com\/fi\/wp-json\/wp\/v2\/posts\/95554\/revisions"}],"wp:featuredmedia":[{"embeddable":true,"href":"https:\/\/www.europesays.com\/fi\/wp-json\/wp\/v2\/media\/95555"}],"wp:attachment":[{"href":"https:\/\/www.europesays.com\/fi\/wp-json\/wp\/v2\/media?parent=95554"}],"wp:term":[{"taxonomy":"category","embeddable":true,"href":"https:\/\/www.europesays.com\/fi\/wp-json\/wp\/v2\/categories?post=95554"},{"taxonomy":"post_tag","embeddable":true,"href":"https:\/\/www.europesays.com\/fi\/wp-json\/wp\/v2\/tags?post=95554"}],"curies":[{"name":"wp","href":"https:\/\/api.w.org\/{rel}","templated":true}]}}