{"id":95568,"date":"2025-11-20T20:57:08","date_gmt":"2025-11-20T20:57:08","guid":{"rendered":"https:\/\/www.europesays.com\/fi\/95568\/"},"modified":"2025-11-20T20:57:08","modified_gmt":"2025-11-20T20:57:08","slug":"tassa-konkurssissa-se-ei-enaa-tuntunut-miltaan-auri-kanasen-rankan-synnytyksen-toinen-video-julki","status":"publish","type":"post","link":"https:\/\/www.europesays.com\/fi\/95568\/","title":{"rendered":"&#8221;T\u00e4ss\u00e4 konkurssissa se ei en\u00e4\u00e4 tuntunut milt\u00e4\u00e4n&#8221; \u2013 Auri Kanasen rankan synnytyksen toinen video julki"},"content":{"rendered":"<p>Julkaisimme eilen keskiviikkona <a href=\"https:\/\/www.voice.fi\/viihde\/onneksi-en-tiennyt-mita-on-tulossa-auri-kananen-julkaisi-synnytysvideon\" target=\"_blank\" rel=\"noreferrer noopener nofollow\">ensimm\u00e4isen osan<\/a> yritt\u00e4j\u00e4-somevaikuttaja <strong>Auri Kanasen<\/strong> synnytysvideosarjasta.<\/p>\n<p>Ensimm\u00e4isess\u00e4 osassa Kananen kertoi synnytyksens\u00e4 alkupuolen etenemisest\u00e4.<\/p>\n<p>Nyt katsottavissa on my\u00f6s toinen osa, jolla pitk\u00e4 rupeama konkretisoituu toden teolla.<\/p>\n<p>Kananen julkaisi videon <a href=\"https:\/\/www.instagram.com\/aurikatariinasuomi\/\" target=\"_blank\" rel=\"noreferrer noopener nofollow\">Instagram-tilill\u00e4\u00e4n<\/a> saatetekstill\u00e4 \u201ct\u00e4llasta kokemusta et saa kyll\u00e4 ostettua rahalla.\u201d<\/p>\n<p>Ensimm\u00e4isen videon lopussa Kananen puolisoineen saapui synnytyssairaalaan, josta alkaa toisen videon kertomus.<\/p>\n<p>Sairaalassa Kananen sai ensimm\u00e4ist\u00e4 kertaa synnytyskipuihinsa l\u00e4\u00e4kett\u00e4, ja kolmannen kipupiikin j\u00e4lkeen h\u00e4n kertoo saaneensa hetken aikaa nukuttua.<\/p>\n<p>Lue my\u00f6s: <a href=\"https:\/\/www.voice.fi\/viihde\/onneksi-en-tiennyt-mita-on-tulossa-auri-kananen-julkaisi-synnytysvideon\" title=\"\u201dOnneksi en tiennyt, mit\u00e4 on tulossa\u201d \u2013 Auri Kananen julkaisi synnytysvideon\" class=\"underline-custom !font-montserrat !font-bold !underline-offset-4 !decoration-4 !decoration-tilt-light !text-md\" rel=\"nofollow noopener\" target=\"_blank\">\u201dOnneksi en tiennyt, mit\u00e4 on tulossa\u201d \u2013 Auri Kananen julkaisi synnytysvideon<\/a><\/p>\n<p>Lue my\u00f6s: <a href=\"https:\/\/www.voice.fi\/koti\/a-213722\" title=\"MTV: Siivousguru Auri Kananen jakaa ikkunanpesuvinkkins\u00e4 \u2013 tiskiaineen kanssa oltava varovainen\" class=\"underline-custom !font-montserrat !font-bold !underline-offset-4 !decoration-4 !decoration-tilt-light !text-md\" rel=\"nofollow noopener\" target=\"_blank\">MTV: Siivousguru Auri Kananen jakaa ikkunanpesuvinkkins\u00e4 \u2013 tiskiaineen kanssa oltava varovainen<\/a><\/p>\n<p>H\u00e4nelle tarjottiin kipuihin my\u00f6s ilokaasua, josta h\u00e4n kertoo saaneensa harhoja. Videolla n\u00e4kyykin hiukan sekavan oloinen Kananen, joka puhuu muun muassa kissoista ja labyrinteist\u00e4.<\/p>\n<p>Kaikki kivunlievitys ei kuitenkaan toiminut.<\/p>\n<p>\u2013 Epiduraali oli vuosisadan kusetus, puuskahtaa Kananen.<\/p>\n<p>Lauantaina aamulla kello 9:00 kuvatussa p\u00e4tk\u00e4ss\u00e4 Kananen kertoo olevansa puolitoista sentti\u00e4 auki, eli avautumista oli tapahtunut vain puoli senttimetri\u00e4 12 tunnin aikana.<\/p>\n<p>Samana aamuna Kananen kertoo saaneensa my\u00f6s fentanyyli\u00e4, jonka avulla h\u00e4n sai sy\u00f6ty\u00e4 aamupalan supistusten v\u00e4liss\u00e4.<\/p>\n<p>Synnytyksen hitaan etenemisen vuoksi Kananen kertoo, ett\u00e4 h\u00e4nelt\u00e4 p\u00e4\u00e4dyttiin puhkaisemaan kalvot. L\u00e4\u00e4k\u00e4ri oli luvannut, ettei toimenpide satu, mutta Kanasella oli toinen mielipide.<\/p>\n<p>Lue my\u00f6s: <a href=\"https:\/\/www.voice.fi\/hullu-maailma\/a-146955\" title=\"Kuva synnytyssalista on jakanut ihmisten mielipiteet kahtia \u2013 onko mielest\u00e4si hauska vai t\u00f6rke\u00e4?\" class=\"underline-custom !font-montserrat !font-bold !underline-offset-4 !decoration-4 !decoration-tilt-light !text-md\" rel=\"nofollow noopener\" target=\"_blank\">Kuva synnytyssalista on jakanut ihmisten mielipiteet kahtia \u2013 onko mielest\u00e4si hauska vai t\u00f6rke\u00e4?<\/a><\/p>\n<p>Lue my\u00f6s: <a href=\"https:\/\/www.voice.fi\/hullu-maailma\/a-123455\" title=\"Nainen synnytti sairaalan aulassa alle minuutissa! Katso uskomaton video\" class=\"underline-custom !font-montserrat !font-bold !underline-offset-4 !decoration-4 !decoration-tilt-light !text-md\" rel=\"nofollow noopener\" target=\"_blank\">Nainen synnytti sairaalan aulassa alle minuutissa! Katso uskomaton video<\/a><\/p>\n<p>\u2013 Voin kertoa, ett\u00e4 se kipu oli ihan infernaalinen.<\/p>\n<p>Supistukset olivat niin kipeit\u00e4, ett\u00e4 Kananen kertoo poistuneensa kehostaan kipujen vuoksi.<\/p>\n<p>\u2013 T\u00e4\u00e4 ei oo mik\u00e4\u00e4n vitsi.<\/p>\n<p>Yhteens\u00e4 Kanaselle laitettiin 10 epiduraalia.<\/p>\n<p>Videolla Kananen itkee supistustensa keskell\u00e4, ettei h\u00e4n usko ihmiseen voivan sattua enemp\u00e4\u00e4.<\/p>\n<p>Synnytyksen oltua k\u00e4ynniss\u00e4 yli 48 tuntia avautuminen alkoi vihdoin edet\u00e4, ja Kananen kertoo videolla olevansa 4 sentti\u00e4 auki.<\/p>\n<p>Kananen ylist\u00e4\u00e4 videolla useammassa kohdassa sairaalan henkil\u00f6kuntaa. H\u00e4n kertoo jutelleensa k\u00e4til\u00f6n kanssa siit\u00e4, miten ihmiset ovat aikaisemmin selvinneet synnytyksist\u00e4. K\u00e4til\u00f6 kertoi Kanaselle, ett\u00e4 ennen synnytettiin nuorempana jolloin se on fyysisesti helpompaa.<\/p>\n<p>\u2013 Jos s\u00e4 oot 18 vee niin s\u00e4 vaan tuut t\u00e4nne ja tyyliin ysk\u00e4set sen vauvan pihalle.<\/p>\n<p>Lauantain ja sunnuntain v\u00e4lisen\u00e4 y\u00f6n\u00e4 Kananen kertoo videolla olleensa 9,5 cm auki ja p\u00e4\u00e4sseens\u00e4 vihdoin ponnistamaan.<\/p>\n<p>\u2013 Mulla oli iso vauva, joten mua jouduttiin my\u00f6s leikkaamaan alhaalta auki. Voin kertoa, ettei se tuntunut t\u00e4ss\u00e4 konkurssissa en\u00e4\u00e4 yht\u00e4\u00e4n milt\u00e4\u00e4n.<\/p>\n<p>Synnytyksen k\u00e4ynnistymisest\u00e4 79 tuntia my\u00f6hemmin video p\u00e4\u00e4ttyy suloisiin kuviin vauvasta ja tuoreista vanhemmista.<\/p>\n<p>Kokemuksestaan huolimatta Kananen sanoo, ettei synnytyst\u00e4 kannata pel\u00e4t\u00e4.<\/p>\n<p>\u2013 T\u00e4ss\u00e4 on paras palkinto ikin\u00e4.<\/p>\n<p>\t\t\t\t\t\t<script async src=\"\/\/www.instagram.com\/embed.js\"><\/script><\/p>\n","protected":false},"excerpt":{"rendered":"Julkaisimme eilen keskiviikkona ensimm\u00e4isen osan yritt\u00e4j\u00e4-somevaikuttaja Auri Kanasen synnytysvideosarjasta. Ensimm\u00e4isess\u00e4 osassa Kananen kertoi synnytyksens\u00e4 alkupuolen etenemisest\u00e4. Nyt katsottavissa&hellip;\n","protected":false},"author":2,"featured_media":95569,"comment_status":"","ping_status":"","sticky":false,"template":"","format":"standard","meta":{"footnotes":""},"categories":[130],"tags":[2444,137,33,31,30,2675,32,17978,109],"class_list":{"0":"post-95568","1":"post","2":"type-post","3":"status-publish","4":"format-standard","5":"has-post-thumbnail","7":"category-viihde","8":"tag-auri-kananen","9":"tag-entertainment","10":"tag-fi","11":"tag-finland","12":"tag-finnish","13":"tag-instagram","14":"tag-suomi","15":"tag-synnytys","16":"tag-viihde"},"share_on_mastodon":{"url":"https:\/\/pubeurope.com\/@fi\/115584030659861440","error":""},"_links":{"self":[{"href":"https:\/\/www.europesays.com\/fi\/wp-json\/wp\/v2\/posts\/95568","targetHints":{"allow":["GET"]}}],"collection":[{"href":"https:\/\/www.europesays.com\/fi\/wp-json\/wp\/v2\/posts"}],"about":[{"href":"https:\/\/www.europesays.com\/fi\/wp-json\/wp\/v2\/types\/post"}],"author":[{"embeddable":true,"href":"https:\/\/www.europesays.com\/fi\/wp-json\/wp\/v2\/users\/2"}],"replies":[{"embeddable":true,"href":"https:\/\/www.europesays.com\/fi\/wp-json\/wp\/v2\/comments?post=95568"}],"version-history":[{"count":0,"href":"https:\/\/www.europesays.com\/fi\/wp-json\/wp\/v2\/posts\/95568\/revisions"}],"wp:featuredmedia":[{"embeddable":true,"href":"https:\/\/www.europesays.com\/fi\/wp-json\/wp\/v2\/media\/95569"}],"wp:attachment":[{"href":"https:\/\/www.europesays.com\/fi\/wp-json\/wp\/v2\/media?parent=95568"}],"wp:term":[{"taxonomy":"category","embeddable":true,"href":"https:\/\/www.europesays.com\/fi\/wp-json\/wp\/v2\/categories?post=95568"},{"taxonomy":"post_tag","embeddable":true,"href":"https:\/\/www.europesays.com\/fi\/wp-json\/wp\/v2\/tags?post=95568"}],"curies":[{"name":"wp","href":"https:\/\/api.w.org\/{rel}","templated":true}]}}