{"id":95582,"date":"2025-11-20T21:22:09","date_gmt":"2025-11-20T21:22:09","guid":{"rendered":"https:\/\/www.europesays.com\/fi\/95582\/"},"modified":"2025-11-20T21:22:09","modified_gmt":"2025-11-20T21:22:09","slug":"nhlssa-uskomaton-tilanne-tata-ei-ole-tapahtunut-koskaan-ennen","status":"publish","type":"post","link":"https:\/\/www.europesays.com\/fi\/95582\/","title":{"rendered":"NHL:ss\u00e4 uskomaton tilanne \u2013 t\u00e4t\u00e4 ei ole tapahtunut koskaan ennen"},"content":{"rendered":"<p>K\u00e4rjess\u00e4 jyll\u00e4\u00e4 odotuksiin vastannut kvartetti.<\/p>\n<p>Asiantuntija Joonas Donskoi lytt\u00e4\u00e4 Connor McDavidin johtaman Edmontonin NHL-joukkueen.<\/p>\n<p class=\"article-body mb-nof-24 px-nof-16\">NHL:n pistep\u00f6rssin nelj\u00e4n k\u00e4rki on historiallinen. Liigan nelj\u00e4 parasta pistemiest\u00e4 ovat entisi\u00e4 ykk\u00f6skierroksen varauksia.<\/p>\n<p class=\"article-body mb-nof-24 px-nof-16\">Vastaavaa ei tiett\u00e4v\u00e4sti ole tapahtunut koskaan aikaisemmin.<\/p>\n<p class=\"article-body mb-nof-24 px-nof-16\">\u2013\u2009Totisesti todistamme erityist\u00e4 lahjakkuutta, B\/R Open Ice julisti.<\/p>\n<p class=\"article-body mb-nof-24 px-nof-16\">Pistep\u00f6rssin ykk\u00f6spaikkaa ennen Suomen aikaa varhain perjantaina pelattavia otteluita pit\u00e4\u00e4 Coloradon <a class=\"article-personlink\" href=\"https:\/\/www.is.fi\/haku\/?query=Nathan%20MacKinnon\" rel=\"nofollow noopener\" target=\"_blank\">Nathan MacKinnon<\/a> (tehot 14+19) ennen Edmontonin <a class=\"article-personlink\" href=\"https:\/\/www.is.fi\/haku\/?query=Connor%20McDavidia\" rel=\"nofollow noopener\" target=\"_blank\">Connor McDavidia<\/a> (9+23), San Josen <a class=\"article-personlink\" href=\"https:\/\/www.is.fi\/haku\/?query=Macklin%20Celebrini%C3%A4\" rel=\"nofollow noopener\" target=\"_blank\">Macklin Celebrini\u00e4<\/a> (13+17) ja Chicagon <a class=\"article-personlink\" href=\"https:\/\/www.is.fi\/haku\/?query=Connor%20Bedardia\" rel=\"nofollow noopener\" target=\"_blank\">Connor Bedardia<\/a> (13+16).<\/p>\n<p class=\"article-body mb-nof-24 px-nof-16\">Colorado varasi MacKinnonin ykk\u00f6sen\u00e4 2013, Edmonton McDavidin 2015, Chicago Bedardin 2023 ja San Jose Celebrinin 2024.<\/p>\n<p class=\"article-body mb-nof-24 px-nof-16\">Kokeneet MacKinnon ja McDavid ovat ehtineet takoa urallaan jo hurjia pistem\u00e4\u00e4ri\u00e4. MacKinnon paukutti enn\u00e4tyskaudellaan 2023\u20132024 per\u00e4ti 140 tehopistett\u00e4.<\/p>\n<p class=\"article-body mb-nof-24 px-nof-16\">McDavidin paras tehokausi oli 2022\u20132023, jona h\u00e4n ylsi 153 tehopisteeseen.<\/p>\n","protected":false},"excerpt":{"rendered":"K\u00e4rjess\u00e4 jyll\u00e4\u00e4 odotuksiin vastannut kvartetti. Asiantuntija Joonas Donskoi lytt\u00e4\u00e4 Connor McDavidin johtaman Edmontonin NHL-joukkueen. NHL:n pistep\u00f6rssin nelj\u00e4n k\u00e4rki&hellip;\n","protected":false},"author":2,"featured_media":95583,"comment_status":"","ping_status":"","sticky":false,"template":"","format":"standard","meta":{"footnotes":""},"categories":[158],"tags":[33,31,30,34,159,32,160],"class_list":{"0":"post-95582","1":"post","2":"type-post","3":"status-publish","4":"format-standard","5":"has-post-thumbnail","7":"category-urheilu","8":"tag-fi","9":"tag-finland","10":"tag-finnish","11":"tag-ilta-sanomat","12":"tag-sports","13":"tag-suomi","14":"tag-urheilu"},"share_on_mastodon":{"url":"https:\/\/pubeurope.com\/@fi\/115584129096033459","error":""},"_links":{"self":[{"href":"https:\/\/www.europesays.com\/fi\/wp-json\/wp\/v2\/posts\/95582","targetHints":{"allow":["GET"]}}],"collection":[{"href":"https:\/\/www.europesays.com\/fi\/wp-json\/wp\/v2\/posts"}],"about":[{"href":"https:\/\/www.europesays.com\/fi\/wp-json\/wp\/v2\/types\/post"}],"author":[{"embeddable":true,"href":"https:\/\/www.europesays.com\/fi\/wp-json\/wp\/v2\/users\/2"}],"replies":[{"embeddable":true,"href":"https:\/\/www.europesays.com\/fi\/wp-json\/wp\/v2\/comments?post=95582"}],"version-history":[{"count":0,"href":"https:\/\/www.europesays.com\/fi\/wp-json\/wp\/v2\/posts\/95582\/revisions"}],"wp:featuredmedia":[{"embeddable":true,"href":"https:\/\/www.europesays.com\/fi\/wp-json\/wp\/v2\/media\/95583"}],"wp:attachment":[{"href":"https:\/\/www.europesays.com\/fi\/wp-json\/wp\/v2\/media?parent=95582"}],"wp:term":[{"taxonomy":"category","embeddable":true,"href":"https:\/\/www.europesays.com\/fi\/wp-json\/wp\/v2\/categories?post=95582"},{"taxonomy":"post_tag","embeddable":true,"href":"https:\/\/www.europesays.com\/fi\/wp-json\/wp\/v2\/tags?post=95582"}],"curies":[{"name":"wp","href":"https:\/\/api.w.org\/{rel}","templated":true}]}}