{"id":95584,"date":"2025-11-20T21:23:10","date_gmt":"2025-11-20T21:23:10","guid":{"rendered":"https:\/\/www.europesays.com\/fi\/95584\/"},"modified":"2025-11-20T21:23:10","modified_gmt":"2025-11-20T21:23:10","slug":"taidetoimikunta-palkitsi-musiikin-satakuntalaisen-voimahahmon-jussi-lehtisalon-satakunta","status":"publish","type":"post","link":"https:\/\/www.europesays.com\/fi\/95584\/","title":{"rendered":"Taidetoimikunta palkitsi musiikin satakuntalaisen voimahahmon Jussi Lehtisalon | Satakunta"},"content":{"rendered":"<p class=\"aw-1gybjub aw-5vja16 kEtdKx kmuxyA yle__article__paragraph\">Porilainen Jussi Lehtisalo palkitaan ennakko\u00adluulottomasta ja monialaisesta ty\u00f6st\u00e4 taiteilijana.<\/p>\n<p><img decoding=\"async\" alt=\"Jussi Lehtisalo, Ektro Recordsin johtaja.\" src=\"https:\/\/www.europesays.com\/fi\/wp-content\/uploads\/2025\/11\/39-5477635c811e11e77fd.jpeg\" class=\"aw-1l9m598 hKVVvP\"\/><\/p>\n<p>Avaa kuvien katselu<\/p>\n<p>Jussi Lehtisalolle my\u00f6nnettiin vuoden 2025 Satakunnan taidepalkinto. Arkistokuva. Kuva: Tero Nikulainen\/Yle<\/p>\n<p class=\"aw-1gybjub aw-1p7kakr kEtdKx cEmitX yle__article__paragraph\">Satakunnan taidetoimikunta on p\u00e4\u00e4tt\u00e4nyt my\u00f6nt\u00e4\u00e4 vuoden Satakunnan taidepalkinnon porilaismuusikko <strong class=\"aw-ak79eh KyCXm yle__article__strong\">Jussi Lehtisalolle<\/strong> h\u00e4nen pitk\u00e4aikaisesta ty\u00f6st\u00e4\u00e4n taiteen ja kulttuurin eteen.<\/p>\n<p class=\"aw-1gybjub aw-1p7kakr kEtdKx cEmitX yle__article__paragraph\">Palkinnon suuruus on 5\u00a0000 euroa.<\/p>\n<p class=\"aw-1gybjub aw-1p7kakr kEtdKx cEmitX yle__article__paragraph\">Lehtisalo on yksi Porin ja koko Suomen alakulttuurimusiikin keskeisimmist\u00e4 ja pitk\u00e4aikaisimmista voimahahmoista, Taiteen edist\u00e4miskeskus toteaa tiedotteessaan.<\/p>\n<p class=\"aw-1gybjub aw-1p7kakr kEtdKx cEmitX yle__article__paragraph\">Lehtisalo on vaikuttanut niin esiintyj\u00e4n\u00e4, taustalla levy-yhti\u00f6 Ektro Recordsin py\u00f6ritt\u00e4j\u00e4n\u00e4 kuin musiikkiverkostojen rakentajana.<\/p>\n<p class=\"aw-1gybjub aw-1p7kakr kEtdKx cEmitX yle__article__paragraph\">\u2013 Lehtisalon tinkim\u00e4t\u00f6n ty\u00f6 on synnytt\u00e4nyt lukuisia poikkitaiteellisia kokeiluja yhteisty\u00f6ss\u00e4 eri taiteenalojen tekij\u00f6iden kanssa.<\/p>\n<p class=\"aw-1gybjub aw-1p7kakr kEtdKx cEmitX yle__article__paragraph\">Esimerkkin\u00e4 Lehtisalon monialaisesta ty\u00f6st\u00e4 taidetoimikunta mainitsee <a class=\"aw-iao6s4 iHOxEa yle__article__link\" href=\"https:\/\/yle.fi\/a\/74-20140415\" role=\"link\" rel=\"nofollow noopener\" target=\"_blank\">Circle-yhtyeen Piste-n\u00e4yttelyn Porin taidemuseossa<\/a>, jossa musiikki ja kuvataide yhdistyiv\u00e4t ainutkertaisella tavalla.<\/p>\n","protected":false},"excerpt":{"rendered":"Porilainen Jussi Lehtisalo palkitaan ennakko\u00adluulottomasta ja monialaisesta ty\u00f6st\u00e4 taiteilijana. Avaa kuvien katselu Jussi Lehtisalolle my\u00f6nnettiin vuoden 2025 Satakunnan&hellip;\n","protected":false},"author":2,"featured_media":95585,"comment_status":"","ping_status":"","sticky":false,"template":"","format":"standard","meta":{"footnotes":""},"categories":[130],"tags":[18713,137,33,31,30,18712,47,2787,968,32,10152,109],"class_list":{"0":"post-95584","1":"post","2":"type-post","3":"status-publish","4":"format-standard","5":"has-post-thumbnail","7":"category-viihde","8":"tag-circle","9":"tag-entertainment","10":"tag-fi","11":"tag-finland","12":"tag-finnish","13":"tag-jussi-lehtisalo","14":"tag-musiikki","15":"tag-pori","16":"tag-satakunta","17":"tag-suomi","18":"tag-taiteen-edistamiskeskus","19":"tag-viihde"},"share_on_mastodon":{"url":"https:\/\/pubeurope.com\/@fi\/115584133224411104","error":""},"_links":{"self":[{"href":"https:\/\/www.europesays.com\/fi\/wp-json\/wp\/v2\/posts\/95584","targetHints":{"allow":["GET"]}}],"collection":[{"href":"https:\/\/www.europesays.com\/fi\/wp-json\/wp\/v2\/posts"}],"about":[{"href":"https:\/\/www.europesays.com\/fi\/wp-json\/wp\/v2\/types\/post"}],"author":[{"embeddable":true,"href":"https:\/\/www.europesays.com\/fi\/wp-json\/wp\/v2\/users\/2"}],"replies":[{"embeddable":true,"href":"https:\/\/www.europesays.com\/fi\/wp-json\/wp\/v2\/comments?post=95584"}],"version-history":[{"count":0,"href":"https:\/\/www.europesays.com\/fi\/wp-json\/wp\/v2\/posts\/95584\/revisions"}],"wp:featuredmedia":[{"embeddable":true,"href":"https:\/\/www.europesays.com\/fi\/wp-json\/wp\/v2\/media\/95585"}],"wp:attachment":[{"href":"https:\/\/www.europesays.com\/fi\/wp-json\/wp\/v2\/media?parent=95584"}],"wp:term":[{"taxonomy":"category","embeddable":true,"href":"https:\/\/www.europesays.com\/fi\/wp-json\/wp\/v2\/categories?post=95584"},{"taxonomy":"post_tag","embeddable":true,"href":"https:\/\/www.europesays.com\/fi\/wp-json\/wp\/v2\/tags?post=95584"}],"curies":[{"name":"wp","href":"https:\/\/api.w.org\/{rel}","templated":true}]}}