{"id":95588,"date":"2025-11-20T21:26:10","date_gmt":"2025-11-20T21:26:10","guid":{"rendered":"https:\/\/www.europesays.com\/fi\/95588\/"},"modified":"2025-11-20T21:26:10","modified_gmt":"2025-11-20T21:26:10","slug":"nokia-yhteistyohon-peter-sarlinin-tekoaly-yhtion-kanssa","status":"publish","type":"post","link":"https:\/\/www.europesays.com\/fi\/95588\/","title":{"rendered":"Nokia yhteisty\u00f6h\u00f6n Peter Sarlinin teko\u00e4ly-yhti\u00f6n kanssa"},"content":{"rendered":"<p>Nokia kertoi eilen perustavansa erillisen Nokia Defense -yksik\u00f6n puolustusteollisuudelle suunnatuille ratkaisuille.<\/p>\n<p class=\"article-body mb-nof-24 px-nof-16\">Verkkolaiteyhti\u00f6 Nokia aloittaa yhteisty\u00f6n <a class=\"article-personlink\" href=\"https:\/\/www.is.fi\/haku\/?query=Peter%20Sarlinin\" rel=\"nofollow noopener\" target=\"_blank\">Peter Sarlinin<\/a> NestAI-yhti\u00f6n kanssa teko\u00e4lypohjaisten puolustusratkaisujen kehitt\u00e4miseksi.<\/p>\n<p class=\"article-body mb-nof-24 px-nof-16\">Strategisella kumppanuudella halutaan lis\u00e4ksi vauhdittaa innovaatioita teko\u00e4lypohjaisissa kriittisen infrastruktuurin ratkaisuissa.<\/p>\n<p class=\"article-body mb-nof-24 px-nof-16\">Nokia ja valtion p\u00e4\u00e4omasijoitusyhti\u00f6 Suomen Teollisuussijoitus investoivat Sarlinin yhti\u00f6\u00f6n yhteens\u00e4 sata miljoonaa euroa. Sarlin on NestAI:n hallituksen puheenjohtaja.<\/p>\n<p class=\"article-body mb-nof-24 px-nof-16\">Nokia kertoi eilen perustavansa erillisen Nokia Defense -yksik\u00f6n puolustusteollisuudelle suunnatuille ratkaisuille.<\/p>\n","protected":false},"excerpt":{"rendered":"Nokia kertoi eilen perustavansa erillisen Nokia Defense -yksik\u00f6n puolustusteollisuudelle suunnatuille ratkaisuille. Verkkolaiteyhti\u00f6 Nokia aloittaa yhteisty\u00f6n Peter Sarlinin NestAI-yhti\u00f6n&hellip;\n","protected":false},"author":2,"featured_media":95589,"comment_status":"","ping_status":"","sticky":false,"template":"","format":"standard","meta":{"footnotes":""},"categories":[76],"tags":[79,77,33,31,30,34,32,78],"class_list":{"0":"post-95588","1":"post","2":"type-post","3":"status-publish","4":"format-standard","5":"has-post-thumbnail","7":"category-talous","8":"tag-business","9":"tag-economy","10":"tag-fi","11":"tag-finland","12":"tag-finnish","13":"tag-ilta-sanomat","14":"tag-suomi","15":"tag-talous"},"share_on_mastodon":{"url":"https:\/\/pubeurope.com\/@fi\/115584144880207064","error":""},"_links":{"self":[{"href":"https:\/\/www.europesays.com\/fi\/wp-json\/wp\/v2\/posts\/95588","targetHints":{"allow":["GET"]}}],"collection":[{"href":"https:\/\/www.europesays.com\/fi\/wp-json\/wp\/v2\/posts"}],"about":[{"href":"https:\/\/www.europesays.com\/fi\/wp-json\/wp\/v2\/types\/post"}],"author":[{"embeddable":true,"href":"https:\/\/www.europesays.com\/fi\/wp-json\/wp\/v2\/users\/2"}],"replies":[{"embeddable":true,"href":"https:\/\/www.europesays.com\/fi\/wp-json\/wp\/v2\/comments?post=95588"}],"version-history":[{"count":0,"href":"https:\/\/www.europesays.com\/fi\/wp-json\/wp\/v2\/posts\/95588\/revisions"}],"wp:featuredmedia":[{"embeddable":true,"href":"https:\/\/www.europesays.com\/fi\/wp-json\/wp\/v2\/media\/95589"}],"wp:attachment":[{"href":"https:\/\/www.europesays.com\/fi\/wp-json\/wp\/v2\/media?parent=95588"}],"wp:term":[{"taxonomy":"category","embeddable":true,"href":"https:\/\/www.europesays.com\/fi\/wp-json\/wp\/v2\/categories?post=95588"},{"taxonomy":"post_tag","embeddable":true,"href":"https:\/\/www.europesays.com\/fi\/wp-json\/wp\/v2\/tags?post=95588"}],"curies":[{"name":"wp","href":"https:\/\/api.w.org\/{rel}","templated":true}]}}