{"id":95592,"date":"2025-11-20T21:28:10","date_gmt":"2025-11-20T21:28:10","guid":{"rendered":"https:\/\/www.europesays.com\/fi\/95592\/"},"modified":"2025-11-20T21:28:10","modified_gmt":"2025-11-20T21:28:10","slug":"tassa-on-suomen-kaunein-koti","status":"publish","type":"post","link":"https:\/\/www.europesays.com\/fi\/95592\/","title":{"rendered":"T\u00e4ss\u00e4 on Suomen kaunein koti!"},"content":{"rendered":"<p>Suomen kauneimman kodin voittaja ratkesi t\u00e4n\u00e4 iltana MTV3:lla.<\/p>\n<p><img decoding=\"async\" class=\"image image-show image-preview\" src=\"https:\/\/www.europesays.com\/fi\/wp-content\/uploads\/2025\/11\/77b7605d661e874d6d4a71effcebba245efa73a4bd125cb2419da95090099e15.jpg\" alt=\"\"\/><img decoding=\"async\" class=\"image image-show\" src=\"https:\/\/www.europesays.com\/fi\/wp-content\/uploads\/2025\/11\/1763674090_259_77b7605d661e874d6d4a71effcebba245efa73a4bd125cb2419da95090099e15.jpg\" alt=\"\"\/><\/p>\n<p>Arja ja Seppo \u00c4ik\u00e4ksen koti sijaitsee levollisessa maisemassa j\u00e4rven rannalla Pohjois-Pohjanmaalla. MTV3<\/p>\n<p class=\"paragraph\">Suomen kaunein koti vuosimallia 2025 on nyt selvill\u00e4.<\/p>\n<p class=\"paragraph\">Voiton vei katsojien ennakkosuosikki: Pudasj\u00e4rven Rytingiss\u00e4 Pohjois-Pohjanmaalla sijaitseva hirsitalo. Se valittiin loppukisaan mukaan viimeisen\u00e4 ja kenties koko kauden erikoisimpana kotina. Vuonna 1805 rakennetun talon erikoisuutena nimitt\u00e4in on, ettei sis\u00e4lle tule lainkaan juoksevaa vett\u00e4. Peseytyminen tapahtuu ulkosaunassa.<\/p>\n<p class=\"paragraph\">\u2013\u2009T\u00e4llainen el\u00e4m\u00e4ntapa edellytt\u00e4\u00e4 vaivann\u00e4k\u00f6\u00e4 ja voi s\u00e4teill\u00e4 koko el\u00e4m\u00e4\u00e4n rauhaa ja merkityksellisyytt\u00e4. Se ei sovi kaikille, tuomari, arkkitehti <strong>Pekka Pakkanen<\/strong> arvioi tv:ss\u00e4, kun jakso esitettiin.<\/p>\n<p>Pekka Pakkanen (vas.) ja Hanna Sumari (oik.) kukittivat voittajat, \u00c4ik\u00e4ksen pariskunnan. Kolmas tuomari Joanna Amemori oli sairastunut eik\u00e4 siksi p\u00e4\u00e4ssyt mukaan. MTV3<\/p>\n<p class=\"paragraph\">Tuomareilta Rytinki ei saanut koko esityskauden parhaimpia pisteit\u00e4, siis kymppirivi\u00e4, mutta ysirivin kuitenkin.<\/p>\n<p class=\"paragraph\">Omistajia kolme pistett\u00e4 vajaat t\u00e4ydet pisteet eiv\u00e4t j\u00e4\u00e4neet harmittamaan. Luotto voittoon oli siit\u00e4 huolimatta kova.<\/p>\n<p class=\"paragraph\">\u2013\u2009Olisin ollut pettynyt, jos emme olisi voittaneet, <strong>Arja \u00c4ik\u00e4s<\/strong> tunnusti viimeisess\u00e4 jaksossa.<\/p>\n<p class=\"paragraph\">H\u00e4n on ajan hermolla ja tietoinen siit\u00e4, ett\u00e4 moni asia on h\u00e4nen ja <strong>Seppo \u00c4ik\u00e4ksen<\/strong> kodissa kohdillaan. Se ei ole vaalea eik\u00e4 liioin mustavalkoinen \u2013 eik\u00e4 se sijaitse etel\u00e4ss\u00e4. Arjan mukaan heid\u00e4n kodilleen on olemassa markkinarako.<\/p>\n<p class=\"paragraph\">\u2013\u2009T\u00e4m\u00e4 on pohjoisessa ja hiell\u00e4 tehty. Ja sitten viel\u00e4 t\u00e4m\u00e4 historia. Olen tyytyv\u00e4inen, ett\u00e4 oli eti\u00e4inen ja n\u00e4in tapahtui, Arja kiitteli ohjelmassa.<\/p>\n<p>Aamu Rytingiss\u00e4 alkaa sill\u00e4, ett\u00e4 piisiin eli tulisijaan sytytet\u00e4\u00e4n tulet. MTV3<\/p>\n<p class=\"paragraph\">Seppo puolestaan oli mieliss\u00e4\u00e4n kodin saamasta my\u00f6nteisest\u00e4 julkisuudesta. Se on h\u00e4nest\u00e4 jo arvo sin\u00e4ns\u00e4 nykyp\u00e4iv\u00e4n\u00e4.<\/p>\n<p class=\"paragraph\">\u2013\u2009Niin paljon v\u00e4h\u00e4tell\u00e4\u00e4n vanhojen rakennusten arvoa.<\/p>\n<p>Voittajakoti on kalustettu kirpputoreilta ja antiikkikaupoista hankituilla huonekaluilla. MTV3<\/p>\n<p>Arjan suku on k\u00e4sity\u00f6l\u00e4issuku, ja my\u00f6s Arja itse on k\u00e4sist\u00e4\u00e4n taitava. MTV3<\/p>\n<p> \u2013\u2009Haluamme el\u00e4\u00e4 t\u00e4\u00e4ll\u00e4 niin kuin esi-is\u00e4t ovat asuneet, Arja taustoitti esittelyjaksossa h\u00e4nen ja Seppo-puolison ajatusmaailmaa.  MTV3<\/p>\n<p class=\"paragraph\">Suomen kauneimman kodin finaali uusitaan huomenna perjantaina Avalla kello 16.00. Jakso l\u00f6ytyy my\u00f6s koko muun kauden tavoin Katsomosta. <a href=\"https:\/\/www.iltalehti.fi\/telkku\/\" rel=\"nofollow noopener\" target=\"_blank\">Katso kaikki\u00a0TV-ohjelmat ja l\u00e4hetysajat Telkun TV-oppaasta<\/a>.<\/p>\n","protected":false},"excerpt":{"rendered":"Suomen kauneimman kodin voittaja ratkesi t\u00e4n\u00e4 iltana MTV3:lla. Arja ja Seppo \u00c4ik\u00e4ksen koti sijaitsee levollisessa maisemassa j\u00e4rven rannalla&hellip;\n","protected":false},"author":2,"featured_media":95593,"comment_status":"","ping_status":"","sticky":false,"template":"","format":"standard","meta":{"footnotes":""},"categories":[12],"tags":[35,36,22,23,26,27,33,31,30,17,543,24,25,28,29,15,18,21,979,32,19,20,140,139,16],"class_list":{"0":"post-95592","1":"post","2":"type-post","3":"status-publish","4":"format-standard","5":"has-post-thumbnail","7":"category-suomi","8":"tag-24h","9":"tag-asuintalot-ja-asunnot","10":"tag-breaking-news","11":"tag-breakingnews","12":"tag-featured-news","13":"tag-featurednews","14":"tag-fi","15":"tag-finland","16":"tag-finnish","17":"tag-headlines","18":"tag-koti-ja-asuminen","19":"tag-latest-news","20":"tag-latestnews","21":"tag-main-news","22":"tag-mainnews","23":"tag-news","24":"tag-otsikot","25":"tag-paauutiset","26":"tag-sahkoinen-media","27":"tag-suomi","28":"tag-top-stories","29":"tag-topstories","30":"tag-tv-ja-elokuvat","31":"tag-tv-ohjelmat","32":"tag-uutiset"},"share_on_mastodon":{"url":"https:\/\/pubeurope.com\/@fi\/115584153464649362","error":""},"_links":{"self":[{"href":"https:\/\/www.europesays.com\/fi\/wp-json\/wp\/v2\/posts\/95592","targetHints":{"allow":["GET"]}}],"collection":[{"href":"https:\/\/www.europesays.com\/fi\/wp-json\/wp\/v2\/posts"}],"about":[{"href":"https:\/\/www.europesays.com\/fi\/wp-json\/wp\/v2\/types\/post"}],"author":[{"embeddable":true,"href":"https:\/\/www.europesays.com\/fi\/wp-json\/wp\/v2\/users\/2"}],"replies":[{"embeddable":true,"href":"https:\/\/www.europesays.com\/fi\/wp-json\/wp\/v2\/comments?post=95592"}],"version-history":[{"count":0,"href":"https:\/\/www.europesays.com\/fi\/wp-json\/wp\/v2\/posts\/95592\/revisions"}],"wp:featuredmedia":[{"embeddable":true,"href":"https:\/\/www.europesays.com\/fi\/wp-json\/wp\/v2\/media\/95593"}],"wp:attachment":[{"href":"https:\/\/www.europesays.com\/fi\/wp-json\/wp\/v2\/media?parent=95592"}],"wp:term":[{"taxonomy":"category","embeddable":true,"href":"https:\/\/www.europesays.com\/fi\/wp-json\/wp\/v2\/categories?post=95592"},{"taxonomy":"post_tag","embeddable":true,"href":"https:\/\/www.europesays.com\/fi\/wp-json\/wp\/v2\/tags?post=95592"}],"curies":[{"name":"wp","href":"https:\/\/api.w.org\/{rel}","templated":true}]}}