{"id":95598,"date":"2025-11-20T21:34:09","date_gmt":"2025-11-20T21:34:09","guid":{"rendered":"https:\/\/www.europesays.com\/fi\/95598\/"},"modified":"2025-11-20T21:34:09","modified_gmt":"2025-11-20T21:34:09","slug":"ely-keskukset-palvelevat-jatkossa-elinvoimakeskuksina-jarviseudun-sanomat","status":"publish","type":"post","link":"https:\/\/www.europesays.com\/fi\/95598\/","title":{"rendered":"ELY-keskukset palvelevat jatkossa elinvoimakeskuksina \u2013 J\u00e4rviseudun sanomat"},"content":{"rendered":"<p>Vuoden 2026 alusta Suomeen perustetaan kymmenen alueellista elinvoimakeskusta. Samalla nykyiset 15 ELY-keskusta lakkautetaan. Aluehallintovirastoista, Valvirasta ja ELY-keskusten ymp\u00e4rist\u00f6n-, vesien- ja luonnonsuojelun lupa-, ohjaus- ja valvontateht\u00e4vist\u00e4 muodostetaan valtakunnallinen Lupa- ja valvontavirasto. ELY-keskuksen joukkoliikenneteht\u00e4v\u00e4t sijoittuvat jatkossa Traficomiin. Etel\u00e4-Pohjanmaalle perustetaan elinvoimakeskus, jonka toimialat ovat elinkeinot ja osaaminen, maaseutu ja ymp\u00e4rist\u00f6 sek\u00e4 liikenne.\u00a0\u00a0<\/p>\n<p>Etel\u00e4-Pohjanmaan elinvoimakeskus toimii jatkossakin paikallisesti ja p\u00e4\u00e4toimipaikka tulee olemaan Sein\u00e4joella, ja toimipaikat my\u00f6s Vaasassa ja Kokkolassa. <\/p>\n<p>-Teemme tiivist\u00e4 yhteisty\u00f6t\u00e4 muiden elinvoimakeskusten, Lupa- ja valvontaviraston sek\u00e4 sidosryhmiemme ja kumppaneidemme kanssa.\u00a0\u00a0<\/p>\n<p>Maatalouteen ja maaseudun kehitt\u00e4miseen liittyv\u00e4t teht\u00e4v\u00e4t s\u00e4ilyv\u00e4t ennallaan\u00a0Etel\u00e4-Pohjanmaan elinvoimakeskuksessa.\u00a0<\/p>\n<p>-P\u00e4\u00e4asialliset teht\u00e4v\u00e4mme liittyv\u00e4t maatalouden rakennekehityksen ja maatilojen kilpailukyvyn sek\u00e4 sukupolvenvaihdosten edist\u00e4miseen ett\u00e4 tukemiseen. Monipuolistamme, uudistamme ja lis\u00e4\u00e4mme maaseudun elinkeinotoimintaa sek\u00e4 asuin- ja toimintaymp\u00e4rist\u00f6\u00e4 hanke- ja yritystukien keinoin. Hallinnoimme valtakunnallista ravinteiden kierr\u00e4tyksen kokeiluohjelmaa. Ohjelmasta rahoitetaan sek\u00e4 TKI-hankkeita ett\u00e4 yritysinvestointeja. Maaseudun yritystukihakemukset k\u00e4sitell\u00e4\u00e4n elinvoimakeskuksessa jatkossa maaseutuyksik\u00f6ss\u00e4. Tukien my\u00f6nt\u00e4misen lis\u00e4ksi vastaamme tuettujen toimien maksatuksiin ja korkotukilainojen nostolupiin liittyvist\u00e4 teht\u00e4vist\u00e4, kerrotaan ELY-keskuksen tiedotteessa.<\/p>\n<p>Mainos<\/p>\n<p><a data-no-instant=\"1\" href=\"https:\/\/www.jarviseudunsanomat.fi\/arkisto\/mainos\/sankysoffa\/\" rel=\"noopener nofollow\" class=\"a2t-link\" target=\"_blank\" aria-label=\"Jarviseudunsanomat 1911 300x300px\"><img loading=\"lazy\" decoding=\"async\" src=\"data:image\/svg+xml,%3Csvg%20xmlns=\" http:=\"\" alt=\"Jarviseudunsanomat 1911 300x300px\" data-lazy- data-lazy- width=\"300\" height=\"300\" data-lazy-src=\"https:\/\/www.europesays.com\/fi\/wp-content\/uploads\/2025\/11\/Jarviseudunsanomat_1911_300x300px.png\"\/><\/a><\/p>\n<p>-Viljelij\u00e4tukien neuvonta, koulutus, hallinnointi sek\u00e4 valvontatoimet ovat keskeinen osa teht\u00e4vi\u00e4mme. Elintarviketurvallisuuden, kasvien ja el\u00e4inten terveyden varmistaminen ja valvonta kuuluu osaksi valvontateht\u00e4v\u00e4kokonaisuuttamme. Teemme tiivist\u00e4 yhteisty\u00f6t\u00e4 kuntien maaseutuhallinnon yhteistoiminta-alueiden kanssa. Edist\u00e4mme maatalouden ymp\u00e4rist\u00f6nsuojelua, vesien tilan parantamista, luonnon monimuotoisuutta sek\u00e4 luomutuotantoa.\u00a0<\/p>\n<p>-Muutos elinvoimakeskuksiksi ei edellyt\u00e4 tukea saaneilta asiakkailtamme mit\u00e4\u00e4n toimenpiteit\u00e4.\u00a0 Vuoden vaihteessa saattaa olla katkoksia k\u00e4yt\u00f6ss\u00e4mme olevissa sovelluksissa, muun muassa HYRR\u00c4 ja tukisovellus.\u00a0<\/p>\n<p>Maaseutuyksikk\u00f6 toimii edelleen jatkossa Sein\u00e4joella. <\/p>\n<p>-Tutut asiantuntijat palvelevat asiakkaitamme ja kumppaneitamme my\u00f6s jatkossa.\u00a0<\/p>\n<p>Lue my\u00f6s n\u00e4m\u00e4 <\/p>\n","protected":false},"excerpt":{"rendered":"Vuoden 2026 alusta Suomeen perustetaan kymmenen alueellista elinvoimakeskusta. Samalla nykyiset 15 ELY-keskusta lakkautetaan. Aluehallintovirastoista, Valvirasta ja ELY-keskusten ymp\u00e4rist\u00f6n-,&hellip;\n","protected":false},"author":2,"featured_media":95599,"comment_status":"","ping_status":"","sticky":false,"template":"","format":"standard","meta":{"footnotes":""},"categories":[113],"tags":[8773,16330,446,33,31,30,1445,118,32,119,4203,16,18714,447],"class_list":{"0":"post-95598","1":"post","2":"type-post","3":"status-publish","4":"format-standard","5":"has-post-thumbnail","7":"category-ymparisto","8":"tag-elinvoima","9":"tag-ely-keskus","10":"tag-environment","11":"tag-fi","12":"tag-finland","13":"tag-finnish","14":"tag-maatalous","15":"tag-science","16":"tag-suomi","17":"tag-tiede","18":"tag-tiedote","19":"tag-uutiset","20":"tag-vain-kotisivulla","21":"tag-ymparisto"},"share_on_mastodon":{"url":"https:\/\/pubeurope.com\/@fi\/115584176157362799","error":""},"_links":{"self":[{"href":"https:\/\/www.europesays.com\/fi\/wp-json\/wp\/v2\/posts\/95598","targetHints":{"allow":["GET"]}}],"collection":[{"href":"https:\/\/www.europesays.com\/fi\/wp-json\/wp\/v2\/posts"}],"about":[{"href":"https:\/\/www.europesays.com\/fi\/wp-json\/wp\/v2\/types\/post"}],"author":[{"embeddable":true,"href":"https:\/\/www.europesays.com\/fi\/wp-json\/wp\/v2\/users\/2"}],"replies":[{"embeddable":true,"href":"https:\/\/www.europesays.com\/fi\/wp-json\/wp\/v2\/comments?post=95598"}],"version-history":[{"count":0,"href":"https:\/\/www.europesays.com\/fi\/wp-json\/wp\/v2\/posts\/95598\/revisions"}],"wp:featuredmedia":[{"embeddable":true,"href":"https:\/\/www.europesays.com\/fi\/wp-json\/wp\/v2\/media\/95599"}],"wp:attachment":[{"href":"https:\/\/www.europesays.com\/fi\/wp-json\/wp\/v2\/media?parent=95598"}],"wp:term":[{"taxonomy":"category","embeddable":true,"href":"https:\/\/www.europesays.com\/fi\/wp-json\/wp\/v2\/categories?post=95598"},{"taxonomy":"post_tag","embeddable":true,"href":"https:\/\/www.europesays.com\/fi\/wp-json\/wp\/v2\/tags?post=95598"}],"curies":[{"name":"wp","href":"https:\/\/api.w.org\/{rel}","templated":true}]}}